{"id":27845,"date":"2024-11-25T16:21:55","date_gmt":"2024-11-25T15:21:55","guid":{"rendered":"https:\/\/www.ensembleintercontemporain.com\/?p=27845"},"modified":"2024-11-25T16:21:55","modified_gmt":"2024-11-25T15:21:55","slug":"edgard-varese-le-destin-de-la-musique-est-de-conquerir-la-liberte","status":"publish","type":"post","link":"https:\/\/www.ensembleintercontemporain.com\/en\/2024\/11\/edgard-varese-le-destin-de-la-musique-est-de-conquerir-la-liberte\/","title":{"rendered":"Edgard Var\u00e8se : &#8220;Le destin de la musique est de conqu\u00e9rir la libert\u00e9&#8221;."},"content":{"rendered":"<p><span style=\"font-size: 14pt;\"><img loading=\"lazy\" decoding=\"async\" class=\"aligncenter size-full wp-image-27872\" src=\"http:\/\/www.ensembleintercontemporain.com\/content\/uploads\/2024\/11\/varesemediathequgmahler-copie-1.jpg\" alt=\"\" width=\"1920\" height=\"1280\" srcset=\"https:\/\/www.ensembleintercontemporain.com\/content\/uploads\/2024\/11\/varesemediathequgmahler-copie-1.jpg 1920w, https:\/\/www.ensembleintercontemporain.com\/content\/uploads\/2024\/11\/varesemediathequgmahler-copie-1-300x200.jpg 300w, https:\/\/www.ensembleintercontemporain.com\/content\/uploads\/2024\/11\/varesemediathequgmahler-copie-1-1024x683.jpg 1024w, https:\/\/www.ensembleintercontemporain.com\/content\/uploads\/2024\/11\/varesemediathequgmahler-copie-1-768x512.jpg 768w, https:\/\/www.ensembleintercontemporain.com\/content\/uploads\/2024\/11\/varesemediathequgmahler-copie-1-1536x1024.jpg 1536w\" sizes=\"auto, (max-width: 1920px) 100vw, 1920px\" \/><br \/>\n<\/span><\/p>\n<p><strong><span style=\"font-size: 18pt;\">L<\/span><span style=\"color: #003366;\">e <\/span><a style=\"color: #003366;\" href=\"https:\/\/www.ensembleintercontemporain.com\/fr\/concert\/grand-soir-edgard-varese-2024-12-10-20h00-paris\/\">10 d\u00e9cembre, \u00e0 la Philharmonie de Paris,<\/a><span style=\"color: #003366;\"> l&#8217;Ensemble intercontemporain renforc\u00e9 par l&#8217;Orchestre du Conservatoire de Paris, consacrera tout un concert \u00e0 l&#8217;une des figures les plus <span style=\"caret-color: #003366;\">r\u00e9volutionnaires<\/span> de l&#8217;histoire de la musique : Edgard Var\u00e8se. L&#8217;occasion de d\u00e9couvrir ce texte du compositeur sur sa conception de la cr\u00e9ation musicale, extrait d&#8217;une conf\u00e9rence de 1954.\u00a0<\/span><\/strong><\/p>\n<p><span style=\"font-size: 14pt;\">Aujourd&#8217;hui, on doit se rendre compte un peu partout, car je le r\u00e9p\u00e8te depuis pr\u00e8s d&#8217;un demi-si\u00e8cle <\/span><span style=\"font-size: 14pt;\">au risque d&#8217;importuner les gens, que mon but a toujours \u00e9t\u00e9 la lib\u00e9ration du son et d&#8217;ouvrir largement \u00e0 la musique tout l&#8217;univers des sons. J&#8217;ai commenc\u00e9 tr\u00e8s jeune \u00e0 enfreindre les r\u00e8gles, conscient m\u00eame alors qu&#8217;elles m&#8217;emp\u00eachaient d&#8217;acc\u00e9der \u00e0 ce monde merveilleux &#8211; cet univers en perp\u00e9tuelle expansion. (\u2026) On a parfois mal compris la lutte que j&#8217;ai men\u00e9e pour la lib\u00e9ration du son et pour le droit de me servir de n&#8217;importe quel son, comme s&#8217;il s&#8217;agissait l\u00e0 du d\u00e9sir de ravaler et m\u00eame d&#8217;exclure la grande musique du pass\u00e9. Pourtant, mes racines plongent dans cette musique. Si original ou diff\u00e9rent qu&#8217;il paraisse, un compositeur n&#8217;a fait que greffer un petit peu de lui-m\u00eame \u00e0 la vieille plante. Mais il doit pouvoir le faire sans qu&#8217;on l&#8217;accuse de vouloir tuer la plante. Tout ce qu&#8217;il veut, c&#8217;est produire une fleur nouvelle.<\/span><br \/>\n<span style=\"font-size: 14pt;\">Il importe peu qu&#8217;\u00e0 premi\u00e8re vue, certaines gens y voient un cactus au lieu d&#8217;une rose. Les ma\u00eetres du pass\u00e9 sont pour moi des confr\u00e8res que je respecte et une longue et \u00e9troite amiti\u00e9 me lie \u00e0 eux. Ils ne sont pas de saintes momies &#8211; en fait, ils vivent tous. Les r\u00e8gles qu&#8217;ils fabriqu\u00e8rent \u00e0 leur usage ne sont pas sacro-saintes. Elles ne sont pas non plus des lois \u00e9ternelles. Lorsqu&#8217;on \u00e9coute la musique de Machaut, de P\u00e9rotin, Monteverdi, Bach ou Beethoven, nous nous rendons compte que nous sommes devant une mati\u00e8re vivante. Ils vivent dans le temps. Mais toute musique \u00e9crite, \u00e0 la fa\u00e7on d&#8217;un autre si\u00e8cle, est le fruit de la culture. Quelque souhaitable et confortable qu&#8217;une culture puisse \u00eatre, un artiste ne doit pas se reposer en elle. (\u2026)<\/span><br \/>\n<span style=\"font-size: 14pt;\">\u00c0 vingt ans, j&#8217;ai d\u00e9couvert une d\u00e9finition de la musique qui \u00e9claira soudain mes t\u00e2tonnements vers une musique que je sentais possible. C&#8217;est celle de Hoene-Wro\u0144ski, physicien, chimiste, musicologue et philosophe de la premi\u00e8re moiti\u00e9 du XIXe si\u00e8cle. Wronski a d\u00e9fini la musique comme \u00e9tant \u00ab la corporification de l&#8217;intelligence qui est dans les sons \u00bb. Je trouvais l\u00e0 pour la premi\u00e8re fois une conception de la musique parfaitement intelligible, \u00e0 la fois nouvelle et stimulante.<br \/>\nGr\u00e2ce \u00e0 elle, sans doute, je commen\u00e7ai \u00e0 concevoir la musique comme \u00e9tant spatiale, comme de mouvants corps sonores dans l&#8217;espace, conception que je d\u00e9veloppai graduellement et fis mienne. J&#8217;ai compris tr\u00e8s t\u00f4t qu&#8217;il me serait difficile ou impossible d&#8217;exprimer avec les moyens mis \u00e0 ma disposition les id\u00e9es qui me venaient. J&#8217;ai m\u00eame commenc\u00e9, d\u00e8s cette \u00e9poque, \u00e0 caresser le projet d&#8217;affranchir la musique du syst\u00e8me temp\u00e9r\u00e9, de la d\u00e9livrer des limitations impos\u00e9es par les instruments en usage et par toutes ces ann\u00e9es de mauvaises habitudes qu&#8217;on appelle, de fa\u00e7on erron\u00e9e, la tradition. J&#8217;\u00e9tudiai Helmholtz.<br \/>\n<\/span><span style=\"font-size: 14pt;\">Les exp\u00e9riences avec des sir\u00e8nes qu&#8217;il d\u00e9crit dans sa Physiologie du son me fascin\u00e8rent. Moi-m\u00eame, je me suis livr\u00e9 plus tard \u00e0 de modestes exp\u00e9riences et je d\u00e9couvris que je pouvais obtenir de belles paraboles et hyperboles sonores, qui me semblaient analogues \u00e0 celles que l&#8217;on trouve dans le monde comme instruments de musique dans deux de mes partitions : <em>Am\u00e9riques<\/em> (pour grand orchestre ; 1924) et <em>Ionisation<\/em> (pour groupe de percussions, 1913). J\u2019ai obtenu le m\u00eame effet, mais cette fois gr\u00e2ce \u00e0 un dispositif \u00e9lectronique, dans le <em>Po\u00e8me \u00e9lectronique <\/em>(diagramme ci-dessous).<\/span><\/p>\n<p><span style=\"font-size: 14pt;\"><img loading=\"lazy\" decoding=\"async\" class=\"aligncenter wp-image-27876\" src=\"http:\/\/www.ensembleintercontemporain.com\/content\/uploads\/2024\/11\/varese-diagramme-poeme-electronique-1958-1024x910.jpg\" alt=\"\" width=\"700\" height=\"622\" srcset=\"https:\/\/www.ensembleintercontemporain.com\/content\/uploads\/2024\/11\/varese-diagramme-poeme-electronique-1958-1024x910.jpg 1024w, https:\/\/www.ensembleintercontemporain.com\/content\/uploads\/2024\/11\/varese-diagramme-poeme-electronique-1958-300x266.jpg 300w, https:\/\/www.ensembleintercontemporain.com\/content\/uploads\/2024\/11\/varese-diagramme-poeme-electronique-1958-768x682.jpg 768w, https:\/\/www.ensembleintercontemporain.com\/content\/uploads\/2024\/11\/varese-diagramme-poeme-electronique-1958.jpg 1280w\" sizes=\"auto, (max-width: 700px) 100vw, 700px\" \/><\/span><\/p>\n<p><span style=\"font-size: 14pt;\">Je me rendis \u00e0 Berlin en 1907. J&#8217;y v\u00e9cus presque continuellement pendant les six ann\u00e9es qui suivirent. J&#8217;eus le bonheur de me lier \u00e9troitement avec Ferruccio Busoni malgr\u00e9 notre grande diff\u00e9rence d&#8217;\u00e2ge et d&#8217;importance. J&#8217;avais lu son remarquable petit livre intitul\u00e9 Une nouvelle esth\u00e9tique musicale. Il y affirmait quelque part : \u00ab La musique est n\u00e9e libre et son destin est de conqu\u00e9rir la libert\u00e9. \u00bb Je fus \u00e9tonn\u00e9 et boulevers\u00e9 de trouver quelqu&#8217;un d&#8217;autre &#8211; et un musicien par surcro\u00eet &#8211; qui partage\u00e2t cette conviction. Cela me donna le courage d&#8217;aller le voir avec mes id\u00e9es et mes partitions (\u2026). Je devins une sorte de Parsifal diabolique, \u00e0 la recherche non pas du Saint Graal mais de la bombe qui ferait exploser le monde musical et y laisserait entrer tous les sons par la br\u00e8che, sons, qu&#8217;\u00e0 l&#8217;\u00e9poque &#8211; et parfois m\u00eame aujourd&#8217;hui &#8211; on appelait bruits.<\/span><br \/>\n<span style=\"font-size: 14pt;\">Nous discutions, entre autres propos r\u00e9volutionnaires, de la n\u00e9cessit\u00e9 de d\u00e9livrer la musique du syst\u00e8me temp\u00e9r\u00e9 et, en cons\u00e9quence, du besoin d&#8217;instruments nouveaux. Plusieurs inventions \u00e9lectriques qui devaient r\u00e9volutionner la musique firent leur apparition \u00e0 cette \u00e9poque. Bien entendu, elles ne firent rien de semblable. Cependant, j&#8217;ai compris, gr\u00e2ce \u00e0 elles, que l&#8217;unique espoir d&#8217;obtenir des instruments capables d&#8217;\u00e9mettre des sons nouveaux n\u00e9cessitait une collaboration entre compositeurs et ing\u00e9nieurs sp\u00e9cialis\u00e9s. Ceci \u00e9tait bien avant que l&#8217;\u00e9lectronique ne f\u00fbt d\u00e9couverte et pr\u00e9c\u00e9dait plus encore l&#8217;utilisation par les compositeurs de ces machines \u00e9lectroniques que l&#8217;industrie a invent\u00e9es et r\u00e9serv\u00e9es \u00e0 son seul usage.<\/span><\/p>\n<p>&nbsp;<\/p>\n<p style=\"text-align: center;\"><em><img loading=\"lazy\" decoding=\"async\" class=\"aligncenter wp-image-27848\" src=\"http:\/\/www.ensembleintercontemporain.com\/content\/uploads\/2024\/11\/varese-ameriques-c-eic-dscf1942-1024x683.jpg\" alt=\"\" width=\"850\" height=\"567\" srcset=\"https:\/\/www.ensembleintercontemporain.com\/content\/uploads\/2024\/11\/varese-ameriques-c-eic-dscf1942-1024x683.jpg 1024w, https:\/\/www.ensembleintercontemporain.com\/content\/uploads\/2024\/11\/varese-ameriques-c-eic-dscf1942-300x200.jpg 300w, https:\/\/www.ensembleintercontemporain.com\/content\/uploads\/2024\/11\/varese-ameriques-c-eic-dscf1942-768x512.jpg 768w, https:\/\/www.ensembleintercontemporain.com\/content\/uploads\/2024\/11\/varese-ameriques-c-eic-dscf1942-1536x1024.jpg 1536w, https:\/\/www.ensembleintercontemporain.com\/content\/uploads\/2024\/11\/varese-ameriques-c-eic-dscf1942.jpg 1920w\" sizes=\"auto, (max-width: 850px) 100vw, 850px\" \/><span style=\"font-size: 10pt;\">Am\u00e9riques<\/span><\/em><span style=\"font-size: 10pt;\">, Philharmonie de Paris, 2015<\/span><\/p>\n<p><span style=\"font-size: 14pt;\">Ce n&#8217;est qu&#8217;en 1954 que j&#8217;eus, pour la premi\u00e8re fois, l&#8217;occasion de travailler dans un studio d&#8217;\u00e9lectronique, invit\u00e9 par Pierre Schaeffer \u00e0 mettre au point les rubans de <em>D\u00e9serts<\/em> au Studio d\u2019Essai de la R.T.F. \u00e0 Paris. Pendant la plus grande partie de mon existence, je me suis plut\u00f4t li\u00e9 avec les peintres, les po\u00e8tes, les architectes et les savants qu&#8217;avec les musiciens, quoique dans ma jeunesse, j&#8217;eus l&#8217;extraordinaire chance d\u2019\u00eatre parrain\u00e9 et aid\u00e9 par Debussy, Strauss, M\u00fcck, Mahler &#8211; m\u00eame Massenet &#8211; et ainsi que je l&#8217;ai d\u00e9j\u00e0 mentionn\u00e9, Busoni. Peut-\u00eatre est-ce la raison pour laquelle mon point de vue a \u00e9t\u00e9 si compl\u00e8tement diff\u00e9rent de celui de la plupart des musiciens. Ou, inversement, puisque mes conceptions avaient fait de moi un intouchable, musicalement parlant, j&#8217;ai recherch\u00e9 (et rencontr\u00e9) l&#8217;accueil et l&#8217;approbation chez ceux qui professaient d&#8217;autres arts. (\u2026)<br \/>\n<\/span><\/p>\n<p><span style=\"font-size: 14pt;\">Nous parlions, en principe, le m\u00eame langage malgr\u00e9 nos moyens d&#8217;expression diff\u00e9rents. R\u00e9cemment encore, il me fut donn\u00e9 de voir d&#8217;autres exemples de ce cheminement parall\u00e8le. Ainsi, on rapporte cette affirmation de Braque faite durant une interview : \u00ab Un tableau est termin\u00e9 lorsque plus rien ne reste de l&#8217;id\u00e9e premi\u00e8re. \u00bb Et Picasso, interview\u00e9 lui aussi en juin dernier, d\u00e9clarait \u00e0 peu pr\u00e8s la m\u00eame chose : \u00ab On prend son bien o\u00f9 on le trouve\u2026 Vous commencez un tableau avec une certaine id\u00e9e puis vous vous apercevez qu&#8217;il devient quelque chose de tout \u00e0 fait autre. \u00bb Ceci remua chez moi de vagues souvenirs et, en fouillant mes papiers, je tombai sur un num\u00e9ro de l&#8217;ann\u00e9e mil neuf cent vingt-quatre de la revue Eolus. J&#8217;y \u00e9crivais : \u00ab L&#8217;impulsion peut venir d&#8217;une id\u00e9e, d&#8217;une image, d&#8217;une phrase, de tout ce qui peut causer un choc, d\u00e9clencher le courant \u00e9motif pour ainsi dire. Mais cet objet qui attire le musicien \u00e0 l&#8217;ext\u00e9rieur de lui-m\u00eame n&#8217;est qu&#8217;un pr\u00e9texte ; il s&#8217;\u00e9vanouira, \u00e9limin\u00e9 \u00e0 la fin par l&#8217;\u0153uvre qui prend forme. \u00bb<\/span><\/p>\n<p><img loading=\"lazy\" decoding=\"async\" class=\"aligncenter wp-image-27866\" src=\"http:\/\/www.ensembleintercontemporain.com\/content\/uploads\/2024\/11\/dsc-6483-ionisation-1024x682.jpg\" alt=\"\" width=\"800\" height=\"533\" srcset=\"https:\/\/www.ensembleintercontemporain.com\/content\/uploads\/2024\/11\/dsc-6483-ionisation-1024x682.jpg 1024w, https:\/\/www.ensembleintercontemporain.com\/content\/uploads\/2024\/11\/dsc-6483-ionisation-300x200.jpg 300w, https:\/\/www.ensembleintercontemporain.com\/content\/uploads\/2024\/11\/dsc-6483-ionisation-768x511.jpg 768w, https:\/\/www.ensembleintercontemporain.com\/content\/uploads\/2024\/11\/dsc-6483-ionisation-1536x1022.jpg 1536w, https:\/\/www.ensembleintercontemporain.com\/content\/uploads\/2024\/11\/dsc-6483-ionisation.jpg 1920w\" sizes=\"auto, (max-width: 800px) 100vw, 800px\" \/><\/p>\n<p style=\"text-align: center;\"><span style=\"font-size: 10pt;\"><em>Ionisation<\/em>, Cit\u00e9 de la musique, 2012\u00a0<\/span><\/p>\n<p style=\"text-align: left;\"><span style=\"font-size: 14pt;\">Les po\u00e8tes et les peintres ont le plus souvent devanc\u00e9 les musiciens, convaincus que l&#8217;artisan finit par d\u00e9tr\u00f4ner l&#8217;artiste si l&#8217;art se fige trop longtemps et si les r\u00e8gles deviennent absolues. Car, je me cite une fois de plus, \u00ab l&#8217;artisan ram\u00e8ne ses id\u00e9es au niveau de ses outils tandis que l&#8217;artiste cherche de nouveaux moyens aptes \u00e0 r\u00e9aliser ses id\u00e9es \u00bb. Les compositeurs d&#8217;aujourd&#8217;hui ont \u00e0 leur disposition un moyen nouveau et inestimable et qui se r\u00e9v\u00e8le la cl\u00e9 d&#8217;un monde de sons inconnus. Nous ne nous contenterons pas, je l&#8217;esp\u00e8re, d&#8217;en faire des jeux de patience, d&#8217;\u00eatre tout simplement les artisans de ces sons nouveaux. Nos exigences et nos besoins, en tant qu&#8217;artistes et cr\u00e9ateurs, vont bien au-del\u00e0 de ce que peuvent faire les machines \u00e9lectroniques en usage et doivent donner le branle \u00e0 de nouvelles inventions de la part des ing\u00e9nieurs avec lesquels nous collaborons. (\u2026) Nous allons vers la simplification et la praticabilit\u00e9 qui faciliteront les r\u00e9alisations cr\u00e9atrices. (\u2026)<\/span><br \/>\n<span style=\"font-size: 14pt;\">Parmi les nombreux pouvoirs dont l&#8217;\u00e9lectronique enrichit la composition musicale, la simultan\u00e9it\u00e9 m\u00e9trique, du moins en ce qui me concerne, est l&#8217;un des plus pr\u00e9cieux. Et comme ma musique s&#8217;appuie principalement sur le mouvement de masses sonores sans rapports entre elles, j&#8217;avais depuis toujours ressenti le besoin de les d\u00e9placer simultan\u00e9ment \u00e0 des vitesses diff\u00e9rentes et j&#8217;en escomptais l&#8217;effet. Or une telle chose est d\u00e9sormais possible.<\/span><\/p>\n<p><span style=\"font-size: 14pt;\">Le dispositif \u00e9lectronique tr\u00e8s complexe du pavillon Philips \u00e0 l&#8217;exposition de Bruxelles l&#8217;a d\u00e9montr\u00e9 de fa\u00e7on \u00e9clatante. Le pavillon \u00e9tait l&#8217;\u0153uvre de Le Corbusier et le dispositif, con\u00e7u par la soci\u00e9t\u00e9 hollandaise, assurait une projection spatiale multiple de ma musique. J&#8217;esp\u00e8re qu&#8217;un jour, chaque grande ville aura au moins une salle de concert ou de th\u00e9\u00e2tre pourvue d&#8217;un dispositif analogue, et cela de fa\u00e7on permanente. Par ailleurs, il ne faudrait pas s&#8217;attendre \u00e0 ce que ce nouveau moyen d&#8217;expression produise des miracles, m\u00eame si nous lui devons beaucoup. La machine ne rend que ce que l&#8217;on veut bien y mettre. Les principes sont les m\u00eames, qu&#8217;un musicien \u00e9crive pour l&#8217;orchestre ou pour la bande magn\u00e9tique. Les probl\u00e8mes les plus difficiles demeurent : le rythme et la forme. Ce sont aussi les deux \u00e9l\u00e9ments de la musique qu&#8217;en g\u00e9n\u00e9ral on comprend le plus mal.<\/span><br \/>\n<span style=\"font-size: 14pt;\">\u00a0<\/span><\/p>\n<p style=\"text-align: center;\"><iframe loading=\"lazy\" title=\"YouTube video player\" src=\"https:\/\/www.youtube.com\/embed\/291hNK90hE4?si=2TBNzZ0tqGdCR3Em\" width=\"560\" height=\"315\" frameborder=\"0\" allowfullscreen=\"allowfullscreen\"><\/iframe><\/p>\n<p><em><br \/>\nLe destin de la musique est de conqu\u00e9rir la libert\u00e9<\/em><br \/>\nRemarques autobiographiques d\u00e9di\u00e9es \u00e0 la m\u00e9moire de Ferrucio Busoni.<br \/>\nExtrait d\u2019une conf\u00e9rence donn\u00e9e \u00e0 l\u2019Universit\u00e9 de Princeton le 4 septembre 1959.<br \/>\n(Traduit de l\u2019am\u00e9ricain)<br \/>\nVar\u00e8se, E. (1959). Le destin de la musique est de conqu\u00e9rir la libert\u00e9. Libert\u00e9, 1(5), 276\u2013283.<\/p>\n<p>Photos (de haut en bas) : Portrait <em>Edgard Var\u00e8se<\/em> et diagramme du <em>Po\u00e8me \u00e9lectronique<\/em> \u00a9 M\u00e9diath\u00e8que\/G.Mahler \u00a0; <em>Am\u00e9riques<\/em>, Philharmonie de Paris, 2015\u00a0\u00a9\u00a0Anne-Elise Grosbois ;<em> Ionisation<\/em>, Cit\u00e9 de la musique, 2012\u00a0\u00a9 EIC<\/p>\n","protected":false},"excerpt":{"rendered":"<p>Le 10 d\u00e9cembre, \u00e0 la Philharmonie de Paris, l&#8217;Ensemble intercontemporain renforc\u00e9 par l&#8217;Orchestre du Conservatoire de Paris, consacrera tout un concert \u00e0 l&#8217;une des figures les plus r\u00e9volutionnaires de l&#8217;histoire de la musique : Edgard Var\u00e8se. L&#8217;occasion de d\u00e9couvrir ce texte du compositeur sur sa conception de la cr\u00e9ation musicale, extrait d&#8217;une conf\u00e9rence de 1954.\u00a0<\/p>\n","protected":false},"author":229,"featured_media":27872,"comment_status":"closed","ping_status":"closed","sticky":false,"template":"","format":"standard","meta":{"_acf_changed":false,"footnotes":""},"categories":[10],"tags":[],"class_list":["post-27845","post","type-post","status-publish","format-standard","has-post-thumbnail","hentry","category-grand-angle","concert-grand-soir-edgard-varese"],"acf":[],"yoast_head":"<!-- This site is optimized with the Yoast SEO plugin v27.5 - https:\/\/yoast.com\/product\/yoast-seo-wordpress\/ -->\n<title>Edgard Var\u00e8se : &quot;Le destin de la musique est de conqu\u00e9rir la libert\u00e9&quot;. - Ensemble intercontemporain<\/title>\n<meta name=\"robots\" content=\"index, follow, max-snippet:-1, max-image-preview:large, max-video-preview:-1\" \/>\n<link rel=\"canonical\" href=\"https:\/\/www.ensembleintercontemporain.com\/en\/2024\/11\/edgard-varese-le-destin-de-la-musique-est-de-conquerir-la-liberte\/\" \/>\n<meta property=\"og:locale\" content=\"en_US\" \/>\n<meta property=\"og:type\" content=\"article\" \/>\n<meta property=\"og:title\" content=\"Edgard Var\u00e8se : &quot;Le destin de la musique est de conqu\u00e9rir la libert\u00e9&quot;. - Ensemble intercontemporain\" \/>\n<meta property=\"og:description\" content=\"Le 10 d\u00e9cembre, \u00e0 la Philharmonie de Paris, l&#039;Ensemble intercontemporain renforc\u00e9 par l&#039;Orchestre du Conservatoire de Paris, consacrera tout un concert \u00e0 l&#039;une des figures les plus r\u00e9volutionnaires de l&#039;histoire de la musique : Edgard Var\u00e8se. L&#039;occasion de d\u00e9couvrir ce texte du compositeur sur sa conception de la cr\u00e9ation musicale, extrait d&#039;une conf\u00e9rence de 1954.\u00a0\" \/>\n<meta property=\"og:url\" content=\"https:\/\/www.ensembleintercontemporain.com\/en\/2024\/11\/edgard-varese-le-destin-de-la-musique-est-de-conquerir-la-liberte\/\" \/>\n<meta property=\"og:site_name\" content=\"Ensemble intercontemporain\" \/>\n<meta property=\"article:published_time\" content=\"2024-11-25T15:21:55+00:00\" \/>\n<meta property=\"og:image\" content=\"https:\/\/www.ensembleintercontemporain.com\/content\/uploads\/2024\/11\/varesemediathequgmahler-copie-1.jpg\" \/>\n\t<meta property=\"og:image:width\" content=\"1920\" \/>\n\t<meta property=\"og:image:height\" content=\"1280\" \/>\n\t<meta property=\"og:image:type\" content=\"image\/jpeg\" \/>\n<meta name=\"author\" content=\"Edgard Var\u00e8se\" \/>\n<meta name=\"twitter:card\" content=\"summary_large_image\" \/>\n<meta name=\"twitter:label1\" content=\"Written by\" \/>\n\t<meta name=\"twitter:data1\" content=\"Edgard Var\u00e8se\" \/>\n\t<meta name=\"twitter:label2\" content=\"Est. reading time\" \/>\n\t<meta name=\"twitter:data2\" content=\"10 minutes\" \/>\n<script type=\"application\/ld+json\" class=\"yoast-schema-graph\">{\"@context\":\"https:\\\/\\\/schema.org\",\"@graph\":[{\"@type\":\"Article\",\"@id\":\"https:\\\/\\\/www.ensembleintercontemporain.com\\\/en\\\/2024\\\/11\\\/edgard-varese-le-destin-de-la-musique-est-de-conquerir-la-liberte\\\/#article\",\"isPartOf\":{\"@id\":\"https:\\\/\\\/www.ensembleintercontemporain.com\\\/en\\\/2024\\\/11\\\/edgard-varese-le-destin-de-la-musique-est-de-conquerir-la-liberte\\\/\"},\"author\":{\"name\":\"Edgard Var\u00e8se\",\"@id\":\"https:\\\/\\\/www.ensembleintercontemporain.com\\\/en\\\/#\\\/schema\\\/person\\\/58131d3e960fecf0242365eefa9c9973\"},\"headline\":\"Edgard Var\u00e8se : &#8220;Le destin de la musique est de conqu\u00e9rir la libert\u00e9&#8221;.\",\"datePublished\":\"2024-11-25T15:21:55+00:00\",\"mainEntityOfPage\":{\"@id\":\"https:\\\/\\\/www.ensembleintercontemporain.com\\\/en\\\/2024\\\/11\\\/edgard-varese-le-destin-de-la-musique-est-de-conquerir-la-liberte\\\/\"},\"wordCount\":1776,\"image\":{\"@id\":\"https:\\\/\\\/www.ensembleintercontemporain.com\\\/en\\\/2024\\\/11\\\/edgard-varese-le-destin-de-la-musique-est-de-conquerir-la-liberte\\\/#primaryimage\"},\"thumbnailUrl\":\"https:\\\/\\\/www.ensembleintercontemporain.com\\\/content\\\/uploads\\\/2024\\\/11\\\/varesemediathequgmahler-copie-1.jpg\",\"articleSection\":[\"Grand Angle\"],\"inLanguage\":\"en-US\"},{\"@type\":\"WebPage\",\"@id\":\"https:\\\/\\\/www.ensembleintercontemporain.com\\\/en\\\/2024\\\/11\\\/edgard-varese-le-destin-de-la-musique-est-de-conquerir-la-liberte\\\/\",\"url\":\"https:\\\/\\\/www.ensembleintercontemporain.com\\\/en\\\/2024\\\/11\\\/edgard-varese-le-destin-de-la-musique-est-de-conquerir-la-liberte\\\/\",\"name\":\"Edgard Var\u00e8se : \\\"Le destin de la musique est de conqu\u00e9rir la libert\u00e9\\\". - Ensemble intercontemporain\",\"isPartOf\":{\"@id\":\"https:\\\/\\\/www.ensembleintercontemporain.com\\\/en\\\/#website\"},\"primaryImageOfPage\":{\"@id\":\"https:\\\/\\\/www.ensembleintercontemporain.com\\\/en\\\/2024\\\/11\\\/edgard-varese-le-destin-de-la-musique-est-de-conquerir-la-liberte\\\/#primaryimage\"},\"image\":{\"@id\":\"https:\\\/\\\/www.ensembleintercontemporain.com\\\/en\\\/2024\\\/11\\\/edgard-varese-le-destin-de-la-musique-est-de-conquerir-la-liberte\\\/#primaryimage\"},\"thumbnailUrl\":\"https:\\\/\\\/www.ensembleintercontemporain.com\\\/content\\\/uploads\\\/2024\\\/11\\\/varesemediathequgmahler-copie-1.jpg\",\"datePublished\":\"2024-11-25T15:21:55+00:00\",\"author\":{\"@id\":\"https:\\\/\\\/www.ensembleintercontemporain.com\\\/en\\\/#\\\/schema\\\/person\\\/58131d3e960fecf0242365eefa9c9973\"},\"breadcrumb\":{\"@id\":\"https:\\\/\\\/www.ensembleintercontemporain.com\\\/en\\\/2024\\\/11\\\/edgard-varese-le-destin-de-la-musique-est-de-conquerir-la-liberte\\\/#breadcrumb\"},\"inLanguage\":\"en-US\",\"potentialAction\":[{\"@type\":\"ReadAction\",\"target\":[\"https:\\\/\\\/www.ensembleintercontemporain.com\\\/en\\\/2024\\\/11\\\/edgard-varese-le-destin-de-la-musique-est-de-conquerir-la-liberte\\\/\"]}]},{\"@type\":\"ImageObject\",\"inLanguage\":\"en-US\",\"@id\":\"https:\\\/\\\/www.ensembleintercontemporain.com\\\/en\\\/2024\\\/11\\\/edgard-varese-le-destin-de-la-musique-est-de-conquerir-la-liberte\\\/#primaryimage\",\"url\":\"https:\\\/\\\/www.ensembleintercontemporain.com\\\/content\\\/uploads\\\/2024\\\/11\\\/varesemediathequgmahler-copie-1.jpg\",\"contentUrl\":\"https:\\\/\\\/www.ensembleintercontemporain.com\\\/content\\\/uploads\\\/2024\\\/11\\\/varesemediathequgmahler-copie-1.jpg\",\"width\":1920,\"height\":1280},{\"@type\":\"BreadcrumbList\",\"@id\":\"https:\\\/\\\/www.ensembleintercontemporain.com\\\/en\\\/2024\\\/11\\\/edgard-varese-le-destin-de-la-musique-est-de-conquerir-la-liberte\\\/#breadcrumb\",\"itemListElement\":[{\"@type\":\"ListItem\",\"position\":1,\"name\":\"Home\",\"item\":\"https:\\\/\\\/www.ensembleintercontemporain.com\\\/en\\\/\"},{\"@type\":\"ListItem\",\"position\":2,\"name\":\"Edgard Var\u00e8se : &#8220;Le destin de la musique est de conqu\u00e9rir la libert\u00e9&#8221;.\"}]},{\"@type\":\"WebSite\",\"@id\":\"https:\\\/\\\/www.ensembleintercontemporain.com\\\/en\\\/#website\",\"url\":\"https:\\\/\\\/www.ensembleintercontemporain.com\\\/en\\\/\",\"name\":\"Ensemble intercontemporain\",\"description\":\"\",\"potentialAction\":[{\"@type\":\"SearchAction\",\"target\":{\"@type\":\"EntryPoint\",\"urlTemplate\":\"https:\\\/\\\/www.ensembleintercontemporain.com\\\/en\\\/?s={search_term_string}\"},\"query-input\":{\"@type\":\"PropertyValueSpecification\",\"valueRequired\":true,\"valueName\":\"search_term_string\"}}],\"inLanguage\":\"en-US\"},{\"@type\":\"Person\",\"@id\":\"https:\\\/\\\/www.ensembleintercontemporain.com\\\/en\\\/#\\\/schema\\\/person\\\/58131d3e960fecf0242365eefa9c9973\",\"name\":\"Edgard Var\u00e8se\",\"image\":{\"@type\":\"ImageObject\",\"inLanguage\":\"en-US\",\"@id\":\"https:\\\/\\\/secure.gravatar.com\\\/avatar\\\/db23b0dc740271362e11627cca124096a8029e7bae3fc8cbb1b0e5a6c24d03f2?s=96&d=mm&r=g\",\"url\":\"https:\\\/\\\/secure.gravatar.com\\\/avatar\\\/db23b0dc740271362e11627cca124096a8029e7bae3fc8cbb1b0e5a6c24d03f2?s=96&d=mm&r=g\",\"contentUrl\":\"https:\\\/\\\/secure.gravatar.com\\\/avatar\\\/db23b0dc740271362e11627cca124096a8029e7bae3fc8cbb1b0e5a6c24d03f2?s=96&d=mm&r=g\",\"caption\":\"Edgard Var\u00e8se\"},\"url\":\"https:\\\/\\\/www.ensembleintercontemporain.com\\\/en\\\/author\\\/evarese\\\/\"}]}<\/script>\n<!-- \/ Yoast SEO plugin. -->","yoast_head_json":{"title":"Edgard Var\u00e8se : \"Le destin de la musique est de conqu\u00e9rir la libert\u00e9\". - Ensemble intercontemporain","robots":{"index":"index","follow":"follow","max-snippet":"max-snippet:-1","max-image-preview":"max-image-preview:large","max-video-preview":"max-video-preview:-1"},"canonical":"https:\/\/www.ensembleintercontemporain.com\/en\/2024\/11\/edgard-varese-le-destin-de-la-musique-est-de-conquerir-la-liberte\/","og_locale":"en_US","og_type":"article","og_title":"Edgard Var\u00e8se : \"Le destin de la musique est de conqu\u00e9rir la libert\u00e9\". - Ensemble intercontemporain","og_description":"Le 10 d\u00e9cembre, \u00e0 la Philharmonie de Paris, l'Ensemble intercontemporain renforc\u00e9 par l'Orchestre du Conservatoire de Paris, consacrera tout un concert \u00e0 l'une des figures les plus r\u00e9volutionnaires de l'histoire de la musique : Edgard Var\u00e8se. L'occasion de d\u00e9couvrir ce texte du compositeur sur sa conception de la cr\u00e9ation musicale, extrait d'une conf\u00e9rence de 1954.\u00a0","og_url":"https:\/\/www.ensembleintercontemporain.com\/en\/2024\/11\/edgard-varese-le-destin-de-la-musique-est-de-conquerir-la-liberte\/","og_site_name":"Ensemble intercontemporain","article_published_time":"2024-11-25T15:21:55+00:00","og_image":[{"width":1920,"height":1280,"url":"https:\/\/www.ensembleintercontemporain.com\/content\/uploads\/2024\/11\/varesemediathequgmahler-copie-1.jpg","type":"image\/jpeg"}],"author":"Edgard Var\u00e8se","twitter_card":"summary_large_image","twitter_misc":{"Written by":"Edgard Var\u00e8se","Est. reading time":"10 minutes"},"schema":{"@context":"https:\/\/schema.org","@graph":[{"@type":"Article","@id":"https:\/\/www.ensembleintercontemporain.com\/en\/2024\/11\/edgard-varese-le-destin-de-la-musique-est-de-conquerir-la-liberte\/#article","isPartOf":{"@id":"https:\/\/www.ensembleintercontemporain.com\/en\/2024\/11\/edgard-varese-le-destin-de-la-musique-est-de-conquerir-la-liberte\/"},"author":{"name":"Edgard Var\u00e8se","@id":"https:\/\/www.ensembleintercontemporain.com\/en\/#\/schema\/person\/58131d3e960fecf0242365eefa9c9973"},"headline":"Edgard Var\u00e8se : &#8220;Le destin de la musique est de conqu\u00e9rir la libert\u00e9&#8221;.","datePublished":"2024-11-25T15:21:55+00:00","mainEntityOfPage":{"@id":"https:\/\/www.ensembleintercontemporain.com\/en\/2024\/11\/edgard-varese-le-destin-de-la-musique-est-de-conquerir-la-liberte\/"},"wordCount":1776,"image":{"@id":"https:\/\/www.ensembleintercontemporain.com\/en\/2024\/11\/edgard-varese-le-destin-de-la-musique-est-de-conquerir-la-liberte\/#primaryimage"},"thumbnailUrl":"https:\/\/www.ensembleintercontemporain.com\/content\/uploads\/2024\/11\/varesemediathequgmahler-copie-1.jpg","articleSection":["Grand Angle"],"inLanguage":"en-US"},{"@type":"WebPage","@id":"https:\/\/www.ensembleintercontemporain.com\/en\/2024\/11\/edgard-varese-le-destin-de-la-musique-est-de-conquerir-la-liberte\/","url":"https:\/\/www.ensembleintercontemporain.com\/en\/2024\/11\/edgard-varese-le-destin-de-la-musique-est-de-conquerir-la-liberte\/","name":"Edgard Var\u00e8se : \"Le destin de la musique est de conqu\u00e9rir la libert\u00e9\". - Ensemble intercontemporain","isPartOf":{"@id":"https:\/\/www.ensembleintercontemporain.com\/en\/#website"},"primaryImageOfPage":{"@id":"https:\/\/www.ensembleintercontemporain.com\/en\/2024\/11\/edgard-varese-le-destin-de-la-musique-est-de-conquerir-la-liberte\/#primaryimage"},"image":{"@id":"https:\/\/www.ensembleintercontemporain.com\/en\/2024\/11\/edgard-varese-le-destin-de-la-musique-est-de-conquerir-la-liberte\/#primaryimage"},"thumbnailUrl":"https:\/\/www.ensembleintercontemporain.com\/content\/uploads\/2024\/11\/varesemediathequgmahler-copie-1.jpg","datePublished":"2024-11-25T15:21:55+00:00","author":{"@id":"https:\/\/www.ensembleintercontemporain.com\/en\/#\/schema\/person\/58131d3e960fecf0242365eefa9c9973"},"breadcrumb":{"@id":"https:\/\/www.ensembleintercontemporain.com\/en\/2024\/11\/edgard-varese-le-destin-de-la-musique-est-de-conquerir-la-liberte\/#breadcrumb"},"inLanguage":"en-US","potentialAction":[{"@type":"ReadAction","target":["https:\/\/www.ensembleintercontemporain.com\/en\/2024\/11\/edgard-varese-le-destin-de-la-musique-est-de-conquerir-la-liberte\/"]}]},{"@type":"ImageObject","inLanguage":"en-US","@id":"https:\/\/www.ensembleintercontemporain.com\/en\/2024\/11\/edgard-varese-le-destin-de-la-musique-est-de-conquerir-la-liberte\/#primaryimage","url":"https:\/\/www.ensembleintercontemporain.com\/content\/uploads\/2024\/11\/varesemediathequgmahler-copie-1.jpg","contentUrl":"https:\/\/www.ensembleintercontemporain.com\/content\/uploads\/2024\/11\/varesemediathequgmahler-copie-1.jpg","width":1920,"height":1280},{"@type":"BreadcrumbList","@id":"https:\/\/www.ensembleintercontemporain.com\/en\/2024\/11\/edgard-varese-le-destin-de-la-musique-est-de-conquerir-la-liberte\/#breadcrumb","itemListElement":[{"@type":"ListItem","position":1,"name":"Home","item":"https:\/\/www.ensembleintercontemporain.com\/en\/"},{"@type":"ListItem","position":2,"name":"Edgard Var\u00e8se : &#8220;Le destin de la musique est de conqu\u00e9rir la libert\u00e9&#8221;."}]},{"@type":"WebSite","@id":"https:\/\/www.ensembleintercontemporain.com\/en\/#website","url":"https:\/\/www.ensembleintercontemporain.com\/en\/","name":"Ensemble intercontemporain","description":"","potentialAction":[{"@type":"SearchAction","target":{"@type":"EntryPoint","urlTemplate":"https:\/\/www.ensembleintercontemporain.com\/en\/?s={search_term_string}"},"query-input":{"@type":"PropertyValueSpecification","valueRequired":true,"valueName":"search_term_string"}}],"inLanguage":"en-US"},{"@type":"Person","@id":"https:\/\/www.ensembleintercontemporain.com\/en\/#\/schema\/person\/58131d3e960fecf0242365eefa9c9973","name":"Edgard Var\u00e8se","image":{"@type":"ImageObject","inLanguage":"en-US","@id":"https:\/\/secure.gravatar.com\/avatar\/db23b0dc740271362e11627cca124096a8029e7bae3fc8cbb1b0e5a6c24d03f2?s=96&d=mm&r=g","url":"https:\/\/secure.gravatar.com\/avatar\/db23b0dc740271362e11627cca124096a8029e7bae3fc8cbb1b0e5a6c24d03f2?s=96&d=mm&r=g","contentUrl":"https:\/\/secure.gravatar.com\/avatar\/db23b0dc740271362e11627cca124096a8029e7bae3fc8cbb1b0e5a6c24d03f2?s=96&d=mm&r=g","caption":"Edgard Var\u00e8se"},"url":"https:\/\/www.ensembleintercontemporain.com\/en\/author\/evarese\/"}]}},"_links":{"self":[{"href":"https:\/\/www.ensembleintercontemporain.com\/en\/wp-json\/wp\/v2\/posts\/27845\/"}],"collection":[{"href":"https:\/\/www.ensembleintercontemporain.com\/en\/wp-json\/wp\/v2\/posts\/"}],"about":[{"href":"https:\/\/www.ensembleintercontemporain.com\/en\/wp-json\/wp\/v2\/types\/post\/"}],"author":[{"embeddable":true,"href":"https:\/\/www.ensembleintercontemporain.com\/en\/wp-json\/wp\/v2\/users\/229\/"}],"replies":[{"embeddable":true,"href":"https:\/\/www.ensembleintercontemporain.com\/en\/wp-json\/wp\/v2\/comments\/?post=27845"}],"version-history":[{"count":11,"href":"https:\/\/www.ensembleintercontemporain.com\/en\/wp-json\/wp\/v2\/posts\/27845\/revisions\/"}],"predecessor-version":[{"id":27885,"href":"https:\/\/www.ensembleintercontemporain.com\/en\/wp-json\/wp\/v2\/posts\/27845\/revisions\/27885\/"}],"wp:featuredmedia":[{"embeddable":true,"href":"https:\/\/www.ensembleintercontemporain.com\/en\/wp-json\/wp\/v2\/media\/27872\/"}],"wp:attachment":[{"href":"https:\/\/www.ensembleintercontemporain.com\/en\/wp-json\/wp\/v2\/media\/?parent=27845"}],"wp:term":[{"taxonomy":"category","embeddable":true,"href":"https:\/\/www.ensembleintercontemporain.com\/en\/wp-json\/wp\/v2\/categories\/?post=27845"},{"taxonomy":"post_tag","embeddable":true,"href":"https:\/\/www.ensembleintercontemporain.com\/en\/wp-json\/wp\/v2\/tags\/?post=27845"}],"curies":[{"name":"wp","href":"https:\/\/api.w.org\/{rel}","templated":true}]}}