{"id":27739,"date":"2024-10-25T14:24:49","date_gmt":"2024-10-25T12:24:49","guid":{"rendered":"https:\/\/www.ensembleintercontemporain.com\/?p=27739"},"modified":"2024-10-25T14:24:49","modified_gmt":"2024-10-25T12:24:49","slug":"le-son-dans-la-peau-entretien-avec-rebecca-saunders-compositrice","status":"publish","type":"post","link":"https:\/\/www.ensembleintercontemporain.com\/en\/2024\/10\/le-son-dans-la-peau-entretien-avec-rebecca-saunders-compositrice\/","title":{"rendered":"Le son dans la peau. Entretien avec Rebecca Saunders, compositrice."},"content":{"rendered":"<p><span style=\"color: #003366;\"><strong><span style=\"font-size: 18pt;\"><img loading=\"lazy\" decoding=\"async\" class=\"aligncenter size-full wp-image-27740\" src=\"http:\/\/www.ensembleintercontemporain.com\/content\/uploads\/2024\/10\/rs-20200728-0106-1.jpg\" alt=\"\" width=\"1920\" height=\"1280\" srcset=\"https:\/\/www.ensembleintercontemporain.com\/content\/uploads\/2024\/10\/rs-20200728-0106-1.jpg 1920w, https:\/\/www.ensembleintercontemporain.com\/content\/uploads\/2024\/10\/rs-20200728-0106-1-300x200.jpg 300w, https:\/\/www.ensembleintercontemporain.com\/content\/uploads\/2024\/10\/rs-20200728-0106-1-1024x683.jpg 1024w, https:\/\/www.ensembleintercontemporain.com\/content\/uploads\/2024\/10\/rs-20200728-0106-1-768x512.jpg 768w, https:\/\/www.ensembleintercontemporain.com\/content\/uploads\/2024\/10\/rs-20200728-0106-1-1536x1024.jpg 1536w\" sizes=\"auto, (max-width: 1920px) 100vw, 1920px\" \/><\/span><\/strong><\/span><\/p>\n<p><span style=\"color: #003366;\"><strong><span style=\"font-size: 18pt;\">L<\/span>e <a href=\"https:\/\/www.ensembleintercontemporain.com\/fr\/concert\/skin-skar-skull-2024-11-08-20h00-paris\/\">8 novembre \u00e0 la Cit\u00e9 de la musique<\/a>, l\u2019Ensemble intercontemporain pr\u00e9sentera, pour la premi\u00e8re fois en France, le triptyque <em>Skin<\/em>\/<em>Scar<\/em>\/<em>Skull<\/em> de Rebecca Saunders dans son int\u00e9gralit\u00e9. Nous revenons avec la compositrice anglaise sur la gen\u00e8se et l\u2019articulation de ces trois pi\u00e8ces singuli\u00e8res.<\/strong><\/span><\/p>\n<p><strong>Rebecca, le premier contact du public avec vos pi\u00e8ces, ce sont vos titres, qui sont d&#8217;une nature tr\u00e8s sp\u00e9cifique \u2013 des mots tr\u00e8s soigneusement choisis \u2013, notamment avec <em>Skin<\/em>, <em>Scar<\/em> et <em>Skull<\/em>. Quand vos titres arrivent-ils dans le processus de composition ?<\/strong><br \/>\n<span style=\"font-size: 14pt;\">Cela varie \u00e9norm\u00e9ment d\u2019une pi\u00e8ce \u00e0 l\u2019autre. M\u00eame pour les trois pi\u00e8ces du triptyque dont vous parlez. Le titre de <em>Skin<\/em> m\u2019est apparu clairement d\u00e8s le d\u00e9but de la composition, puisque c\u2019est un mot qui me fascine totalement. \u00c0 l\u2019\u00e9poque, lorsque l\u2019on me demandait de parler de musique et d\u2019articuler une pens\u00e9e sur mon processus de composition, j\u2019en parlais comme d\u2019aller \u00ab extraire les sons d\u2019en-de\u00e7\u00e0 la surface du silence \u00bb. C\u2019est une image que je n\u2019utiliserais sans doute plus aujourd\u2019hui mais, \u00e0 l\u2019\u00e9poque, elle m\u2019aidait \u00e0 exposer certaines de mes pens\u00e9es sur la composition, sur la nature du son et du silence.<em><br \/>\n<\/em><\/span><span style=\"font-size: 14pt;\"><em>Skin<\/em> va plus loin encore que cela : on imagine alors un corps et la surface dont je parlais devient \u00ab peau \u00bb. C\u2019est de surcroit, en anglais, un nom (\u00ab peau \u00bb) et un verbe (\u00ab \u00e9corcher \u00bb), avec l\u00e0 encore de nombreuses connotations. Via la m\u00e9taphore de la mue, le mot \u00e9voque \u00e9galement le passage du temps.<\/span><br \/>\n<span style=\"font-size: 14pt;\">La composition de <em>Skin<\/em> trouve d\u2019ailleurs son origine dans de nombreux fragments po\u00e9tiques que j\u2019ai \u00e9crits autour de ce th\u00e8me au fil des ans. Le texte chant\u00e9 par la soprano est donc de ma main, d\u00e9velopp\u00e9 en parall\u00e8le de la composition. Ce titre s\u2019est impos\u00e9 d\u2019autant plus que l\u2019un des enjeux de la pi\u00e8ce \u00e9tait de trouver une mani\u00e8re de broder ce langage sur le tissu sonore.<\/span><br \/>\n<span style=\"font-size: 14pt;\">\u00c0 l\u2019inverse, le titre de <em>Scar n<\/em>e m\u2019est venu qu\u2019\u00e0 la toute fin du processus. La source principale du mat\u00e9riau est une s\u00e9rie de longs gestes percussifs initi\u00e9s par les deux pianos solistes qui dialoguent en se faisant face, \u00e0 gauche et \u00e0 droite de la sc\u00e8ne \u2014 la pi\u00e8ce consistant originellement en une orchestration de ces gestes extr\u00eames. J\u2019imaginais que ces gestes cr\u00e9aient un \u00e9tirement des mailles du silence tel que l\u2019on en d\u00e9chirait la surface, que l\u2019on en d\u00e9chirait la \u00ab\u00a0peau\u00a0\u00bb \u2013 d\u2019o\u00f9 l\u2019image de la cicatrice (<em>Scar<\/em>). Cette image m\u2019a ensuite \u00e9voqu\u00e9 la fragilit\u00e9 d\u2019une exp\u00e9rience traumatique, ce qui m\u2019a men\u00e9e \u00e0 la pi\u00e8ce <em>Wound<\/em>, n\u00e9e de<em> Scar<\/em>\u2026<\/span><\/p>\n<p><img loading=\"lazy\" decoding=\"async\" class=\"aligncenter wp-image-27742\" src=\"http:\/\/www.ensembleintercontemporain.com\/content\/uploads\/2024\/10\/rs-051217-0222-1024x683.jpg\" alt=\"\" width=\"802\" height=\"535\" srcset=\"https:\/\/www.ensembleintercontemporain.com\/content\/uploads\/2024\/10\/rs-051217-0222-1024x683.jpg 1024w, https:\/\/www.ensembleintercontemporain.com\/content\/uploads\/2024\/10\/rs-051217-0222-300x200.jpg 300w, https:\/\/www.ensembleintercontemporain.com\/content\/uploads\/2024\/10\/rs-051217-0222-768x512.jpg 768w, https:\/\/www.ensembleintercontemporain.com\/content\/uploads\/2024\/10\/rs-051217-0222-1536x1024.jpg 1536w, https:\/\/www.ensembleintercontemporain.com\/content\/uploads\/2024\/10\/rs-051217-0222.jpg 1920w\" sizes=\"auto, (max-width: 802px) 100vw, 802px\" \/><\/p>\n<p><strong>Comment approchez-vous la forme et la structure, en relation avec le mat\u00e9riau musical ?<\/strong><br \/>\n<span style=\"font-size: 14pt;\">Il m\u2019est tr\u00e8s difficile d\u2019expliquer ceci avec des mots. Ce n\u2019est pas : \u00ab on y va au hasard et on verra ce qui se passe. \u00bb Les solutions d\u2019organisation du mat\u00e9riau qui fonctionnent sont en r\u00e9alit\u00e9 peu nombreuses. Une pi\u00e8ce se cherche elle-m\u00eame une solution de forme qui aura du sens, \u00e0 la fois physiquement et intellectuellement. Cela passe par des d\u00e9cisions formelles et des phases de pr\u00e9paration tr\u00e8s pr\u00e9cises. \u00c0 commencer, bien s\u00fbr, par la collecte du mat\u00e9riau. Le tout est d\u00e9termin\u00e9 par une question fondamentale : qu\u2019est-ce que je recherche ?<\/span><br \/>\n<span style=\"font-size: 14pt;\">Si je prends l\u2019exemple de <em>Skin<\/em>, cette pi\u00e8ce est, dans les faits, formellement tr\u00e8s rigoureuse, mais je ne l\u2019ai pas planifi\u00e9e d\u2019un coup d\u00e8s le d\u00e9part. J\u2019ai commenc\u00e9 par d\u00e9finir trois types de mat\u00e9riau musical : le premier est un geste \u00e9nergique men\u00e9 par la trompette et la chanteuse, qui gagne ensuite tout l\u2019ensemble ; le deuxi\u00e8me est un duo plus doux, tr\u00e8s expressif et sensuel, entre la voix et la fl\u00fbte basse, et le troisi\u00e8me est une \u00ab\u00a0r\u00e9citation\u00a0\u00bb, qui d\u00e9roule six \u00ab\u00a0images textuelles\u00a0\u00bb.<br \/>\nLe d\u00e9veloppement formel a consist\u00e9, en partie du moins, \u00e0 jouer sur les tensions entre ces trois types de mat\u00e9riau. Si l\u2019on prend un peu de recul, la pi\u00e8ce est tr\u00e8s clairement divis\u00e9e en deux parties : les deux utilisent exactement le m\u00eame mat\u00e9riau, mais les moyens de le g\u00e9n\u00e9rer et de l\u2019explorer sont diam\u00e9tralement oppos\u00e9s.<br \/>\nAinsi expos\u00e9, cela peut sembler compliqu\u00e9, mais cela ne l\u2019est pas de mon point de vue. C\u2019est une r\u00e9ponse aux questions que je me posais : comment faire coexister ces trois types de mat\u00e9riau au sein d\u2019une seule et unique forme ? Comment les faire muter les uns dans les autres ? Comment jouer avec leurs densit\u00e9s propres pour les mettre aux prises les uns avec les autres ? Comment pr\u00e9server leurs identit\u00e9s ? Toutes ces questions tournaient dans ma t\u00eate.<\/span><br \/>\n<span style=\"font-size: 14pt;\">Ensuite, la composition en tant que telle revient \u00e0 me poser la question : quelle longueur pour tel fragment ? Quand tout est pr\u00eat, je commence au d\u00e9but, et je d\u00e9roule jusqu\u2019\u00e0 la fin. Tout simplement. Bien s\u00fbr, dans certains cas, l\u2019orchestration exacte d\u2019un passage d\u00e9pend de l\u2019endroit o\u00f9 il se trouvera finalement au sein de la forme globale.<br \/>\n<\/span><\/p>\n<p><img loading=\"lazy\" decoding=\"async\" class=\"aligncenter wp-image-27744\" src=\"http:\/\/www.ensembleintercontemporain.com\/content\/uploads\/2024\/10\/dscf7931-1024x683.jpg\" alt=\"\" width=\"804\" height=\"536\" srcset=\"https:\/\/www.ensembleintercontemporain.com\/content\/uploads\/2024\/10\/dscf7931-1024x683.jpg 1024w, https:\/\/www.ensembleintercontemporain.com\/content\/uploads\/2024\/10\/dscf7931-300x200.jpg 300w, https:\/\/www.ensembleintercontemporain.com\/content\/uploads\/2024\/10\/dscf7931-768x512.jpg 768w, https:\/\/www.ensembleintercontemporain.com\/content\/uploads\/2024\/10\/dscf7931-1536x1024.jpg 1536w, https:\/\/www.ensembleintercontemporain.com\/content\/uploads\/2024\/10\/dscf7931.jpg 1920w\" sizes=\"auto, (max-width: 804px) 100vw, 804px\" \/><br \/>\n<span style=\"font-size: 14pt;\">Pour<em> Scar<\/em>, par exemple, le processus a \u00e9t\u00e9 \u00e0 la fois similaire et tr\u00e8s diff\u00e9rent. Les gestes de piano dont j\u2019ai parl\u00e9 plus haut, qui constituent le mat\u00e9riau de base, ont plusieurs potentiels fonctionnels et peuvent se d\u00e9cliner de diverses mani\u00e8res\u00a0: percussif, lyrique, acoustique\u2026 En l\u2019occurrence, <em>Scar<\/em> joue sur l\u2019id\u00e9e d\u2019attaque et de r\u00e9sonance. Au fil de la partition, les r\u00e9sonances prennent le pas sur les attaques. C\u2019est un processus d\u2019abstraction du relief, pour laisser place \u00e0 la seule r\u00e9sonance du mat\u00e9riau de base. C\u2019est donc une exploration de ces r\u00e9sonances. Qu\u2019arrive-t-il lorsque ces r\u00e9sonances existent ind\u00e9pendamment des attaques qui les ont provoqu\u00e9es ? Encore une fois, je me pose des questions. En l\u2019occurrence, en travaillant avec les diff\u00e9rentes propri\u00e9t\u00e9s acoustiques de ces attaques, et en explorant l\u2019\u00e9tendue des possibles, il s\u2019agit d\u2019\u00e9couter le son, de le comprendre, et d\u2019en d\u00e9gager le potentiel acoustique.<\/span><\/p>\n<p><strong><em>Scar<\/em> \u00e9tait-il d\u2019embl\u00e9e pens\u00e9 comme le second volet d\u2019un triptyque, apr\u00e8s <em>Skin<\/em> ?<\/strong><br \/>\n<span style=\"font-size: 14pt;\">Apr\u00e8s <em>Skin<\/em>, j\u2019ai su assez t\u00f4t que je voulais poursuivre dans cette veine, mais c\u2019est longtemps rest\u00e9 une volont\u00e9 assez vague. Cela \u00e9tant dit, si <em>Scar<\/em> n\u2019a pas \u00e9t\u00e9 pens\u00e9 comme un second volet, ce n\u2019est pas le cas de <em>Skull<\/em> dont l\u2019un des enjeux formels a justement \u00e9t\u00e9 de faire en sorte que l\u2019\u0153uvre constitue un cycle avec les deux premi\u00e8res pi\u00e8ces. Voil\u00e0 quatre ans, il m\u2019est clairement apparu qu\u2019il me fallait faire un troisi\u00e8me volet, qui prendrait <em>Skin<\/em> et <em>Scar<\/em> comme point de r\u00e9f\u00e9rence \u00e9motionnel et formel. Un d\u00e9fi fascinant du reste. Pour<em> Skull,<\/em> nombre de d\u00e9cisions conceptuelles et formelles ont donc \u00e9t\u00e9 prises en relation avec les deux autres pi\u00e8ces, pour en faire le dernier volet du triptyque.<\/span><br \/>\n<span style=\"font-size: 14pt;\">Cela dit, si la question \u00e9tait claire \u2013 que doit \u00eatre cette troisi\u00e8me pi\u00e8ce pour cr\u00e9er la possibilit\u00e9 d\u2019un triptyque coh\u00e9rent ? \u2013, la r\u00e9ponse l\u2019\u00e9tait moins. Premi\u00e8re certitude, ce devait \u00eatre une pi\u00e8ce longue. Deuxi\u00e8me certitude : la pi\u00e8ce se devait d\u2019explorer, pour la premi\u00e8re fois pour moi depuis longtemps, des fragments m\u00e9lodiques lyriques, et de travailler avec la polyphonie \u2013 ce que ni <em>Skin<\/em> ni <em>Scar<\/em> ne faisaient. Le traitement du mat\u00e9riau y est donc bien diff\u00e9rent. J\u2019ai par exemple repris de <em>Scar<\/em> une ligne m\u00e9lodique dans le grave de la trompette, avec un timbre connot\u00e9 jazz, le long de laquelle j\u2019ai explor\u00e9 une \u00e9criture polyphonique au sein de l\u2019ensemble.<\/span><br \/>\n<span style=\"font-size: 14pt;\">Une pr\u00e9occupation essentielle a \u00e9t\u00e9 de faire r\u00e9f\u00e9rence \u00e0 des passages de <em>Skin<\/em> et <em>Scar<\/em>, comme pour reprendre des fen\u00eatres laiss\u00e9es ouvertes, des questions laiss\u00e9es en suspens, afin de les retravailler dans ce nouveau contexte. Enfin, la trajectoire formelle de <em>Skull<\/em> est tr\u00e8s diff\u00e9rente de celles des deux premiers volets, aussi parce qu\u2019elle se termine sur un climax, d\u00e9nu\u00e9 de r\u00e9sonance.<\/span><\/p>\n<p><iframe loading=\"lazy\" title=\"YouTube video player\" src=\"https:\/\/www.youtube.com\/embed\/zkn2TObtnBA?si=vdOqqu8TAem54CG5\" width=\"560\" height=\"315\" frameborder=\"0\" allowfullscreen=\"allowfullscreen\"><\/iframe><\/p>\n<p>Photos (de haut en bas) \u00a9 Astrid Ackermann \/ \u00a9 EIC<\/p>\n","protected":false},"excerpt":{"rendered":"<p>Le 8 novembre, \u00e0 la Cit\u00e9 de la musique, l\u2019Ensemble intercontemporain pr\u00e9sentera, pour la premi\u00e8re fois en France, le trityque &#8220;Skin&#8221;\/&#8221;Scar&#8221;\/&#8221;Skull&#8221; de Rebecca Saunders dans son int\u00e9gralit\u00e9. Nous revenons avec la compositrice anglaise sur la gen\u00e8se et l\u2019articulation de ces trois pi\u00e8ces singuli\u00e8res.<\/p>\n","protected":false},"author":5,"featured_media":27740,"comment_status":"closed","ping_status":"closed","sticky":false,"template":"","format":"standard","meta":{"_acf_changed":false,"footnotes":""},"categories":[4],"tags":[],"class_list":["post-27739","post","type-post","status-publish","format-standard","has-post-thumbnail","hentry","category-entretiens","concert-skin-skar-skull"],"acf":[],"yoast_head":"<!-- This site is optimized with the Yoast SEO plugin v27.5 - https:\/\/yoast.com\/product\/yoast-seo-wordpress\/ -->\n<title>Le son dans la peau. Entretien avec Rebecca Saunders, compositrice. - Ensemble intercontemporain<\/title>\n<meta name=\"robots\" content=\"index, follow, max-snippet:-1, max-image-preview:large, max-video-preview:-1\" \/>\n<link rel=\"canonical\" href=\"https:\/\/www.ensembleintercontemporain.com\/en\/2024\/10\/le-son-dans-la-peau-entretien-avec-rebecca-saunders-compositrice\/\" \/>\n<meta property=\"og:locale\" content=\"en_US\" \/>\n<meta property=\"og:type\" content=\"article\" \/>\n<meta property=\"og:title\" content=\"Le son dans la peau. Entretien avec Rebecca Saunders, compositrice. - Ensemble intercontemporain\" \/>\n<meta property=\"og:description\" content=\"Le 8 novembre, \u00e0 la Cit\u00e9 de la musique, l\u2019Ensemble intercontemporain pr\u00e9sentera, pour la premi\u00e8re fois en France, le trityque &quot;Skin&quot;\/&quot;Scar&quot;\/&quot;Skull&quot; de Rebecca Saunders dans son int\u00e9gralit\u00e9. Nous revenons avec la compositrice anglaise sur la gen\u00e8se et l\u2019articulation de ces trois pi\u00e8ces singuli\u00e8res.\" \/>\n<meta property=\"og:url\" content=\"https:\/\/www.ensembleintercontemporain.com\/en\/2024\/10\/le-son-dans-la-peau-entretien-avec-rebecca-saunders-compositrice\/\" \/>\n<meta property=\"og:site_name\" content=\"Ensemble intercontemporain\" \/>\n<meta property=\"article:published_time\" content=\"2024-10-25T12:24:49+00:00\" \/>\n<meta property=\"og:image\" content=\"https:\/\/www.ensembleintercontemporain.com\/content\/uploads\/2024\/10\/rs-20200728-0106-1.jpg\" \/>\n\t<meta property=\"og:image:width\" content=\"1920\" \/>\n\t<meta property=\"og:image:height\" content=\"1280\" \/>\n\t<meta property=\"og:image:type\" content=\"image\/jpeg\" \/>\n<meta name=\"author\" content=\"J\u00e9remie Szpirglas\" \/>\n<meta name=\"twitter:card\" content=\"summary_large_image\" \/>\n<meta name=\"twitter:label1\" content=\"Written by\" \/>\n\t<meta name=\"twitter:data1\" content=\"J\u00e9remie Szpirglas\" \/>\n\t<meta name=\"twitter:label2\" content=\"Est. reading time\" \/>\n\t<meta name=\"twitter:data2\" content=\"8 minutes\" \/>\n<script type=\"application\/ld+json\" class=\"yoast-schema-graph\">{\"@context\":\"https:\\\/\\\/schema.org\",\"@graph\":[{\"@type\":\"Article\",\"@id\":\"https:\\\/\\\/www.ensembleintercontemporain.com\\\/en\\\/2024\\\/10\\\/le-son-dans-la-peau-entretien-avec-rebecca-saunders-compositrice\\\/#article\",\"isPartOf\":{\"@id\":\"https:\\\/\\\/www.ensembleintercontemporain.com\\\/en\\\/2024\\\/10\\\/le-son-dans-la-peau-entretien-avec-rebecca-saunders-compositrice\\\/\"},\"author\":{\"name\":\"J\u00e9remie Szpirglas\",\"@id\":\"https:\\\/\\\/www.ensembleintercontemporain.com\\\/en\\\/#\\\/schema\\\/person\\\/439a7dd5cd8a167c34c931d7cc900214\"},\"headline\":\"Le son dans la peau. Entretien avec Rebecca Saunders, compositrice.\",\"datePublished\":\"2024-10-25T12:24:49+00:00\",\"mainEntityOfPage\":{\"@id\":\"https:\\\/\\\/www.ensembleintercontemporain.com\\\/en\\\/2024\\\/10\\\/le-son-dans-la-peau-entretien-avec-rebecca-saunders-compositrice\\\/\"},\"wordCount\":1451,\"image\":{\"@id\":\"https:\\\/\\\/www.ensembleintercontemporain.com\\\/en\\\/2024\\\/10\\\/le-son-dans-la-peau-entretien-avec-rebecca-saunders-compositrice\\\/#primaryimage\"},\"thumbnailUrl\":\"https:\\\/\\\/www.ensembleintercontemporain.com\\\/content\\\/uploads\\\/2024\\\/10\\\/rs-20200728-0106-1.jpg\",\"articleSection\":[\"Entretien\"],\"inLanguage\":\"en-US\"},{\"@type\":\"WebPage\",\"@id\":\"https:\\\/\\\/www.ensembleintercontemporain.com\\\/en\\\/2024\\\/10\\\/le-son-dans-la-peau-entretien-avec-rebecca-saunders-compositrice\\\/\",\"url\":\"https:\\\/\\\/www.ensembleintercontemporain.com\\\/en\\\/2024\\\/10\\\/le-son-dans-la-peau-entretien-avec-rebecca-saunders-compositrice\\\/\",\"name\":\"Le son dans la peau. Entretien avec Rebecca Saunders, compositrice. - Ensemble intercontemporain\",\"isPartOf\":{\"@id\":\"https:\\\/\\\/www.ensembleintercontemporain.com\\\/en\\\/#website\"},\"primaryImageOfPage\":{\"@id\":\"https:\\\/\\\/www.ensembleintercontemporain.com\\\/en\\\/2024\\\/10\\\/le-son-dans-la-peau-entretien-avec-rebecca-saunders-compositrice\\\/#primaryimage\"},\"image\":{\"@id\":\"https:\\\/\\\/www.ensembleintercontemporain.com\\\/en\\\/2024\\\/10\\\/le-son-dans-la-peau-entretien-avec-rebecca-saunders-compositrice\\\/#primaryimage\"},\"thumbnailUrl\":\"https:\\\/\\\/www.ensembleintercontemporain.com\\\/content\\\/uploads\\\/2024\\\/10\\\/rs-20200728-0106-1.jpg\",\"datePublished\":\"2024-10-25T12:24:49+00:00\",\"author\":{\"@id\":\"https:\\\/\\\/www.ensembleintercontemporain.com\\\/en\\\/#\\\/schema\\\/person\\\/439a7dd5cd8a167c34c931d7cc900214\"},\"breadcrumb\":{\"@id\":\"https:\\\/\\\/www.ensembleintercontemporain.com\\\/en\\\/2024\\\/10\\\/le-son-dans-la-peau-entretien-avec-rebecca-saunders-compositrice\\\/#breadcrumb\"},\"inLanguage\":\"en-US\",\"potentialAction\":[{\"@type\":\"ReadAction\",\"target\":[\"https:\\\/\\\/www.ensembleintercontemporain.com\\\/en\\\/2024\\\/10\\\/le-son-dans-la-peau-entretien-avec-rebecca-saunders-compositrice\\\/\"]}]},{\"@type\":\"ImageObject\",\"inLanguage\":\"en-US\",\"@id\":\"https:\\\/\\\/www.ensembleintercontemporain.com\\\/en\\\/2024\\\/10\\\/le-son-dans-la-peau-entretien-avec-rebecca-saunders-compositrice\\\/#primaryimage\",\"url\":\"https:\\\/\\\/www.ensembleintercontemporain.com\\\/content\\\/uploads\\\/2024\\\/10\\\/rs-20200728-0106-1.jpg\",\"contentUrl\":\"https:\\\/\\\/www.ensembleintercontemporain.com\\\/content\\\/uploads\\\/2024\\\/10\\\/rs-20200728-0106-1.jpg\",\"width\":1920,\"height\":1280},{\"@type\":\"BreadcrumbList\",\"@id\":\"https:\\\/\\\/www.ensembleintercontemporain.com\\\/en\\\/2024\\\/10\\\/le-son-dans-la-peau-entretien-avec-rebecca-saunders-compositrice\\\/#breadcrumb\",\"itemListElement\":[{\"@type\":\"ListItem\",\"position\":1,\"name\":\"Home\",\"item\":\"https:\\\/\\\/www.ensembleintercontemporain.com\\\/en\\\/\"},{\"@type\":\"ListItem\",\"position\":2,\"name\":\"Le son dans la peau. Entretien avec Rebecca Saunders, compositrice.\"}]},{\"@type\":\"WebSite\",\"@id\":\"https:\\\/\\\/www.ensembleintercontemporain.com\\\/en\\\/#website\",\"url\":\"https:\\\/\\\/www.ensembleintercontemporain.com\\\/en\\\/\",\"name\":\"Ensemble intercontemporain\",\"description\":\"\",\"potentialAction\":[{\"@type\":\"SearchAction\",\"target\":{\"@type\":\"EntryPoint\",\"urlTemplate\":\"https:\\\/\\\/www.ensembleintercontemporain.com\\\/en\\\/?s={search_term_string}\"},\"query-input\":{\"@type\":\"PropertyValueSpecification\",\"valueRequired\":true,\"valueName\":\"search_term_string\"}}],\"inLanguage\":\"en-US\"},{\"@type\":\"Person\",\"@id\":\"https:\\\/\\\/www.ensembleintercontemporain.com\\\/en\\\/#\\\/schema\\\/person\\\/439a7dd5cd8a167c34c931d7cc900214\",\"name\":\"J\u00e9remie Szpirglas\",\"image\":{\"@type\":\"ImageObject\",\"inLanguage\":\"en-US\",\"@id\":\"https:\\\/\\\/secure.gravatar.com\\\/avatar\\\/51406c8ec861211e1bd97cfab9a482b48101946652a6a78f911670a9a593f3ed?s=96&d=mm&r=g\",\"url\":\"https:\\\/\\\/secure.gravatar.com\\\/avatar\\\/51406c8ec861211e1bd97cfab9a482b48101946652a6a78f911670a9a593f3ed?s=96&d=mm&r=g\",\"contentUrl\":\"https:\\\/\\\/secure.gravatar.com\\\/avatar\\\/51406c8ec861211e1bd97cfab9a482b48101946652a6a78f911670a9a593f3ed?s=96&d=mm&r=g\",\"caption\":\"J\u00e9remie Szpirglas\"},\"url\":\"https:\\\/\\\/www.ensembleintercontemporain.com\\\/en\\\/author\\\/benjamin-szpirglas\\\/\"}]}<\/script>\n<!-- \/ Yoast SEO plugin. -->","yoast_head_json":{"title":"Le son dans la peau. Entretien avec Rebecca Saunders, compositrice. - Ensemble intercontemporain","robots":{"index":"index","follow":"follow","max-snippet":"max-snippet:-1","max-image-preview":"max-image-preview:large","max-video-preview":"max-video-preview:-1"},"canonical":"https:\/\/www.ensembleintercontemporain.com\/en\/2024\/10\/le-son-dans-la-peau-entretien-avec-rebecca-saunders-compositrice\/","og_locale":"en_US","og_type":"article","og_title":"Le son dans la peau. Entretien avec Rebecca Saunders, compositrice. - Ensemble intercontemporain","og_description":"Le 8 novembre, \u00e0 la Cit\u00e9 de la musique, l\u2019Ensemble intercontemporain pr\u00e9sentera, pour la premi\u00e8re fois en France, le trityque \"Skin\"\/\"Scar\"\/\"Skull\" de Rebecca Saunders dans son int\u00e9gralit\u00e9. Nous revenons avec la compositrice anglaise sur la gen\u00e8se et l\u2019articulation de ces trois pi\u00e8ces singuli\u00e8res.","og_url":"https:\/\/www.ensembleintercontemporain.com\/en\/2024\/10\/le-son-dans-la-peau-entretien-avec-rebecca-saunders-compositrice\/","og_site_name":"Ensemble intercontemporain","article_published_time":"2024-10-25T12:24:49+00:00","og_image":[{"width":1920,"height":1280,"url":"https:\/\/www.ensembleintercontemporain.com\/content\/uploads\/2024\/10\/rs-20200728-0106-1.jpg","type":"image\/jpeg"}],"author":"J\u00e9remie Szpirglas","twitter_card":"summary_large_image","twitter_misc":{"Written by":"J\u00e9remie Szpirglas","Est. reading time":"8 minutes"},"schema":{"@context":"https:\/\/schema.org","@graph":[{"@type":"Article","@id":"https:\/\/www.ensembleintercontemporain.com\/en\/2024\/10\/le-son-dans-la-peau-entretien-avec-rebecca-saunders-compositrice\/#article","isPartOf":{"@id":"https:\/\/www.ensembleintercontemporain.com\/en\/2024\/10\/le-son-dans-la-peau-entretien-avec-rebecca-saunders-compositrice\/"},"author":{"name":"J\u00e9remie Szpirglas","@id":"https:\/\/www.ensembleintercontemporain.com\/en\/#\/schema\/person\/439a7dd5cd8a167c34c931d7cc900214"},"headline":"Le son dans la peau. Entretien avec Rebecca Saunders, compositrice.","datePublished":"2024-10-25T12:24:49+00:00","mainEntityOfPage":{"@id":"https:\/\/www.ensembleintercontemporain.com\/en\/2024\/10\/le-son-dans-la-peau-entretien-avec-rebecca-saunders-compositrice\/"},"wordCount":1451,"image":{"@id":"https:\/\/www.ensembleintercontemporain.com\/en\/2024\/10\/le-son-dans-la-peau-entretien-avec-rebecca-saunders-compositrice\/#primaryimage"},"thumbnailUrl":"https:\/\/www.ensembleintercontemporain.com\/content\/uploads\/2024\/10\/rs-20200728-0106-1.jpg","articleSection":["Entretien"],"inLanguage":"en-US"},{"@type":"WebPage","@id":"https:\/\/www.ensembleintercontemporain.com\/en\/2024\/10\/le-son-dans-la-peau-entretien-avec-rebecca-saunders-compositrice\/","url":"https:\/\/www.ensembleintercontemporain.com\/en\/2024\/10\/le-son-dans-la-peau-entretien-avec-rebecca-saunders-compositrice\/","name":"Le son dans la peau. Entretien avec Rebecca Saunders, compositrice. - Ensemble intercontemporain","isPartOf":{"@id":"https:\/\/www.ensembleintercontemporain.com\/en\/#website"},"primaryImageOfPage":{"@id":"https:\/\/www.ensembleintercontemporain.com\/en\/2024\/10\/le-son-dans-la-peau-entretien-avec-rebecca-saunders-compositrice\/#primaryimage"},"image":{"@id":"https:\/\/www.ensembleintercontemporain.com\/en\/2024\/10\/le-son-dans-la-peau-entretien-avec-rebecca-saunders-compositrice\/#primaryimage"},"thumbnailUrl":"https:\/\/www.ensembleintercontemporain.com\/content\/uploads\/2024\/10\/rs-20200728-0106-1.jpg","datePublished":"2024-10-25T12:24:49+00:00","author":{"@id":"https:\/\/www.ensembleintercontemporain.com\/en\/#\/schema\/person\/439a7dd5cd8a167c34c931d7cc900214"},"breadcrumb":{"@id":"https:\/\/www.ensembleintercontemporain.com\/en\/2024\/10\/le-son-dans-la-peau-entretien-avec-rebecca-saunders-compositrice\/#breadcrumb"},"inLanguage":"en-US","potentialAction":[{"@type":"ReadAction","target":["https:\/\/www.ensembleintercontemporain.com\/en\/2024\/10\/le-son-dans-la-peau-entretien-avec-rebecca-saunders-compositrice\/"]}]},{"@type":"ImageObject","inLanguage":"en-US","@id":"https:\/\/www.ensembleintercontemporain.com\/en\/2024\/10\/le-son-dans-la-peau-entretien-avec-rebecca-saunders-compositrice\/#primaryimage","url":"https:\/\/www.ensembleintercontemporain.com\/content\/uploads\/2024\/10\/rs-20200728-0106-1.jpg","contentUrl":"https:\/\/www.ensembleintercontemporain.com\/content\/uploads\/2024\/10\/rs-20200728-0106-1.jpg","width":1920,"height":1280},{"@type":"BreadcrumbList","@id":"https:\/\/www.ensembleintercontemporain.com\/en\/2024\/10\/le-son-dans-la-peau-entretien-avec-rebecca-saunders-compositrice\/#breadcrumb","itemListElement":[{"@type":"ListItem","position":1,"name":"Home","item":"https:\/\/www.ensembleintercontemporain.com\/en\/"},{"@type":"ListItem","position":2,"name":"Le son dans la peau. Entretien avec Rebecca Saunders, compositrice."}]},{"@type":"WebSite","@id":"https:\/\/www.ensembleintercontemporain.com\/en\/#website","url":"https:\/\/www.ensembleintercontemporain.com\/en\/","name":"Ensemble intercontemporain","description":"","potentialAction":[{"@type":"SearchAction","target":{"@type":"EntryPoint","urlTemplate":"https:\/\/www.ensembleintercontemporain.com\/en\/?s={search_term_string}"},"query-input":{"@type":"PropertyValueSpecification","valueRequired":true,"valueName":"search_term_string"}}],"inLanguage":"en-US"},{"@type":"Person","@id":"https:\/\/www.ensembleintercontemporain.com\/en\/#\/schema\/person\/439a7dd5cd8a167c34c931d7cc900214","name":"J\u00e9remie Szpirglas","image":{"@type":"ImageObject","inLanguage":"en-US","@id":"https:\/\/secure.gravatar.com\/avatar\/51406c8ec861211e1bd97cfab9a482b48101946652a6a78f911670a9a593f3ed?s=96&d=mm&r=g","url":"https:\/\/secure.gravatar.com\/avatar\/51406c8ec861211e1bd97cfab9a482b48101946652a6a78f911670a9a593f3ed?s=96&d=mm&r=g","contentUrl":"https:\/\/secure.gravatar.com\/avatar\/51406c8ec861211e1bd97cfab9a482b48101946652a6a78f911670a9a593f3ed?s=96&d=mm&r=g","caption":"J\u00e9remie Szpirglas"},"url":"https:\/\/www.ensembleintercontemporain.com\/en\/author\/benjamin-szpirglas\/"}]}},"_links":{"self":[{"href":"https:\/\/www.ensembleintercontemporain.com\/en\/wp-json\/wp\/v2\/posts\/27739\/"}],"collection":[{"href":"https:\/\/www.ensembleintercontemporain.com\/en\/wp-json\/wp\/v2\/posts\/"}],"about":[{"href":"https:\/\/www.ensembleintercontemporain.com\/en\/wp-json\/wp\/v2\/types\/post\/"}],"author":[{"embeddable":true,"href":"https:\/\/www.ensembleintercontemporain.com\/en\/wp-json\/wp\/v2\/users\/5\/"}],"replies":[{"embeddable":true,"href":"https:\/\/www.ensembleintercontemporain.com\/en\/wp-json\/wp\/v2\/comments\/?post=27739"}],"version-history":[{"count":6,"href":"https:\/\/www.ensembleintercontemporain.com\/en\/wp-json\/wp\/v2\/posts\/27739\/revisions\/"}],"predecessor-version":[{"id":27751,"href":"https:\/\/www.ensembleintercontemporain.com\/en\/wp-json\/wp\/v2\/posts\/27739\/revisions\/27751\/"}],"wp:featuredmedia":[{"embeddable":true,"href":"https:\/\/www.ensembleintercontemporain.com\/en\/wp-json\/wp\/v2\/media\/27740\/"}],"wp:attachment":[{"href":"https:\/\/www.ensembleintercontemporain.com\/en\/wp-json\/wp\/v2\/media\/?parent=27739"}],"wp:term":[{"taxonomy":"category","embeddable":true,"href":"https:\/\/www.ensembleintercontemporain.com\/en\/wp-json\/wp\/v2\/categories\/?post=27739"},{"taxonomy":"post_tag","embeddable":true,"href":"https:\/\/www.ensembleintercontemporain.com\/en\/wp-json\/wp\/v2\/tags\/?post=27739"}],"curies":[{"name":"wp","href":"https:\/\/api.w.org\/{rel}","templated":true}]}}