{"id":27595,"date":"2024-09-25T14:52:06","date_gmt":"2024-09-25T12:52:06","guid":{"rendered":"https:\/\/www.ensembleintercontemporain.com\/?p=27595"},"modified":"2024-09-25T14:53:17","modified_gmt":"2024-09-25T12:53:17","slug":"clara-iannotta-apprehender-sensiblement-le-monde","status":"publish","type":"post","link":"https:\/\/www.ensembleintercontemporain.com\/en\/2024\/09\/clara-iannotta-apprehender-sensiblement-le-monde\/","title":{"rendered":"Clara Iannotta : appr\u00e9hender sensiblement le monde."},"content":{"rendered":"<p><span style=\"color: #003366;\"><strong><span style=\"font-size: 18pt;\"><img loading=\"lazy\" decoding=\"async\" class=\"aligncenter size-full wp-image-27600\" src=\"http:\/\/www.ensembleintercontemporain.com\/content\/uploads\/2024\/09\/imgp7147.jpg\" alt=\"\" width=\"1920\" height=\"1280\" srcset=\"https:\/\/www.ensembleintercontemporain.com\/content\/uploads\/2024\/09\/imgp7147.jpg 1920w, https:\/\/www.ensembleintercontemporain.com\/content\/uploads\/2024\/09\/imgp7147-300x200.jpg 300w, https:\/\/www.ensembleintercontemporain.com\/content\/uploads\/2024\/09\/imgp7147-1024x683.jpg 1024w, https:\/\/www.ensembleintercontemporain.com\/content\/uploads\/2024\/09\/imgp7147-768x512.jpg 768w, https:\/\/www.ensembleintercontemporain.com\/content\/uploads\/2024\/09\/imgp7147-1536x1024.jpg 1536w\" sizes=\"auto, (max-width: 1920px) 100vw, 1920px\" \/><\/span><\/strong><\/span><\/p>\n<p><span style=\"color: #003366;\"><strong><span style=\"font-size: 18pt;\">L<\/span>e<a href=\"https:\/\/www.ensembleintercontemporain.com\/fr\/concert\/echo-from-afar-2024-10-11-20h00-paris\/\"> 11 octobre, \u00e0 la Cit\u00e9 de la musique (Paris)<\/a>, l\u2019Ensemble intercontemporain (EIC) consacrera un concert entier \u00e0 Clara Iannotta. En dix ans seulement, la compositrice italienne est devenue l&#8217;une des figures majeures de la sc\u00e8ne musicale contemporaine. Mais qui est exactement Clara Iannotta ? De quoi est compos\u00e9e sa musique ? Ce concert, qui marque le dixi\u00e8me anniversaire de sa collaboration suivie avec l\u2019EIC, est l\u2019occasion id\u00e9ale de revenir sur son parcours.<\/strong><\/span><\/p>\n<p><em><span style=\"font-size: 14pt; color: #333333;\">La premi\u00e8re fois que j\u2019ai \u00e9t\u00e9 jou\u00e9e par l\u2019Ensemble intercontemporain, c\u2019\u00e9tait dans le cadre du Festival d\u2019Automne en octobre 2014, lors de la cr\u00e9ation de ma pi\u00e8ce <\/span><\/em><span style=\"font-size: 14pt; color: #333333;\">Intent on Resurrection \u2014 Spring or Some Such Thing<\/span><em><span style=\"font-size: 14pt; color: #333333;\">. Et ma musique partageait d\u00e9j\u00e0 l\u2019affiche avec <\/span><\/em><span style=\"font-size: 14pt; color: #333333;\">Concertini<\/span> <em><span style=\"font-size: 14pt; color: #333333;\">de Helmut Lachenmann ! Le festival consacrait cette ann\u00e9e-l\u00e0 une grande partie de sa programmation \u00e0 Luigi Nono, et Lachenmann m\u2019a racont\u00e9 qu\u2019il avait re\u00e7u un certain nombre de lettres de Nono, dans lesquelles celui-ci lui confiait qu\u2019il \u00e9tait en crise, et qu\u2019il n\u2019arrivait plus \u00e0 \u00e9crire. Je me rappelle lui avoir dit : \u00ab C\u2019est bien, je pense que tous les artistes devraient avoir une crise, au moins une fois dans leur vie. \u00bb Et Lachenmann m\u2019a r\u00e9pondu : \u00ab Tout d\u00e9pend de ce qui vient apr\u00e8s. \u00bb Bizarrement, apr\u00e8s ce concert, j\u2019ai pass\u00e9 11 mois sans parvenir \u00e0 \u00e9crire la moindre note de musique ! Et les mots de Lachenmann m\u2019ont accompagn\u00e9e pendant toute cette p\u00e9riode. Je ne cessais de m\u2019interroger : \u00ab Quelle pi\u00e8ce viendra apr\u00e8s ? \u00bb voire \u00ab Y aura-t-il un apr\u00e8s ? \u00bb<\/span><\/em><\/p>\n<p><span style=\"font-size: 14pt;\">Comme nous le verrons tout au long de cet article, loin d\u2019\u00eatre le r\u00e9sultat d\u2019un bouleversement provoqu\u00e9 par un ph\u00e9nom\u00e8ne ext\u00e9rieur, la crise \u00e9voqu\u00e9e par Clara est le fruit de son propre m\u00e9tier, de sa tendance \u00e0 engager avec son mat\u00e9riau et \u00e0 remettre en question sa pratique sans rel\u00e2che. Chez la compositrice, les crises sont annonciatrices d\u2019un approfondissement esth\u00e9tique et stylistique qui se nourrit des propositions ant\u00e9rieures. De ce fait, avant de chercher \u00e0 comprendre ce qui viendra apr\u00e8s et surtout de quoi est faite la musique de Clara maintenant, int\u00e9ressons-nous d\u2019abord \u00e0 ce qui vint avant.<\/span><em><span style=\"font-size: 14pt; color: #333333;\"><br \/>\n<\/span><\/em><\/p>\n<p><strong>Ce qui vint avant<\/strong><br \/>\n<span style=\"font-size: 14pt;\">Clara commence la composition en 2003 au conservatoire Santa Cecilia de Rome sur les conseils de son professeur de fl\u00fbte traversi\u00e8re afin de perfectionner son jeu d\u2019interpr\u00e8te. Cette nouvelle passion la porte \u00e0 suivre les cours de composition au conservatoire Giuseppe Verdi, sous la direction d\u2019Alessandro Solbiati. Que ce soit en lien avec son pass\u00e9 d\u2019interpr\u00e8te ou son travail d\u2019analyse et de transcription libre des orchestrations des \u0153uvres du pass\u00e9 \u00e0 partir des enregistrements disponibles, les premi\u00e8res \u0153uvres de Clara (<em>Al di l\u00e0 del bianco<\/em>, 2009 et<em> Il Colore dell\u2019ombra<\/em>, 2010) t\u00e9moignent d\u00e9j\u00e0 de son int\u00e9r\u00eat pour le timbre et les techniques d\u2019orchestration. Durant ses \u00e9tudes \u00e0 Paris (au Conservatoire et \u00e0 l\u2019Ircam), Clara approfondit ses recherches sur le timbre. Profitant de pouvoir travailler de pr\u00e8s avec les interpr\u00e8tes, notamment la violoncelliste S\u00e9verine Ballon, elle explore le potentiel de nouvelles techniques de jeu \u00e9tendues et d\u00e9veloppe son instrumentarium avec des objets insolites lui permettant de donner corps aux sonorit\u00e9s imagin\u00e9es (aluminium, verre en cristal, bo\u00eete \u00e0 musique, gelinotte, etc).<br \/>\n<\/span><\/p>\n<p style=\"text-align: center;\"><iframe loading=\"lazy\" src=\"https:\/\/w.soundcloud.com\/player\/?url=https%3A\/\/api.soundcloud.com\/tracks\/33053054&amp;color=%23ff5500&amp;auto_play=false&amp;hide_related=false&amp;show_comments=true&amp;show_user=true&amp;show_reposts=false&amp;show_teaser=true\" width=\"100%\" height=\"166\" frameborder=\"no\" scrolling=\"no\"><\/iframe><\/p>\n<p><span style=\"font-size: 14pt;\">Cette pratique, qu\u2019elle associera plus tard \u00e0 son enfance \u2013 la construction de ses propres jouets \u00e0 partir de mat\u00e9riaux disparates \u2013 et qui n\u2019est pas sans rappeler le th\u00e9\u00e2tre instrumental de Kagel, Globokar ou Aperghis, interroge le r\u00f4le du geste et de la technique dans notre perception du timbre, un ph\u00e9nom\u00e8ne inspir\u00e9 d\u2019une aphonie temporaire subie par sa m\u00e8re pendant cette p\u00e9riode. L\u2019orchestration devient alors \u00ab chor\u00e9graphie des sons \u00bb permettant aux auditeurs d\u2019int\u00e9grer dans leur exp\u00e9rience la physicalit\u00e9 de ces sonorit\u00e9s originales mais dont le but final reste le rendu sonore, \u00e9mulant par moment la m\u00e9canique r\u00e9p\u00e9titive des bo\u00eetes \u00e0 musique (<em>Limun<\/em> et <em>\u00c0phones<\/em>, 2011) ou encore la r\u00e9sonance transformative du carillon de Freiburg (<em>Glockengiesserei<\/em>, <em>Clangs<\/em>, <em>D\u2019apr\u00e8s,<\/em> 2012).<\/span><\/p>\n<p><img loading=\"lazy\" decoding=\"async\" class=\"aligncenter wp-image-27602\" src=\"http:\/\/www.ensembleintercontemporain.com\/content\/uploads\/2024\/09\/dscf5459-1024x623.jpg\" alt=\"\" width=\"850\" height=\"517\" srcset=\"https:\/\/www.ensembleintercontemporain.com\/content\/uploads\/2024\/09\/dscf5459-1024x623.jpg 1024w, https:\/\/www.ensembleintercontemporain.com\/content\/uploads\/2024\/09\/dscf5459-300x183.jpg 300w, https:\/\/www.ensembleintercontemporain.com\/content\/uploads\/2024\/09\/dscf5459-768x467.jpg 768w, https:\/\/www.ensembleintercontemporain.com\/content\/uploads\/2024\/09\/dscf5459-1536x934.jpg 1536w, https:\/\/www.ensembleintercontemporain.com\/content\/uploads\/2024\/09\/dscf5459.jpg 1920w\" sizes=\"auto, (max-width: 850px) 100vw, 850px\" \/><\/p>\n<p>&nbsp;<\/p>\n<p><em><strong>Intent on Resurrection: Spring or Some Such Thing<\/strong><\/em><br \/>\n<span style=\"font-size: 14pt;\">La crise qui a suivi la cr\u00e9ation d\u2019<em>Intent on Resurrection: Spring or Some Such Thing<\/em> (photo ci-dessus) est annonc\u00e9e dans les trois \u0153uvres compos\u00e9es dans le cadre du Berliner K\u00fcnstlerprogramm des DAAD (2013\u201314), \u0153uvres dans lesquelles Clara commence \u00e0 imaginer un \u00e9crin formel sp\u00e9cialement con\u00e7u pour les sons qu\u2019elle imagine. Inspir\u00e9e par la lecture d\u2019<em>Infinite Jest<\/em> (1996) de l\u2019\u00e9crivain \u00e9tats-unien David Foster Wallace, Clara explore dans son premier quatuor <em>A Failed Entertainment<\/em> (2013) les bases d\u2019une forme \u00ab non-directionnelle \u00bb dont l\u2019organisation prend en compte les m\u00e9canismes de la m\u00e9moire et des attentes des auditeurs afin de subvertir le d\u00e9roulement temporel t\u00e9l\u00e9ologique inh\u00e9rent au fait musical.<br \/>\n<\/span><\/p>\n<p style=\"text-align: center;\"><iframe loading=\"lazy\" src=\"https:\/\/w.soundcloud.com\/player\/?url=https%3A\/\/api.soundcloud.com\/tracks\/173627357&amp;color=%23ff5500&amp;auto_play=false&amp;hide_related=false&amp;show_comments=true&amp;show_user=true&amp;show_reposts=false&amp;show_teaser=true\" width=\"100%\" height=\"166\" frameborder=\"no\" scrolling=\"no\"><\/iframe><\/p>\n<p><span style=\"font-size: 14pt;\">Dans la pi\u00e8ce suivante, <em>The people here go mad<\/em>. <em>They blame the wind<\/em> (2013\u201314) pour clarinette basse, violoncelle et piano, Clara r\u00e9int\u00e8gre des \u00e9l\u00e9ments de ses \u0153uvres pass\u00e9es avec une augmentation de son instrumentarium en raison du mod\u00e8le sonore choisi \u2014 le son des <em>wind chimes<\/em> entendu lors d\u2019une promenade \u00e0 Somerville (\u00c9tats-Unis) \u2013 mais les agence dans le temps selon un principe de r\u00e9p\u00e9titions tress\u00e9es jouant avec les attentes de l\u2019auditeur. Extrait du po\u00e8me <em>Tramontana<\/em> de la po\u00e9tesse irlandaise Dorothy Molloy (1942\u20132004) dont l\u2019\u0153uvre interroge la mort, la maladie, la violence ainsi que la banalit\u00e9 de l\u2019existence avec beaucoup de lyrisme et un univers d\u2019images qui offre un regard in\u00e9dit sur notre rapport au monde, le titre annonce le glissement esth\u00e9tique cristallis\u00e9 dans la composition d\u2019<em>Intent<\/em>. La premi\u00e8re partie de l\u2019\u0153uvre, caract\u00e9ris\u00e9e par un principe de d\u00e9composition des param\u00e8tres permettant \u00e0 l\u2019auditeur d\u2019explorer toutes les facettes du mod\u00e8le sonore choisi \u2013 la bo\u00eete \u00e0 musique \u2013 fait \u00e9cho au po\u00e8me <em>Playing the Bones<\/em> dont est extrait le titre de l\u2019\u0153uvre et dans lequel Molloy imagine le futur de son corps et de ses os une fois tr\u00e9pass\u00e9e.<br \/>\n<\/span><\/p>\n<p><span style=\"font-size: 14pt;\"><span style=\"font-size: 14pt;\">L\u2019\u00e9mancipation du timbre provoqu\u00e9e par cette nouvelle approche contraste radicalement avec la seconde partie de l\u2019\u0153uvre marqu\u00e9e par un retour aux strat\u00e9gies de composition pass\u00e9es, notamment l\u2019organisation des structures sonores \u00e9mulant les m\u00e9canismes r\u00e9p\u00e9titifs des carillons et des bo\u00eetes \u00e0 musique.<\/span><br \/>\n<\/span><\/p>\n<p><img loading=\"lazy\" decoding=\"async\" class=\"aligncenter wp-image-27604\" src=\"http:\/\/www.ensembleintercontemporain.com\/content\/uploads\/2024\/09\/dscf1671-1024x683.jpg\" alt=\"\" width=\"850\" height=\"567\" srcset=\"https:\/\/www.ensembleintercontemporain.com\/content\/uploads\/2024\/09\/dscf1671-1024x683.jpg 1024w, https:\/\/www.ensembleintercontemporain.com\/content\/uploads\/2024\/09\/dscf1671-300x200.jpg 300w, https:\/\/www.ensembleintercontemporain.com\/content\/uploads\/2024\/09\/dscf1671-768x512.jpg 768w, https:\/\/www.ensembleintercontemporain.com\/content\/uploads\/2024\/09\/dscf1671-1536x1024.jpg 1536w, https:\/\/www.ensembleintercontemporain.com\/content\/uploads\/2024\/09\/dscf1671.jpg 1920w\" sizes=\"auto, (max-width: 850px) 100vw, 850px\" \/><\/p>\n<p><strong><br \/>\nCe qui vint apr\u00e8s<\/strong><br \/>\n<span style=\"font-size: 14pt;\">L\u2019apr\u00e8s, pour Clara, se distingue par une \u00ab mue \u00bb artistique nourrie d\u2019une introspection minutieuse de son langage musical. Suivant les conseils de Chaya Czernovin, avec qui elle travaille dans le cadre de son Doctorat en composition \u00e0 Harvard, mais \u00e9galement ceux de ses pairs tel que Pierluigi Billone, Clara apprend \u00e0 exploiter la richesse interne de ses sons et textures, \u00e0 en analyser les diff\u00e9rentes qualit\u00e9s afin de tisser des liens \u00e9troits entre eux pour donner naissance \u00e0 des sonorit\u00e9s et trajectoires de timbres originales.<br \/>\n<\/span><\/p>\n<p><span style=\"font-size: 14pt;\">La forme n\u2019est plus fonction d\u2019un cadre externe impos\u00e9 mais \u00e9merge dor\u00e9navant de la nature m\u00eame du mat\u00e9riau, de sa capacit\u00e9 \u00e0 sculpter l\u2019espace, \u00e0 stimuler des visions de textures en variant les degr\u00e9s de rugosit\u00e9, densit\u00e9 et luminosit\u00e9, ou encore \u00e0 jouer sur l\u2019\u00e9coute corporelle en jouant sur \u00ab l\u2019agr\u00e9abilit\u00e9 \u00bb des sons, plongeant les auditeurs dans les sonorit\u00e9s les plus \u00e9blouissantes pour ensuite les amener hors de leur zone de confort. La \u00ab chor\u00e9graphie des sons \u00bb, toujours pr\u00e9sente, c\u00e8de le pas aux images mentales provoqu\u00e9es par l\u2019\u00e9coute. <\/span><span style=\"font-size: 14pt;\">Ce changement est perceptible d\u00e8s <em>Troglodyte Angels Clank by<\/em> (2015), pi\u00e8ce compos\u00e9e pendant la crise et qui fait \u00e9cho \u00e0 <em>Intent<\/em> tant du point de vue de l\u2019effectif que du mat\u00e9riau. Les deux \u0153uvres d\u00e9butent sur une texture \u00e9paisse, grave et granuleuse. Dans <em>Intent<\/em>, cette texture r\u00e9sultait du processus de d\u00e9composition param\u00e9trique d\u2019un objet sonore fondamental \u2013 une bo\u00eete \u00e0 musique \u2013 mod\u00e8le qui s\u2019imposait progressivement aux auditeurs. Dans <em>Troglodyte<\/em>, la texture se justifie par elle-m\u00eame et progresse avec fluidit\u00e9, de mani\u00e8re organique et impr\u00e9visible, vers la texture lisse et aigu\u00eb d\u2019un son sinuso\u00efdal.<br \/>\n<\/span><\/p>\n<p style=\"text-align: center;\"><iframe loading=\"lazy\" src=\"https:\/\/w.soundcloud.com\/player\/?url=https%3A\/\/api.soundcloud.com\/tracks\/250167357&amp;color=%23ff5500&amp;auto_play=false&amp;hide_related=false&amp;show_comments=true&amp;show_user=true&amp;show_reposts=false&amp;show_teaser=true\" width=\"100%\" height=\"166\" frameborder=\"no\" scrolling=\"no\"><\/iframe><\/p>\n<div style=\"font-size: 10px; color: #cccccc; line-break: anywhere; word-break: normal; overflow: hidden; white-space: nowrap; text-overflow: ellipsis; font-family: Interstate,Lucida Grande,Lucida Sans Unicode,Lucida Sans,Garuda,Verdana,Tahoma,sans-serif; font-weight: 100;\"><\/div>\n<p><span style=\"font-size: 14pt;\">Les r\u00e9p\u00e9titions, qui auparavant \u00e9mulaient le m\u00e9canisme des bo\u00eetes \u00e0 musique, jouent ici un r\u00f4le d\u2019\u00e9talon de mesure permettant \u00e0 l\u2019auditeur d\u2019appr\u00e9cier les fluctuations de son horizon d\u2019\u00e9coute li\u00e9es aux subtiles strat\u00e9gies d\u2019orchestration. L\u2019utilisation du timbre comme agent structurel de l\u2019espace sonore est \u00e9galement centrale dans la pi\u00e8ce <em>paw-marks in wet cement (ii)<\/em> (2015\u201318), le premier concerto pour piano et ensemble de Clara dans lequel l\u2019auditeur a le temps de prendre la mesure du \u00ab poids \u00bb des sons, lequel fluctue en fonction du contexte qui les encadre.<\/span><\/p>\n<p><span style=\"font-size: 14pt;\">Cette \u00ab mue \u00bb stylistique, un processus douloureux et \u00e9prouvant, s\u2019accompagne d\u2019une \u00e9volution po\u00e9tique qui se distingue par la recherche de mod\u00e8les compositionnels dans le monde environnant. Par exemple, le mod\u00e8le compositionnel derri\u00e8re <em>Troglodyte<\/em> est une m\u00e9taphore visuelle provoqu\u00e9e par les textes de Molloy : \u00ab Au d\u00e9but, nous ne voyons rien du tout. Puis, au fur et \u00e0 mesure que nos yeux s&#8217;habituent \u00e0 la p\u00e9nombre, [\u2026] nous commen\u00e7ons \u00e0 remarquer ce qui nous entoure : les nuances de couleur, les diff\u00e9rentes particules et, enfin, la fa\u00e7on dont un simple rayon de lumi\u00e8re peut transformer un monde apparemment immobile. \u00bb Ou encore, derri\u00e8re l\u2019image suscit\u00e9e par le titre <em>dead wasps in the jam-jar (i)<\/em> (2014\u201315), gu\u00eapes mortes dans un pot de confiture, se trouve le programme de l\u2019\u0153uvre : une r\u00e9interpr\u00e9tation de la Courante et son double de la <em>Partita n.1<\/em> pour violon solo de J. S. Bach \u2013 la confiture \u2013 filtr\u00e9es par les sonorit\u00e9s de Clara \u2013 les gu\u00eapes.<\/span><\/p>\n<p><span style=\"font-size: 14pt;\">Si <em>dead wasps in the jam-jar (ii)<\/em> (2016) explore les ressources de ce mat\u00e9riau avec le soutien d\u2019un effectif orchestral augment\u00e9 de l\u2019instrumentarium de Clara, <em>dead wasps in the jam-jar (iii)<\/em> (2017\u201318) pour quatuor \u00e0 cordes et \u00e9lectronique s\u2019inspire d\u2019un autre mod\u00e8le naturel, l\u2019\u00e9cosyst\u00e8me des fonds marins, afin de repenser les variations de luminosit\u00e9 des timbres.<br \/>\n<\/span><span style=\"font-size: 14pt;\">Enfin, <em>Moult<\/em> (2018\u201319), une pi\u00e8ce orchestrale compos\u00e9e pendant la r\u00e9sidence \u00e0 la Villa M\u00e9dicis, prend pour mod\u00e8le le processus de la mue des insectes afin d\u2019\u00e9tudier la possibilit\u00e9 de faire l\u2019exp\u00e9rience de temporalit\u00e9s superpos\u00e9es dans une m\u00eame \u0153uvre. L\u2019enregistrement de <em>dead wasps in the jam-jar (iii)<\/em>, diffus\u00e9 dans neuf temporalit\u00e9s ralenties \u00e0 l\u2019aide de lecteurs cassettes (la \u00ab mue \u00bb), sert de support \u00e0 partir duquel l\u2019orchestre interagit tout au long de l\u2019\u0153uvre.<\/span><\/p>\n<p><img loading=\"lazy\" decoding=\"async\" class=\"aligncenter wp-image-27606\" src=\"http:\/\/www.ensembleintercontemporain.com\/content\/uploads\/2024\/09\/dscf1726-1024x683.jpg\" alt=\"\" width=\"850\" height=\"567\" srcset=\"https:\/\/www.ensembleintercontemporain.com\/content\/uploads\/2024\/09\/dscf1726-1024x683.jpg 1024w, https:\/\/www.ensembleintercontemporain.com\/content\/uploads\/2024\/09\/dscf1726-300x200.jpg 300w, https:\/\/www.ensembleintercontemporain.com\/content\/uploads\/2024\/09\/dscf1726-768x512.jpg 768w, https:\/\/www.ensembleintercontemporain.com\/content\/uploads\/2024\/09\/dscf1726-1536x1024.jpg 1536w, https:\/\/www.ensembleintercontemporain.com\/content\/uploads\/2024\/09\/dscf1726.jpg 1920w\" sizes=\"auto, (max-width: 850px) 100vw, 850px\" \/><\/p>\n<p>&nbsp;<\/p>\n<p><strong>Et maintenant\u2026<\/strong><br \/>\n<span style=\"font-size: 14pt;\"><em>A stir among the stars, a making way<\/em> (2019\u201320) et <em>echo from afar (ii)<\/em> (2022), deux des pi\u00e8ces au programme du concert monographique que lui consacre l\u2019EIC, sont l\u2019expression d\u2019une nouvelle \u00ab mue \u00bb compositionnelle annonc\u00e9e par <em>Moult<\/em>. Mises \u00e0 part <em>Eclipse Plumage<\/em> (2019) et <em>You crawl over seas of granite<\/em> (2019\u201320), \u0153uvres charni\u00e8res pr\u00e9sentant encore l\u2019influence des recherches et projets esth\u00e9tiques pass\u00e9s, le \u00ab post-<em>Moult<\/em> \u00bb se caract\u00e9rise par un abandon progressif de l\u2019esth\u00e9tique de la \u00ab cruaut\u00e9 \u00bb auditive au profit d\u2019une \u00e9coute contemplative provoqu\u00e9e par l\u2019usage de longs bourdons textur\u00e9s.<br \/>\n<\/span><\/p>\n<p><span style=\"font-size: 14pt;\">Dans ce nouveau contexte sonore, les gestes et sonorit\u00e9s embl\u00e9matiques de la phase pr\u00e9c\u00e9dente ressurgissent telles des r\u00e9miniscences, parfois \u00e0 peine reconnaissables en raison de la transformation des gestes ou du contexte de leur apparition. La \u00ab chor\u00e9graphie des sons \u00bb, enrichie d\u2019installations \u00e9lectroniques, sert de support \u00e0 la recherche des zones liminales entre les sonorit\u00e9s acoustiques et les sonorit\u00e9s \u00e9lectroniques permettant ainsi \u00e0 l\u2019auditeur de se plonger dans une \u00e9coute acousmatique, d\u00e9laissant l\u2019aspect visuel, pour d\u00e9couvrir les paysages sonores inattendus.<br \/>\nLa ma\u00eetrise du sonore est devenue telle qu\u2019elle est parfois associ\u00e9e \u00e0 d\u2019autres formes d\u2019expressions, telles que la danse ou la vid\u00e9o (cf. <em>skull ark<\/em>, <em>upturned with no mast<\/em>, 2017\u201318 ; <em>Outer Space<\/em>, 2018 ; M\/R, 2022).<br \/>\nSi l\u2019on serait tent\u00e9s d\u2019attribuer cette nouvelle mue \u00e0 l\u2019\u00e9coute des \u0153uvres et lectures des \u00e9crits d\u2019Eliane Radigue ou Pauline Oliveros , c\u2019est surtout son combat contre le cancer, \u00e0 la fin de l\u2019ann\u00e9e 2020, qui provoquera la refonte de son langage faisant \u00e9cho \u00e0 la profonde remise en question de son identit\u00e9, son style, son art. Car pour Clara composer, c\u2019est avant tout l\u2019expression d\u2019une voix intime, un regard unique qui se saisit du monde, l\u2019interroge afin d\u2019insuffler son organicit\u00e9 dans l\u2019organisation des sons.<\/span><\/p>\n<p>&nbsp;<\/p>\n<p><span style=\"color: #003366; font-size: 12pt;\"><strong>\u00c0 d\u00e9couvrir, un reportage vid\u00e9o sur <em>Vacant Lot (Strange Bird) <\/em>de Clara Iannotta :\u00a0<\/strong><\/span><\/p>\n<p><iframe loading=\"lazy\" title=\"YouTube video player\" src=\"https:\/\/www.youtube.com\/embed\/aWnfKwJWbKI?si=U6mdjpZe_IYv6odG\" width=\"560\" height=\"315\" frameborder=\"0\" allowfullscreen=\"allowfullscreen\"><\/iframe><\/p>\n<p>Photos (de haut en bas) : portrait Clara Iannotta <span lang=\"EN-US\">\u00a9 <\/span>Franck Ferville \/ autres photos <span lang=\"EN-US\">\u00a9 <\/span>EIC<\/p>\n","protected":false},"excerpt":{"rendered":"<p>Le 11 octobre, \u00e0 la Cit\u00e9 de la musique (Paris), l\u2019Ensemble intercontemporain (EIC) consacrera un concert entier \u00e0 Clara Iannotta. En seulement une d\u00e9cennie, la compositrice italienne est devenue une des figures majeures de la sc\u00e8ne musicale contemporaine. Mais qui est exactement Clara Iannotta ? De quoi est compos\u00e9e sa musique ? Ce concert, qui marque le dixi\u00e8me anniversaire de sa collaboration suivie avec l\u2019EIC, est l\u2019occasion id\u00e9ale de revenir sur son parcours.<\/p>\n","protected":false},"author":224,"featured_media":27600,"comment_status":"closed","ping_status":"closed","sticky":false,"template":"","format":"standard","meta":{"_acf_changed":false,"footnotes":""},"categories":[10],"tags":[624],"class_list":["post-27595","post","type-post","status-publish","format-standard","has-post-thumbnail","hentry","category-grand-angle","tag-clara-ianotta","concert-echo-from-afar"],"acf":[],"yoast_head":"<!-- This site is optimized with the Yoast SEO plugin v27.5 - https:\/\/yoast.com\/product\/yoast-seo-wordpress\/ -->\n<title>Clara Iannotta : appr\u00e9hender sensiblement le monde. - Ensemble intercontemporain<\/title>\n<meta name=\"robots\" content=\"index, follow, max-snippet:-1, max-image-preview:large, max-video-preview:-1\" \/>\n<link rel=\"canonical\" href=\"https:\/\/www.ensembleintercontemporain.com\/en\/2024\/09\/clara-iannotta-apprehender-sensiblement-le-monde\/\" \/>\n<meta property=\"og:locale\" content=\"en_US\" \/>\n<meta property=\"og:type\" content=\"article\" \/>\n<meta property=\"og:title\" content=\"Clara Iannotta : appr\u00e9hender sensiblement le monde. - Ensemble intercontemporain\" \/>\n<meta property=\"og:description\" content=\"Le 11 octobre, \u00e0 la Cit\u00e9 de la musique (Paris), l\u2019Ensemble intercontemporain (EIC) consacrera un concert entier \u00e0 Clara Iannotta. En seulement une d\u00e9cennie, la compositrice italienne est devenue une des figures majeures de la sc\u00e8ne musicale contemporaine. Mais qui est exactement Clara Iannotta ? De quoi est compos\u00e9e sa musique ? Ce concert, qui marque le dixi\u00e8me anniversaire de sa collaboration suivie avec l\u2019EIC, est l\u2019occasion id\u00e9ale de revenir sur son parcours.\" \/>\n<meta property=\"og:url\" content=\"https:\/\/www.ensembleintercontemporain.com\/en\/2024\/09\/clara-iannotta-apprehender-sensiblement-le-monde\/\" \/>\n<meta property=\"og:site_name\" content=\"Ensemble intercontemporain\" \/>\n<meta property=\"article:published_time\" content=\"2024-09-25T12:52:06+00:00\" \/>\n<meta property=\"article:modified_time\" content=\"2024-09-25T12:53:17+00:00\" \/>\n<meta property=\"og:image\" content=\"https:\/\/www.ensembleintercontemporain.com\/content\/uploads\/2024\/09\/imgp7147.jpg\" \/>\n\t<meta property=\"og:image:width\" content=\"1920\" \/>\n\t<meta property=\"og:image:height\" content=\"1280\" \/>\n\t<meta property=\"og:image:type\" content=\"image\/jpeg\" \/>\n<meta name=\"author\" content=\"Myl\u00e8ne Gioffredo\" \/>\n<meta name=\"twitter:card\" content=\"summary_large_image\" \/>\n<meta name=\"twitter:label1\" content=\"Written by\" \/>\n\t<meta name=\"twitter:data1\" content=\"Myl\u00e8ne Gioffredo\" \/>\n\t<meta name=\"twitter:label2\" content=\"Est. reading time\" \/>\n\t<meta name=\"twitter:data2\" content=\"11 minutes\" \/>\n<script type=\"application\/ld+json\" class=\"yoast-schema-graph\">{\"@context\":\"https:\\\/\\\/schema.org\",\"@graph\":[{\"@type\":\"Article\",\"@id\":\"https:\\\/\\\/www.ensembleintercontemporain.com\\\/en\\\/2024\\\/09\\\/clara-iannotta-apprehender-sensiblement-le-monde\\\/#article\",\"isPartOf\":{\"@id\":\"https:\\\/\\\/www.ensembleintercontemporain.com\\\/en\\\/2024\\\/09\\\/clara-iannotta-apprehender-sensiblement-le-monde\\\/\"},\"author\":{\"name\":\"Myl\u00e8ne Gioffredo\",\"@id\":\"https:\\\/\\\/www.ensembleintercontemporain.com\\\/en\\\/#\\\/schema\\\/person\\\/26e0174f8c183d51efb17dfb55de3dde\"},\"headline\":\"Clara Iannotta : appr\u00e9hender sensiblement le monde.\",\"datePublished\":\"2024-09-25T12:52:06+00:00\",\"dateModified\":\"2024-09-25T12:53:17+00:00\",\"mainEntityOfPage\":{\"@id\":\"https:\\\/\\\/www.ensembleintercontemporain.com\\\/en\\\/2024\\\/09\\\/clara-iannotta-apprehender-sensiblement-le-monde\\\/\"},\"wordCount\":2161,\"image\":{\"@id\":\"https:\\\/\\\/www.ensembleintercontemporain.com\\\/en\\\/2024\\\/09\\\/clara-iannotta-apprehender-sensiblement-le-monde\\\/#primaryimage\"},\"thumbnailUrl\":\"https:\\\/\\\/www.ensembleintercontemporain.com\\\/content\\\/uploads\\\/2024\\\/09\\\/imgp7147.jpg\",\"keywords\":[\"Clara Ianotta\"],\"articleSection\":[\"Grand Angle\"],\"inLanguage\":\"en-US\"},{\"@type\":\"WebPage\",\"@id\":\"https:\\\/\\\/www.ensembleintercontemporain.com\\\/en\\\/2024\\\/09\\\/clara-iannotta-apprehender-sensiblement-le-monde\\\/\",\"url\":\"https:\\\/\\\/www.ensembleintercontemporain.com\\\/en\\\/2024\\\/09\\\/clara-iannotta-apprehender-sensiblement-le-monde\\\/\",\"name\":\"Clara Iannotta : appr\u00e9hender sensiblement le monde. - Ensemble intercontemporain\",\"isPartOf\":{\"@id\":\"https:\\\/\\\/www.ensembleintercontemporain.com\\\/en\\\/#website\"},\"primaryImageOfPage\":{\"@id\":\"https:\\\/\\\/www.ensembleintercontemporain.com\\\/en\\\/2024\\\/09\\\/clara-iannotta-apprehender-sensiblement-le-monde\\\/#primaryimage\"},\"image\":{\"@id\":\"https:\\\/\\\/www.ensembleintercontemporain.com\\\/en\\\/2024\\\/09\\\/clara-iannotta-apprehender-sensiblement-le-monde\\\/#primaryimage\"},\"thumbnailUrl\":\"https:\\\/\\\/www.ensembleintercontemporain.com\\\/content\\\/uploads\\\/2024\\\/09\\\/imgp7147.jpg\",\"datePublished\":\"2024-09-25T12:52:06+00:00\",\"dateModified\":\"2024-09-25T12:53:17+00:00\",\"author\":{\"@id\":\"https:\\\/\\\/www.ensembleintercontemporain.com\\\/en\\\/#\\\/schema\\\/person\\\/26e0174f8c183d51efb17dfb55de3dde\"},\"breadcrumb\":{\"@id\":\"https:\\\/\\\/www.ensembleintercontemporain.com\\\/en\\\/2024\\\/09\\\/clara-iannotta-apprehender-sensiblement-le-monde\\\/#breadcrumb\"},\"inLanguage\":\"en-US\",\"potentialAction\":[{\"@type\":\"ReadAction\",\"target\":[\"https:\\\/\\\/www.ensembleintercontemporain.com\\\/en\\\/2024\\\/09\\\/clara-iannotta-apprehender-sensiblement-le-monde\\\/\"]}]},{\"@type\":\"ImageObject\",\"inLanguage\":\"en-US\",\"@id\":\"https:\\\/\\\/www.ensembleintercontemporain.com\\\/en\\\/2024\\\/09\\\/clara-iannotta-apprehender-sensiblement-le-monde\\\/#primaryimage\",\"url\":\"https:\\\/\\\/www.ensembleintercontemporain.com\\\/content\\\/uploads\\\/2024\\\/09\\\/imgp7147.jpg\",\"contentUrl\":\"https:\\\/\\\/www.ensembleintercontemporain.com\\\/content\\\/uploads\\\/2024\\\/09\\\/imgp7147.jpg\",\"width\":1920,\"height\":1280},{\"@type\":\"BreadcrumbList\",\"@id\":\"https:\\\/\\\/www.ensembleintercontemporain.com\\\/en\\\/2024\\\/09\\\/clara-iannotta-apprehender-sensiblement-le-monde\\\/#breadcrumb\",\"itemListElement\":[{\"@type\":\"ListItem\",\"position\":1,\"name\":\"Home\",\"item\":\"https:\\\/\\\/www.ensembleintercontemporain.com\\\/en\\\/\"},{\"@type\":\"ListItem\",\"position\":2,\"name\":\"Clara Iannotta : appr\u00e9hender sensiblement le monde.\"}]},{\"@type\":\"WebSite\",\"@id\":\"https:\\\/\\\/www.ensembleintercontemporain.com\\\/en\\\/#website\",\"url\":\"https:\\\/\\\/www.ensembleintercontemporain.com\\\/en\\\/\",\"name\":\"Ensemble intercontemporain\",\"description\":\"\",\"potentialAction\":[{\"@type\":\"SearchAction\",\"target\":{\"@type\":\"EntryPoint\",\"urlTemplate\":\"https:\\\/\\\/www.ensembleintercontemporain.com\\\/en\\\/?s={search_term_string}\"},\"query-input\":{\"@type\":\"PropertyValueSpecification\",\"valueRequired\":true,\"valueName\":\"search_term_string\"}}],\"inLanguage\":\"en-US\"},{\"@type\":\"Person\",\"@id\":\"https:\\\/\\\/www.ensembleintercontemporain.com\\\/en\\\/#\\\/schema\\\/person\\\/26e0174f8c183d51efb17dfb55de3dde\",\"name\":\"Myl\u00e8ne Gioffredo\",\"image\":{\"@type\":\"ImageObject\",\"inLanguage\":\"en-US\",\"@id\":\"https:\\\/\\\/secure.gravatar.com\\\/avatar\\\/2d546f7a5dd1f7a2ac21a27d59d838a34149fe5cd103853eabb21b654b9350fa?s=96&d=mm&r=g\",\"url\":\"https:\\\/\\\/secure.gravatar.com\\\/avatar\\\/2d546f7a5dd1f7a2ac21a27d59d838a34149fe5cd103853eabb21b654b9350fa?s=96&d=mm&r=g\",\"contentUrl\":\"https:\\\/\\\/secure.gravatar.com\\\/avatar\\\/2d546f7a5dd1f7a2ac21a27d59d838a34149fe5cd103853eabb21b654b9350fa?s=96&d=mm&r=g\",\"caption\":\"Myl\u00e8ne Gioffredo\"},\"url\":\"https:\\\/\\\/www.ensembleintercontemporain.com\\\/en\\\/author\\\/m-gioffredo\\\/\"}]}<\/script>\n<!-- \/ Yoast SEO plugin. -->","yoast_head_json":{"title":"Clara Iannotta : appr\u00e9hender sensiblement le monde. - Ensemble intercontemporain","robots":{"index":"index","follow":"follow","max-snippet":"max-snippet:-1","max-image-preview":"max-image-preview:large","max-video-preview":"max-video-preview:-1"},"canonical":"https:\/\/www.ensembleintercontemporain.com\/en\/2024\/09\/clara-iannotta-apprehender-sensiblement-le-monde\/","og_locale":"en_US","og_type":"article","og_title":"Clara Iannotta : appr\u00e9hender sensiblement le monde. - Ensemble intercontemporain","og_description":"Le 11 octobre, \u00e0 la Cit\u00e9 de la musique (Paris), l\u2019Ensemble intercontemporain (EIC) consacrera un concert entier \u00e0 Clara Iannotta. En seulement une d\u00e9cennie, la compositrice italienne est devenue une des figures majeures de la sc\u00e8ne musicale contemporaine. Mais qui est exactement Clara Iannotta ? De quoi est compos\u00e9e sa musique ? Ce concert, qui marque le dixi\u00e8me anniversaire de sa collaboration suivie avec l\u2019EIC, est l\u2019occasion id\u00e9ale de revenir sur son parcours.","og_url":"https:\/\/www.ensembleintercontemporain.com\/en\/2024\/09\/clara-iannotta-apprehender-sensiblement-le-monde\/","og_site_name":"Ensemble intercontemporain","article_published_time":"2024-09-25T12:52:06+00:00","article_modified_time":"2024-09-25T12:53:17+00:00","og_image":[{"width":1920,"height":1280,"url":"https:\/\/www.ensembleintercontemporain.com\/content\/uploads\/2024\/09\/imgp7147.jpg","type":"image\/jpeg"}],"author":"Myl\u00e8ne Gioffredo","twitter_card":"summary_large_image","twitter_misc":{"Written by":"Myl\u00e8ne Gioffredo","Est. reading time":"11 minutes"},"schema":{"@context":"https:\/\/schema.org","@graph":[{"@type":"Article","@id":"https:\/\/www.ensembleintercontemporain.com\/en\/2024\/09\/clara-iannotta-apprehender-sensiblement-le-monde\/#article","isPartOf":{"@id":"https:\/\/www.ensembleintercontemporain.com\/en\/2024\/09\/clara-iannotta-apprehender-sensiblement-le-monde\/"},"author":{"name":"Myl\u00e8ne Gioffredo","@id":"https:\/\/www.ensembleintercontemporain.com\/en\/#\/schema\/person\/26e0174f8c183d51efb17dfb55de3dde"},"headline":"Clara Iannotta : appr\u00e9hender sensiblement le monde.","datePublished":"2024-09-25T12:52:06+00:00","dateModified":"2024-09-25T12:53:17+00:00","mainEntityOfPage":{"@id":"https:\/\/www.ensembleintercontemporain.com\/en\/2024\/09\/clara-iannotta-apprehender-sensiblement-le-monde\/"},"wordCount":2161,"image":{"@id":"https:\/\/www.ensembleintercontemporain.com\/en\/2024\/09\/clara-iannotta-apprehender-sensiblement-le-monde\/#primaryimage"},"thumbnailUrl":"https:\/\/www.ensembleintercontemporain.com\/content\/uploads\/2024\/09\/imgp7147.jpg","keywords":["Clara Ianotta"],"articleSection":["Grand Angle"],"inLanguage":"en-US"},{"@type":"WebPage","@id":"https:\/\/www.ensembleintercontemporain.com\/en\/2024\/09\/clara-iannotta-apprehender-sensiblement-le-monde\/","url":"https:\/\/www.ensembleintercontemporain.com\/en\/2024\/09\/clara-iannotta-apprehender-sensiblement-le-monde\/","name":"Clara Iannotta : appr\u00e9hender sensiblement le monde. - Ensemble intercontemporain","isPartOf":{"@id":"https:\/\/www.ensembleintercontemporain.com\/en\/#website"},"primaryImageOfPage":{"@id":"https:\/\/www.ensembleintercontemporain.com\/en\/2024\/09\/clara-iannotta-apprehender-sensiblement-le-monde\/#primaryimage"},"image":{"@id":"https:\/\/www.ensembleintercontemporain.com\/en\/2024\/09\/clara-iannotta-apprehender-sensiblement-le-monde\/#primaryimage"},"thumbnailUrl":"https:\/\/www.ensembleintercontemporain.com\/content\/uploads\/2024\/09\/imgp7147.jpg","datePublished":"2024-09-25T12:52:06+00:00","dateModified":"2024-09-25T12:53:17+00:00","author":{"@id":"https:\/\/www.ensembleintercontemporain.com\/en\/#\/schema\/person\/26e0174f8c183d51efb17dfb55de3dde"},"breadcrumb":{"@id":"https:\/\/www.ensembleintercontemporain.com\/en\/2024\/09\/clara-iannotta-apprehender-sensiblement-le-monde\/#breadcrumb"},"inLanguage":"en-US","potentialAction":[{"@type":"ReadAction","target":["https:\/\/www.ensembleintercontemporain.com\/en\/2024\/09\/clara-iannotta-apprehender-sensiblement-le-monde\/"]}]},{"@type":"ImageObject","inLanguage":"en-US","@id":"https:\/\/www.ensembleintercontemporain.com\/en\/2024\/09\/clara-iannotta-apprehender-sensiblement-le-monde\/#primaryimage","url":"https:\/\/www.ensembleintercontemporain.com\/content\/uploads\/2024\/09\/imgp7147.jpg","contentUrl":"https:\/\/www.ensembleintercontemporain.com\/content\/uploads\/2024\/09\/imgp7147.jpg","width":1920,"height":1280},{"@type":"BreadcrumbList","@id":"https:\/\/www.ensembleintercontemporain.com\/en\/2024\/09\/clara-iannotta-apprehender-sensiblement-le-monde\/#breadcrumb","itemListElement":[{"@type":"ListItem","position":1,"name":"Home","item":"https:\/\/www.ensembleintercontemporain.com\/en\/"},{"@type":"ListItem","position":2,"name":"Clara Iannotta : appr\u00e9hender sensiblement le monde."}]},{"@type":"WebSite","@id":"https:\/\/www.ensembleintercontemporain.com\/en\/#website","url":"https:\/\/www.ensembleintercontemporain.com\/en\/","name":"Ensemble intercontemporain","description":"","potentialAction":[{"@type":"SearchAction","target":{"@type":"EntryPoint","urlTemplate":"https:\/\/www.ensembleintercontemporain.com\/en\/?s={search_term_string}"},"query-input":{"@type":"PropertyValueSpecification","valueRequired":true,"valueName":"search_term_string"}}],"inLanguage":"en-US"},{"@type":"Person","@id":"https:\/\/www.ensembleintercontemporain.com\/en\/#\/schema\/person\/26e0174f8c183d51efb17dfb55de3dde","name":"Myl\u00e8ne Gioffredo","image":{"@type":"ImageObject","inLanguage":"en-US","@id":"https:\/\/secure.gravatar.com\/avatar\/2d546f7a5dd1f7a2ac21a27d59d838a34149fe5cd103853eabb21b654b9350fa?s=96&d=mm&r=g","url":"https:\/\/secure.gravatar.com\/avatar\/2d546f7a5dd1f7a2ac21a27d59d838a34149fe5cd103853eabb21b654b9350fa?s=96&d=mm&r=g","contentUrl":"https:\/\/secure.gravatar.com\/avatar\/2d546f7a5dd1f7a2ac21a27d59d838a34149fe5cd103853eabb21b654b9350fa?s=96&d=mm&r=g","caption":"Myl\u00e8ne Gioffredo"},"url":"https:\/\/www.ensembleintercontemporain.com\/en\/author\/m-gioffredo\/"}]}},"_links":{"self":[{"href":"https:\/\/www.ensembleintercontemporain.com\/en\/wp-json\/wp\/v2\/posts\/27595\/"}],"collection":[{"href":"https:\/\/www.ensembleintercontemporain.com\/en\/wp-json\/wp\/v2\/posts\/"}],"about":[{"href":"https:\/\/www.ensembleintercontemporain.com\/en\/wp-json\/wp\/v2\/types\/post\/"}],"author":[{"embeddable":true,"href":"https:\/\/www.ensembleintercontemporain.com\/en\/wp-json\/wp\/v2\/users\/224\/"}],"replies":[{"embeddable":true,"href":"https:\/\/www.ensembleintercontemporain.com\/en\/wp-json\/wp\/v2\/comments\/?post=27595"}],"version-history":[{"count":19,"href":"https:\/\/www.ensembleintercontemporain.com\/en\/wp-json\/wp\/v2\/posts\/27595\/revisions\/"}],"predecessor-version":[{"id":27628,"href":"https:\/\/www.ensembleintercontemporain.com\/en\/wp-json\/wp\/v2\/posts\/27595\/revisions\/27628\/"}],"wp:featuredmedia":[{"embeddable":true,"href":"https:\/\/www.ensembleintercontemporain.com\/en\/wp-json\/wp\/v2\/media\/27600\/"}],"wp:attachment":[{"href":"https:\/\/www.ensembleintercontemporain.com\/en\/wp-json\/wp\/v2\/media\/?parent=27595"}],"wp:term":[{"taxonomy":"category","embeddable":true,"href":"https:\/\/www.ensembleintercontemporain.com\/en\/wp-json\/wp\/v2\/categories\/?post=27595"},{"taxonomy":"post_tag","embeddable":true,"href":"https:\/\/www.ensembleintercontemporain.com\/en\/wp-json\/wp\/v2\/tags\/?post=27595"}],"curies":[{"name":"wp","href":"https:\/\/api.w.org\/{rel}","templated":true}]}}