{"id":26546,"date":"2024-03-25T18:07:33","date_gmt":"2024-03-25T17:07:33","guid":{"rendered":"https:\/\/www.ensembleintercontemporain.com\/?p=26546"},"modified":"2024-03-25T18:07:33","modified_gmt":"2024-03-25T17:07:33","slug":"five-black-rivers-amazones-musique-liquide","status":"publish","type":"post","link":"https:\/\/www.ensembleintercontemporain.com\/en\/2024\/03\/five-black-rivers-amazones-musique-liquide\/","title":{"rendered":"Five Black Rivers-Amazones : musique liquide."},"content":{"rendered":"<p><img loading=\"lazy\" decoding=\"async\" class=\"aligncenter size-full wp-image-26547\" src=\"http:\/\/www.ensembleintercontemporain.com\/content\/uploads\/2024\/03\/dscf5818.jpg\" alt=\"\" width=\"1920\" height=\"1280\" srcset=\"https:\/\/www.ensembleintercontemporain.com\/content\/uploads\/2024\/03\/dscf5818.jpg 1920w, https:\/\/www.ensembleintercontemporain.com\/content\/uploads\/2024\/03\/dscf5818-300x200.jpg 300w, https:\/\/www.ensembleintercontemporain.com\/content\/uploads\/2024\/03\/dscf5818-1024x683.jpg 1024w, https:\/\/www.ensembleintercontemporain.com\/content\/uploads\/2024\/03\/dscf5818-768x512.jpg 768w, https:\/\/www.ensembleintercontemporain.com\/content\/uploads\/2024\/03\/dscf5818-1536x1024.jpg 1536w\" sizes=\"auto, (max-width: 1920px) 100vw, 1920px\" \/><\/p>\n<p style=\"font-weight: 400;\"><span style=\"color: #003366;\"><strong><span style=\"font-size: 18pt;\">L<\/span>e <a href=\"https:\/\/www.ensembleintercontemporain.com\/fr\/concert\/in-between-waters-2024-03-29-20h00-paris\/\">29 mars, dans le cadre du concert <em>In Between Waters<\/em> \u00e0 la Cit\u00e9 de la musique<\/a> (Paris), le compositeur colombien Marco Su\u00e1rez-Cifuentes, en collaboration avec le physicien et artiste Jean-Marc Chomaz, cr\u00e9era le premier volet, consacr\u00e9 au fleuve Amazone, de leur projet commun <em>Five Black Rivers.<\/em> Une production musicale et sc\u00e9nique autour de grands fleuves du monde, qui se d\u00e9cline en cinq parties : Amazones, Ganges, Cauca, Rhin et Ishikari-Kawai. \u00a0<\/strong><\/span><\/p>\n<p style=\"font-weight: 400;\"><span style=\"font-size: 14pt;\"><em>Five Black Rivers\u00a0&#8211; Amazones.<\/em> Cette commande de l\u2019Ensemble intercontemporain, au-del\u00e0 de son titre, peut para\u00eetre obscure, en tout cas inhabituelle\u00a0: il s\u2019agit d\u2019une \u0153uvre \u00ab\u00a0pour trois musiciens, dispositif \u00e9lectroacoustique et trois <em>architectures musicales hydrodynamiques<\/em> \u00bb. Mais qu&#8217;est-ce que cela recouvre ? La note d\u2019intention pr\u00e9cise que le projet \u00ab met en \u0153uvre trois installations de pluie con\u00e7ues par le physicien et artiste \u00a0Jean-Marc Chomaz (\u2026). Les dispositifs sc\u00e9niques s\u2019offrent au public comme des kal\u00e9idoscopes son\/lumi\u00e8re, le jeu sonoris\u00e9 des instruments sculpte dans le temps les rideaux de pluie ; leurs rythmes et leurs dynamiques sont contr\u00f4l\u00e9s par la musique. Par un syst\u00e8me \u00e9lectroacoustique (microphones, traitement du signal et haut-parleurs transducteurs), chacune des trois installations de pluie devient amplificateur hydrodynamique des relations musicales et des situations acoustiques cr\u00e9\u00e9es par des groupes d\u2019instruments sp\u00e9cifiques de l\u2019ensemble. \u00bb<\/span><\/p>\n<p style=\"font-weight: 400;\"><span style=\"font-size: 14pt;\"><img loading=\"lazy\" decoding=\"async\" class=\"aligncenter wp-image-26587\" src=\"http:\/\/www.ensembleintercontemporain.com\/content\/uploads\/2024\/03\/w0a0457b-1024x681.jpg\" alt=\"\" width=\"680\" height=\"452\" srcset=\"https:\/\/www.ensembleintercontemporain.com\/content\/uploads\/2024\/03\/w0a0457b-1024x681.jpg 1024w, https:\/\/www.ensembleintercontemporain.com\/content\/uploads\/2024\/03\/w0a0457b-300x200.jpg 300w, https:\/\/www.ensembleintercontemporain.com\/content\/uploads\/2024\/03\/w0a0457b-768x511.jpg 768w, https:\/\/www.ensembleintercontemporain.com\/content\/uploads\/2024\/03\/w0a0457b-1536x1022.jpg 1536w, https:\/\/www.ensembleintercontemporain.com\/content\/uploads\/2024\/03\/w0a0457b.jpg 1920w\" sizes=\"auto, (max-width: 680px) 100vw, 680px\" \/><\/span><\/p>\n<p style=\"font-weight: 400;\"><span style=\"font-size: 14pt;\">Concr\u00e8tement, \u00e0 quoi cela ressemble-t-il ? Et surtout, quelle est l\u2019exp\u00e9rience artistique propos\u00e9e ? Pour y voir plus clair, nous nous sommes rendus aux r\u00e9p\u00e9titions des 14 et 15 mars \u00e0 la Cit\u00e9 de la musique. Nous y avons rencontr\u00e9 Marco Su\u00e1rez-Cifuentes (photo ci-dessus), Jean-Marc Chomaz et les trois solistes de l\u2019Ensemble intercontemporain qui interpr\u00e9teront l\u2019\u0153uvre : Alain Billard (clarinette basse), Nicolas Crosse (contrebasse) et Renaud D\u00e9jardin (violoncelle). \u00a0Nous avons pos\u00e9 quatre questions aux deux co-r\u00e9alisateurs. \u00a0<\/span><\/p>\n<p style=\"font-weight: 400;\"><strong>Comment est n\u00e9 le projet <em>Five Black Rivers<\/em> ? \u00a0<\/strong><\/p>\n<audio class=\"wp-audio-shortcode\" id=\"audio-26546-1\" preload=\"none\" style=\"width: 100%;\" controls=\"controls\"><source type=\"audio\/mpeg\" src=\"http:\/\/www.ensembleintercontemporain.com\/content\/uploads\/2024\/03\/FBR_Genese-et-intention.mp3?_=1\" \/><a href=\"http:\/\/www.ensembleintercontemporain.com\/content\/uploads\/2024\/03\/FBR_Genese-et-intention.mp3\">http:\/\/www.ensembleintercontemporain.com\/content\/uploads\/2024\/03\/FBR_Genese-et-intention.mp3<\/a><\/audio>\n<p style=\"font-weight: 400;\"><strong><br \/>\nComment fonctionne l\u2019interaction entre les musiciens et les installations de pluie\u00a0?<\/strong><\/p>\n<audio class=\"wp-audio-shortcode\" id=\"audio-26546-2\" preload=\"none\" style=\"width: 100%;\" controls=\"controls\"><source type=\"audio\/mpeg\" src=\"http:\/\/www.ensembleintercontemporain.com\/content\/uploads\/2024\/03\/FBR_Interaction.mp3?_=2\" \/><a href=\"http:\/\/www.ensembleintercontemporain.com\/content\/uploads\/2024\/03\/FBR_Interaction.mp3\">http:\/\/www.ensembleintercontemporain.com\/content\/uploads\/2024\/03\/FBR_Interaction.mp3<\/a><\/audio>\n<p style=\"font-weight: 400;\"><span style=\"font-size: 14pt;\"><br \/>\nLe dispositif sonore est compl\u00e9t\u00e9 par une double amplification, ajoute Marco Su\u00e1rez-Cifuentes : une amplification des instruments vers les installations de pluie, inaudible \u00e0 l\u2019oreille humaine mais qui permet \u00e0 l\u2019installation de pluie d\u2019interagir avec la musique ; et une amplification dispos\u00e9e en couronne au-dessus de la sc\u00e8ne, pour donner plus de relief sonore \u00e0 certains gestes instrumentaux et y agr\u00e9ger des sons \u00e9lectroacoustiques d\u00e9duits des fr\u00e9quences des lumi\u00e8res diffus\u00e9es. Car l\u2019\u0153uvre est tout autant visuelle que sonore\u2026<\/span><\/p>\n<p><img loading=\"lazy\" decoding=\"async\" class=\"aligncenter wp-image-26559\" src=\"http:\/\/www.ensembleintercontemporain.com\/content\/uploads\/2024\/03\/dscf5763-683x1024.jpg\" alt=\"\" width=\"469\" height=\"704\" srcset=\"https:\/\/www.ensembleintercontemporain.com\/content\/uploads\/2024\/03\/dscf5763-683x1024.jpg 683w, https:\/\/www.ensembleintercontemporain.com\/content\/uploads\/2024\/03\/dscf5763-200x300.jpg 200w, https:\/\/www.ensembleintercontemporain.com\/content\/uploads\/2024\/03\/dscf5763-768x1152.jpg 768w, https:\/\/www.ensembleintercontemporain.com\/content\/uploads\/2024\/03\/dscf5763-1024x1536.jpg 1024w, https:\/\/www.ensembleintercontemporain.com\/content\/uploads\/2024\/03\/dscf5763.jpg 1280w\" sizes=\"auto, (max-width: 469px) 100vw, 469px\" \/><\/p>\n<p style=\"font-weight: 400;\"><strong><br \/>\nVotre installation est \u00e9galement visuelle. Quel est le r\u00f4le de la lumi\u00e8re dans <em>Five Black Rivers &#8211; Amazones ?<\/em><\/strong><\/p>\n<audio class=\"wp-audio-shortcode\" id=\"audio-26546-3\" preload=\"none\" style=\"width: 100%;\" controls=\"controls\"><source type=\"audio\/mpeg\" src=\"http:\/\/www.ensembleintercontemporain.com\/content\/uploads\/2024\/03\/FBR_Lumiere.mp3?_=3\" \/><a href=\"http:\/\/www.ensembleintercontemporain.com\/content\/uploads\/2024\/03\/FBR_Lumiere.mp3\">http:\/\/www.ensembleintercontemporain.com\/content\/uploads\/2024\/03\/FBR_Lumiere.mp3<\/a><\/audio>\n<p>&nbsp;<\/p>\n<p style=\"font-weight: 400;\"><span style=\"font-size: 14pt;\">Voil\u00e0 donc pour la d\u00e9composition de l\u2019\u0153uvre en chacune de ses parties techniques. Reste \u00e0 savoir, au-del\u00e0 de l\u2019exp\u00e9rience artistique propos\u00e9e, en quoi une telle collaboration entre arts et sciences peut \u00eatre utile dans le monde contemporain. C\u2019est la question que nous avons pos\u00e9e \u00e0 Jean-Marc Chomaz (photo ci-dessous).<\/span><\/p>\n<p style=\"font-weight: 400;\"><strong>A quoi sert-il d\u2019impliquer la physique dans une \u0153uvre musicale aujourd\u2019hui\u00a0<em>?<\/em><\/strong><\/p>\n<audio class=\"wp-audio-shortcode\" id=\"audio-26546-4\" preload=\"none\" style=\"width: 100%;\" controls=\"controls\"><source type=\"audio\/mpeg\" src=\"http:\/\/www.ensembleintercontemporain.com\/content\/uploads\/2024\/03\/FBR_A-quoi-ca-sert.mp3?_=4\" \/><a href=\"http:\/\/www.ensembleintercontemporain.com\/content\/uploads\/2024\/03\/FBR_A-quoi-ca-sert.mp3\">http:\/\/www.ensembleintercontemporain.com\/content\/uploads\/2024\/03\/FBR_A-quoi-ca-sert.mp3<\/a><\/audio>\n<p>&nbsp;<\/p>\n<p>&nbsp;<\/p>\n<p><img loading=\"lazy\" decoding=\"async\" class=\"aligncenter wp-image-26563\" src=\"http:\/\/www.ensembleintercontemporain.com\/content\/uploads\/2024\/03\/dscf5848-1024x683.jpg\" alt=\"\" width=\"680\" height=\"453\" srcset=\"https:\/\/www.ensembleintercontemporain.com\/content\/uploads\/2024\/03\/dscf5848-1024x683.jpg 1024w, https:\/\/www.ensembleintercontemporain.com\/content\/uploads\/2024\/03\/dscf5848-300x200.jpg 300w, https:\/\/www.ensembleintercontemporain.com\/content\/uploads\/2024\/03\/dscf5848-768x512.jpg 768w, https:\/\/www.ensembleintercontemporain.com\/content\/uploads\/2024\/03\/dscf5848-1536x1024.jpg 1536w, https:\/\/www.ensembleintercontemporain.com\/content\/uploads\/2024\/03\/dscf5848.jpg 1920w\" sizes=\"auto, (max-width: 680px) 100vw, 680px\" \/><\/p>\n<p>&nbsp;<\/p>\n<p>&nbsp;<\/p>\n<p style=\"text-align: center;\"><strong><span style=\"font-size: 12pt;\"><span style=\"font-size: 14pt;\">&gt; Extraits vid\u00e9o de la r\u00e9p\u00e9tition du 15 mars \u00e0 la Cit\u00e9 de la musique \u00a0&lt;<\/span> <\/span>\u00a0<\/strong><\/p>\n<div style=\"width: 800px;\" class=\"wp-video\"><video class=\"wp-video-shortcode\" id=\"video-26546-1\" width=\"800\" height=\"450\" poster=\"http:\/\/www.ensembleintercontemporain.com\/content\/uploads\/2024\/03\/dscf5818.jpg\" preload=\"metadata\" controls=\"controls\"><source type=\"video\/mp4\" src=\"http:\/\/www.ensembleintercontemporain.com\/content\/uploads\/2024\/03\/Extrait-Five-Black-Rivers-reduit-.mp4?_=1\" \/><a href=\"http:\/\/www.ensembleintercontemporain.com\/content\/uploads\/2024\/03\/Extrait-Five-Black-Rivers-reduit-.mp4\">http:\/\/www.ensembleintercontemporain.com\/content\/uploads\/2024\/03\/Extrait-Five-Black-Rivers-reduit-.mp4<\/a><\/video><\/div>\n<p>&nbsp;<\/p>\n<div style=\"width: 800px;\" class=\"wp-video\"><video class=\"wp-video-shortcode\" id=\"video-26546-2\" width=\"800\" height=\"450\" poster=\"http:\/\/www.ensembleintercontemporain.com\/content\/uploads\/2024\/03\/dscf5812.jpg\" preload=\"metadata\" controls=\"controls\"><source type=\"video\/mp4\" src=\"http:\/\/www.ensembleintercontemporain.com\/content\/uploads\/2024\/03\/FIve-Black-Rivers-extrait-2-reduit.mp4?_=2\" \/><a href=\"http:\/\/www.ensembleintercontemporain.com\/content\/uploads\/2024\/03\/FIve-Black-Rivers-extrait-2-reduit.mp4\">http:\/\/www.ensembleintercontemporain.com\/content\/uploads\/2024\/03\/FIve-Black-Rivers-extrait-2-reduit.mp4<\/a><\/video><\/div>\n<p>&nbsp;<\/p>\n<p style=\"font-weight: 400;\">Texte, prise de son, interview\u00a0: Benjamin Bibas \/ la fabrique documentaire<br \/>\nPhotographies et vid\u00e9o \u00a0: Luc Hossepied \/ Ensemble intercontemporain<\/p>\n","protected":false},"excerpt":{"rendered":"<p>Le 29 mars, \u00e0 la Cit\u00e9 de la musique, le compositeur colombien Marco Su\u00e1rez-Cifuentes, en collaboration avec le physicien et artiste Jean-Marc Chomaz, cr\u00e9era le premier volet, consacr\u00e9 au fleuve Amazone, de leur projet commun &#8220;Five Black Rivers&#8221;. Une production musicale et sc\u00e9nique autour de grands fleuves du monde, qui se d\u00e9clinera en cinq parties : Amazones, Ganges, Cauca, Rhin et Ishikari-Kawai. \u00a0<\/p>\n","protected":false},"author":12,"featured_media":26547,"comment_status":"closed","ping_status":"closed","sticky":false,"template":"","format":"standard","meta":{"_acf_changed":false,"footnotes":""},"categories":[453],"tags":[],"class_list":["post-26546","post","type-post","status-publish","format-standard","has-post-thumbnail","hentry","category-reportage","concert-in-between-waters-2"],"acf":[],"yoast_head":"<!-- This site is optimized with the Yoast SEO plugin v27.5 - https:\/\/yoast.com\/product\/yoast-seo-wordpress\/ -->\n<title>Five Black Rivers-Amazones : musique liquide. - Ensemble intercontemporain<\/title>\n<meta name=\"robots\" content=\"index, follow, max-snippet:-1, max-image-preview:large, max-video-preview:-1\" \/>\n<link rel=\"canonical\" href=\"https:\/\/www.ensembleintercontemporain.com\/en\/2024\/03\/five-black-rivers-amazones-musique-liquide\/\" \/>\n<meta property=\"og:locale\" content=\"en_US\" \/>\n<meta property=\"og:type\" content=\"article\" \/>\n<meta property=\"og:title\" content=\"Five Black Rivers-Amazones : musique liquide. - Ensemble intercontemporain\" \/>\n<meta property=\"og:description\" content=\"Le 29 mars, \u00e0 la Cit\u00e9 de la musique, le compositeur colombien Marco Su\u00e1rez-Cifuentes, en collaboration avec le physicien et artiste Jean-Marc Chomaz, cr\u00e9era le premier volet, consacr\u00e9 au fleuve Amazone, de leur projet commun &quot;Five Black Rivers&quot;. Une production musicale et sc\u00e9nique autour de grands fleuves du monde, qui se d\u00e9clinera en cinq parties : Amazones, Ganges, Cauca, Rhin et Ishikari-Kawai. \u00a0\" \/>\n<meta property=\"og:url\" content=\"https:\/\/www.ensembleintercontemporain.com\/en\/2024\/03\/five-black-rivers-amazones-musique-liquide\/\" \/>\n<meta property=\"og:site_name\" content=\"Ensemble intercontemporain\" \/>\n<meta property=\"article:published_time\" content=\"2024-03-25T17:07:33+00:00\" \/>\n<meta property=\"og:image\" content=\"https:\/\/www.ensembleintercontemporain.com\/content\/uploads\/2024\/03\/dscf5818.jpg\" \/>\n\t<meta property=\"og:image:width\" content=\"1920\" \/>\n\t<meta property=\"og:image:height\" content=\"1280\" \/>\n\t<meta property=\"og:image:type\" content=\"image\/jpeg\" \/>\n<meta name=\"author\" content=\"Benjamin Bibas\" \/>\n<meta name=\"twitter:card\" content=\"summary_large_image\" \/>\n<meta name=\"twitter:label1\" content=\"Written by\" \/>\n\t<meta name=\"twitter:data1\" content=\"Benjamin Bibas\" \/>\n\t<meta name=\"twitter:label2\" content=\"Est. reading time\" \/>\n\t<meta name=\"twitter:data2\" content=\"4 minutes\" \/>\n<script type=\"application\/ld+json\" class=\"yoast-schema-graph\">{\"@context\":\"https:\\\/\\\/schema.org\",\"@graph\":[{\"@type\":\"Article\",\"@id\":\"https:\\\/\\\/www.ensembleintercontemporain.com\\\/en\\\/2024\\\/03\\\/five-black-rivers-amazones-musique-liquide\\\/#article\",\"isPartOf\":{\"@id\":\"https:\\\/\\\/www.ensembleintercontemporain.com\\\/en\\\/2024\\\/03\\\/five-black-rivers-amazones-musique-liquide\\\/\"},\"author\":{\"name\":\"Benjamin Bibas\",\"@id\":\"https:\\\/\\\/www.ensembleintercontemporain.com\\\/en\\\/#\\\/schema\\\/person\\\/a49e64967947a927440f0c1ab8702ba0\"},\"headline\":\"Five Black Rivers-Amazones : musique liquide.\",\"datePublished\":\"2024-03-25T17:07:33+00:00\",\"mainEntityOfPage\":{\"@id\":\"https:\\\/\\\/www.ensembleintercontemporain.com\\\/en\\\/2024\\\/03\\\/five-black-rivers-amazones-musique-liquide\\\/\"},\"wordCount\":635,\"image\":{\"@id\":\"https:\\\/\\\/www.ensembleintercontemporain.com\\\/en\\\/2024\\\/03\\\/five-black-rivers-amazones-musique-liquide\\\/#primaryimage\"},\"thumbnailUrl\":\"https:\\\/\\\/www.ensembleintercontemporain.com\\\/content\\\/uploads\\\/2024\\\/03\\\/dscf5818.jpg\",\"articleSection\":[\"Reportage\"],\"inLanguage\":\"en-US\"},{\"@type\":\"WebPage\",\"@id\":\"https:\\\/\\\/www.ensembleintercontemporain.com\\\/en\\\/2024\\\/03\\\/five-black-rivers-amazones-musique-liquide\\\/\",\"url\":\"https:\\\/\\\/www.ensembleintercontemporain.com\\\/en\\\/2024\\\/03\\\/five-black-rivers-amazones-musique-liquide\\\/\",\"name\":\"Five Black Rivers-Amazones : musique liquide. - Ensemble intercontemporain\",\"isPartOf\":{\"@id\":\"https:\\\/\\\/www.ensembleintercontemporain.com\\\/en\\\/#website\"},\"primaryImageOfPage\":{\"@id\":\"https:\\\/\\\/www.ensembleintercontemporain.com\\\/en\\\/2024\\\/03\\\/five-black-rivers-amazones-musique-liquide\\\/#primaryimage\"},\"image\":{\"@id\":\"https:\\\/\\\/www.ensembleintercontemporain.com\\\/en\\\/2024\\\/03\\\/five-black-rivers-amazones-musique-liquide\\\/#primaryimage\"},\"thumbnailUrl\":\"https:\\\/\\\/www.ensembleintercontemporain.com\\\/content\\\/uploads\\\/2024\\\/03\\\/dscf5818.jpg\",\"datePublished\":\"2024-03-25T17:07:33+00:00\",\"author\":{\"@id\":\"https:\\\/\\\/www.ensembleintercontemporain.com\\\/en\\\/#\\\/schema\\\/person\\\/a49e64967947a927440f0c1ab8702ba0\"},\"breadcrumb\":{\"@id\":\"https:\\\/\\\/www.ensembleintercontemporain.com\\\/en\\\/2024\\\/03\\\/five-black-rivers-amazones-musique-liquide\\\/#breadcrumb\"},\"inLanguage\":\"en-US\",\"potentialAction\":[{\"@type\":\"ReadAction\",\"target\":[\"https:\\\/\\\/www.ensembleintercontemporain.com\\\/en\\\/2024\\\/03\\\/five-black-rivers-amazones-musique-liquide\\\/\"]}]},{\"@type\":\"ImageObject\",\"inLanguage\":\"en-US\",\"@id\":\"https:\\\/\\\/www.ensembleintercontemporain.com\\\/en\\\/2024\\\/03\\\/five-black-rivers-amazones-musique-liquide\\\/#primaryimage\",\"url\":\"https:\\\/\\\/www.ensembleintercontemporain.com\\\/content\\\/uploads\\\/2024\\\/03\\\/dscf5818.jpg\",\"contentUrl\":\"https:\\\/\\\/www.ensembleintercontemporain.com\\\/content\\\/uploads\\\/2024\\\/03\\\/dscf5818.jpg\",\"width\":1920,\"height\":1280},{\"@type\":\"BreadcrumbList\",\"@id\":\"https:\\\/\\\/www.ensembleintercontemporain.com\\\/en\\\/2024\\\/03\\\/five-black-rivers-amazones-musique-liquide\\\/#breadcrumb\",\"itemListElement\":[{\"@type\":\"ListItem\",\"position\":1,\"name\":\"Home\",\"item\":\"https:\\\/\\\/www.ensembleintercontemporain.com\\\/en\\\/\"},{\"@type\":\"ListItem\",\"position\":2,\"name\":\"Five Black Rivers-Amazones : musique liquide.\"}]},{\"@type\":\"WebSite\",\"@id\":\"https:\\\/\\\/www.ensembleintercontemporain.com\\\/en\\\/#website\",\"url\":\"https:\\\/\\\/www.ensembleintercontemporain.com\\\/en\\\/\",\"name\":\"Ensemble intercontemporain\",\"description\":\"\",\"potentialAction\":[{\"@type\":\"SearchAction\",\"target\":{\"@type\":\"EntryPoint\",\"urlTemplate\":\"https:\\\/\\\/www.ensembleintercontemporain.com\\\/en\\\/?s={search_term_string}\"},\"query-input\":{\"@type\":\"PropertyValueSpecification\",\"valueRequired\":true,\"valueName\":\"search_term_string\"}}],\"inLanguage\":\"en-US\"},{\"@type\":\"Person\",\"@id\":\"https:\\\/\\\/www.ensembleintercontemporain.com\\\/en\\\/#\\\/schema\\\/person\\\/a49e64967947a927440f0c1ab8702ba0\",\"name\":\"Benjamin Bibas\",\"image\":{\"@type\":\"ImageObject\",\"inLanguage\":\"en-US\",\"@id\":\"https:\\\/\\\/secure.gravatar.com\\\/avatar\\\/5f3933871aa8ef36485aec7820dac66ec0cbee445195ee85f68389f9f78ee78d?s=96&d=mm&r=g\",\"url\":\"https:\\\/\\\/secure.gravatar.com\\\/avatar\\\/5f3933871aa8ef36485aec7820dac66ec0cbee445195ee85f68389f9f78ee78d?s=96&d=mm&r=g\",\"contentUrl\":\"https:\\\/\\\/secure.gravatar.com\\\/avatar\\\/5f3933871aa8ef36485aec7820dac66ec0cbee445195ee85f68389f9f78ee78d?s=96&d=mm&r=g\",\"caption\":\"Benjamin Bibas\"},\"url\":\"https:\\\/\\\/www.ensembleintercontemporain.com\\\/en\\\/author\\\/benjamin-bibas\\\/\"}]}<\/script>\n<!-- \/ Yoast SEO plugin. -->","yoast_head_json":{"title":"Five Black Rivers-Amazones : musique liquide. - Ensemble intercontemporain","robots":{"index":"index","follow":"follow","max-snippet":"max-snippet:-1","max-image-preview":"max-image-preview:large","max-video-preview":"max-video-preview:-1"},"canonical":"https:\/\/www.ensembleintercontemporain.com\/en\/2024\/03\/five-black-rivers-amazones-musique-liquide\/","og_locale":"en_US","og_type":"article","og_title":"Five Black Rivers-Amazones : musique liquide. - Ensemble intercontemporain","og_description":"Le 29 mars, \u00e0 la Cit\u00e9 de la musique, le compositeur colombien Marco Su\u00e1rez-Cifuentes, en collaboration avec le physicien et artiste Jean-Marc Chomaz, cr\u00e9era le premier volet, consacr\u00e9 au fleuve Amazone, de leur projet commun \"Five Black Rivers\". Une production musicale et sc\u00e9nique autour de grands fleuves du monde, qui se d\u00e9clinera en cinq parties : Amazones, Ganges, Cauca, Rhin et Ishikari-Kawai. \u00a0","og_url":"https:\/\/www.ensembleintercontemporain.com\/en\/2024\/03\/five-black-rivers-amazones-musique-liquide\/","og_site_name":"Ensemble intercontemporain","article_published_time":"2024-03-25T17:07:33+00:00","og_image":[{"width":1920,"height":1280,"url":"https:\/\/www.ensembleintercontemporain.com\/content\/uploads\/2024\/03\/dscf5818.jpg","type":"image\/jpeg"}],"author":"Benjamin Bibas","twitter_card":"summary_large_image","twitter_misc":{"Written by":"Benjamin Bibas","Est. reading time":"4 minutes"},"schema":{"@context":"https:\/\/schema.org","@graph":[{"@type":"Article","@id":"https:\/\/www.ensembleintercontemporain.com\/en\/2024\/03\/five-black-rivers-amazones-musique-liquide\/#article","isPartOf":{"@id":"https:\/\/www.ensembleintercontemporain.com\/en\/2024\/03\/five-black-rivers-amazones-musique-liquide\/"},"author":{"name":"Benjamin Bibas","@id":"https:\/\/www.ensembleintercontemporain.com\/en\/#\/schema\/person\/a49e64967947a927440f0c1ab8702ba0"},"headline":"Five Black Rivers-Amazones : musique liquide.","datePublished":"2024-03-25T17:07:33+00:00","mainEntityOfPage":{"@id":"https:\/\/www.ensembleintercontemporain.com\/en\/2024\/03\/five-black-rivers-amazones-musique-liquide\/"},"wordCount":635,"image":{"@id":"https:\/\/www.ensembleintercontemporain.com\/en\/2024\/03\/five-black-rivers-amazones-musique-liquide\/#primaryimage"},"thumbnailUrl":"https:\/\/www.ensembleintercontemporain.com\/content\/uploads\/2024\/03\/dscf5818.jpg","articleSection":["Reportage"],"inLanguage":"en-US"},{"@type":"WebPage","@id":"https:\/\/www.ensembleintercontemporain.com\/en\/2024\/03\/five-black-rivers-amazones-musique-liquide\/","url":"https:\/\/www.ensembleintercontemporain.com\/en\/2024\/03\/five-black-rivers-amazones-musique-liquide\/","name":"Five Black Rivers-Amazones : musique liquide. - Ensemble intercontemporain","isPartOf":{"@id":"https:\/\/www.ensembleintercontemporain.com\/en\/#website"},"primaryImageOfPage":{"@id":"https:\/\/www.ensembleintercontemporain.com\/en\/2024\/03\/five-black-rivers-amazones-musique-liquide\/#primaryimage"},"image":{"@id":"https:\/\/www.ensembleintercontemporain.com\/en\/2024\/03\/five-black-rivers-amazones-musique-liquide\/#primaryimage"},"thumbnailUrl":"https:\/\/www.ensembleintercontemporain.com\/content\/uploads\/2024\/03\/dscf5818.jpg","datePublished":"2024-03-25T17:07:33+00:00","author":{"@id":"https:\/\/www.ensembleintercontemporain.com\/en\/#\/schema\/person\/a49e64967947a927440f0c1ab8702ba0"},"breadcrumb":{"@id":"https:\/\/www.ensembleintercontemporain.com\/en\/2024\/03\/five-black-rivers-amazones-musique-liquide\/#breadcrumb"},"inLanguage":"en-US","potentialAction":[{"@type":"ReadAction","target":["https:\/\/www.ensembleintercontemporain.com\/en\/2024\/03\/five-black-rivers-amazones-musique-liquide\/"]}]},{"@type":"ImageObject","inLanguage":"en-US","@id":"https:\/\/www.ensembleintercontemporain.com\/en\/2024\/03\/five-black-rivers-amazones-musique-liquide\/#primaryimage","url":"https:\/\/www.ensembleintercontemporain.com\/content\/uploads\/2024\/03\/dscf5818.jpg","contentUrl":"https:\/\/www.ensembleintercontemporain.com\/content\/uploads\/2024\/03\/dscf5818.jpg","width":1920,"height":1280},{"@type":"BreadcrumbList","@id":"https:\/\/www.ensembleintercontemporain.com\/en\/2024\/03\/five-black-rivers-amazones-musique-liquide\/#breadcrumb","itemListElement":[{"@type":"ListItem","position":1,"name":"Home","item":"https:\/\/www.ensembleintercontemporain.com\/en\/"},{"@type":"ListItem","position":2,"name":"Five Black Rivers-Amazones : musique liquide."}]},{"@type":"WebSite","@id":"https:\/\/www.ensembleintercontemporain.com\/en\/#website","url":"https:\/\/www.ensembleintercontemporain.com\/en\/","name":"Ensemble intercontemporain","description":"","potentialAction":[{"@type":"SearchAction","target":{"@type":"EntryPoint","urlTemplate":"https:\/\/www.ensembleintercontemporain.com\/en\/?s={search_term_string}"},"query-input":{"@type":"PropertyValueSpecification","valueRequired":true,"valueName":"search_term_string"}}],"inLanguage":"en-US"},{"@type":"Person","@id":"https:\/\/www.ensembleintercontemporain.com\/en\/#\/schema\/person\/a49e64967947a927440f0c1ab8702ba0","name":"Benjamin Bibas","image":{"@type":"ImageObject","inLanguage":"en-US","@id":"https:\/\/secure.gravatar.com\/avatar\/5f3933871aa8ef36485aec7820dac66ec0cbee445195ee85f68389f9f78ee78d?s=96&d=mm&r=g","url":"https:\/\/secure.gravatar.com\/avatar\/5f3933871aa8ef36485aec7820dac66ec0cbee445195ee85f68389f9f78ee78d?s=96&d=mm&r=g","contentUrl":"https:\/\/secure.gravatar.com\/avatar\/5f3933871aa8ef36485aec7820dac66ec0cbee445195ee85f68389f9f78ee78d?s=96&d=mm&r=g","caption":"Benjamin Bibas"},"url":"https:\/\/www.ensembleintercontemporain.com\/en\/author\/benjamin-bibas\/"}]}},"_links":{"self":[{"href":"https:\/\/www.ensembleintercontemporain.com\/en\/wp-json\/wp\/v2\/posts\/26546\/"}],"collection":[{"href":"https:\/\/www.ensembleintercontemporain.com\/en\/wp-json\/wp\/v2\/posts\/"}],"about":[{"href":"https:\/\/www.ensembleintercontemporain.com\/en\/wp-json\/wp\/v2\/types\/post\/"}],"author":[{"embeddable":true,"href":"https:\/\/www.ensembleintercontemporain.com\/en\/wp-json\/wp\/v2\/users\/12\/"}],"replies":[{"embeddable":true,"href":"https:\/\/www.ensembleintercontemporain.com\/en\/wp-json\/wp\/v2\/comments\/?post=26546"}],"version-history":[{"count":27,"href":"https:\/\/www.ensembleintercontemporain.com\/en\/wp-json\/wp\/v2\/posts\/26546\/revisions\/"}],"predecessor-version":[{"id":26623,"href":"https:\/\/www.ensembleintercontemporain.com\/en\/wp-json\/wp\/v2\/posts\/26546\/revisions\/26623\/"}],"wp:featuredmedia":[{"embeddable":true,"href":"https:\/\/www.ensembleintercontemporain.com\/en\/wp-json\/wp\/v2\/media\/26547\/"}],"wp:attachment":[{"href":"https:\/\/www.ensembleintercontemporain.com\/en\/wp-json\/wp\/v2\/media\/?parent=26546"}],"wp:term":[{"taxonomy":"category","embeddable":true,"href":"https:\/\/www.ensembleintercontemporain.com\/en\/wp-json\/wp\/v2\/categories\/?post=26546"},{"taxonomy":"post_tag","embeddable":true,"href":"https:\/\/www.ensembleintercontemporain.com\/en\/wp-json\/wp\/v2\/tags\/?post=26546"}],"curies":[{"name":"wp","href":"https:\/\/api.w.org\/{rel}","templated":true}]}}