{"id":26434,"date":"2024-03-12T12:46:40","date_gmt":"2024-03-12T11:46:40","guid":{"rendered":"https:\/\/www.ensembleintercontemporain.com\/?p=26434"},"modified":"2024-03-18T16:00:44","modified_gmt":"2024-03-18T15:00:44","slug":"le-theatre-dombre-de-frederic-durieux","status":"publish","type":"post","link":"https:\/\/www.ensembleintercontemporain.com\/en\/2024\/03\/le-theatre-dombre-de-frederic-durieux\/","title":{"rendered":"Le th\u00e9\u00e2tre d&#8217;ombre de Fr\u00e9d\u00e9ric Durieux."},"content":{"rendered":"<p style=\"font-weight: 400;\"><span style=\"color: #003366;\"><strong><span style=\"font-size: 18pt;\"><img loading=\"lazy\" decoding=\"async\" class=\"aligncenter size-large wp-image-26435\" src=\"http:\/\/www.ensembleintercontemporain.com\/content\/uploads\/2024\/03\/imgp5248-1024x768.jpg\" alt=\"\" width=\"1024\" height=\"768\" srcset=\"https:\/\/www.ensembleintercontemporain.com\/content\/uploads\/2024\/03\/imgp5248-1024x768.jpg 1024w, https:\/\/www.ensembleintercontemporain.com\/content\/uploads\/2024\/03\/imgp5248-300x225.jpg 300w, https:\/\/www.ensembleintercontemporain.com\/content\/uploads\/2024\/03\/imgp5248-768x576.jpg 768w, https:\/\/www.ensembleintercontemporain.com\/content\/uploads\/2024\/03\/imgp5248-1536x1152.jpg 1536w, https:\/\/www.ensembleintercontemporain.com\/content\/uploads\/2024\/03\/imgp5248.jpg 1920w\" sizes=\"auto, (max-width: 1024px) 100vw, 1024px\" \/><br \/>\nL<\/span>e<a href=\"https:\/\/www.ensembleintercontemporain.com\/fr\/concert\/ombres-et-lumieres-2024-03-21-20h00-paris\/\"> 21 mars 2024, \u00e0 la Cit\u00e9 de la musique<\/a>, l\u2019Ensemble intercontemporain cr\u00e9era, sous la direction de Marzena Diakun, <em>Theater of Shadows II<\/em><em>\u00a0\u2013 In Memoriam Christian Boltanski <\/em>de Fr\u00e9d\u00e9ric Durieux. Rencontr\u00e9 dans son atelier de M\u00e9nilmontant, le compositeur fait part de son \u00e9motion de rendre hommage au grand plasticien fran\u00e7ais disparu en 2021.<br \/>\n<\/strong><\/span><\/p>\n<p style=\"font-weight: 400;\"><strong>Fr\u00e9d\u00e9ric, vous avez une longue histoire avec l\u2019Ensemble intercontemporain&#8230;<br \/>\n<\/strong><span style=\"font-size: 14pt;\">J\u2019\u00e9tais encore \u00e9tudiant au Conservatoire, dans la classe d\u2019Ivo Malec, lorsque j\u2019ai \u00e9t\u00e9 s\u00e9lectionn\u00e9 par le comit\u00e9 de lecture de l\u2019Ensemble. Peter E\u00f6tv\u00f6s a dirig\u00e9 la cr\u00e9ation d\u2019<em>Exil II<\/em>, en 1985, et dans la foul\u00e9e Pierre Boulez m\u2019a invit\u00e9 \u00e0 l\u2019Ircam. J\u2019y ai con\u00e7u <em>Parcours pluriel<\/em>, qui a \u00e9t\u00e9 cr\u00e9\u00e9 par L\u2019Itin\u00e9raire en 1988. Par la suite, Boulez m\u2019a demand\u00e9 une nouvelle pi\u00e8ce\u00a0: cela a donn\u00e9 <em>L\u00e0, au-del\u00e0<\/em>, qu\u2019il a cr\u00e9\u00e9e en 1991. Puis il y a eu <em>Devenir<\/em>, et <em>So schnell, zu fr\u00fch<\/em>, \u00e0 la m\u00e9moire du chor\u00e9graphe Dominique Bagouet, qui venait de dispara\u00eetre alors que nous \u00e9tions en discussion pour un nouveau projet commun. La collaboration avec l\u2019Ensemble s\u2019est ensuite interrompue, mais je n\u2019ai jamais perdu de vue les musiciens, qui sont pour certains des amis de longue date, et des coll\u00e8gues au Conservatoire de Paris.<\/span><\/p>\n<p><strong>C\u2019est pr\u00e9cis\u00e9ment par l\u2019interm\u00e9diaire de Dominique Bagouet que vous avez crois\u00e9 le chemin de Christian Boltanski.<br \/>\n<\/strong><span style=\"font-size: 14pt;\">\u00c0 la fin de l\u2019ann\u00e9e 1992, au moment o\u00f9 Dominique Bagouet \u00e9tait en train de nous \u00ab quitter \u00bb, sa compagnie \u00e9tait accueillie \u00e0 l\u2019Op\u00e9ra de Paris. Je partageais une loge avec Boltanski, \u00e0 qui l\u2019on m\u2019avait demand\u00e9 de remettre une enveloppe, dans laquelle se trouvaient des petits personnages qui avaient servi pour un d\u00e9cor d\u2019un autre ballet de Bagouet. Je me suis souvenu de cela au moment de la disparition de Boltanski en juillet 2021.<\/span><\/p>\n<p style=\"font-weight: 400;\"><strong>Pourquoi avoir choisi comme source d\u2019inspiration son travail sur le th\u00e9\u00e2tre d\u2019ombres ?<br \/>\n<\/strong><span style=\"font-size: 14pt;\">J\u2019ai \u00e9t\u00e9 touch\u00e9 par ces silhouettes \u00e9clair\u00e9es. J\u2019ai toujours \u00e9t\u00e9 \u00e9mu par le th\u00e9\u00e2tre de marionnettes. Boltanski fait r\u00e9f\u00e9rence \u00e0 plusieurs traditions, au th\u00e9\u00e2tre indon\u00e9sien, aux f\u00eates des morts mexicaines, aux danses macabres en Occident&#8230; Il parle de \u00ab\u00a0gentils petits fant\u00f4mes\u00a0\u00bb, et de l\u00e9g\u00e8ret\u00e9 mais je ne suis pas s\u00fbr que ce soit si l\u00e9ger\u00a0!<\/span><\/p>\n<p><img loading=\"lazy\" decoding=\"async\" class=\"aligncenter wp-image-26437\" src=\"http:\/\/www.ensembleintercontemporain.com\/content\/uploads\/2024\/03\/boltanski-theatre-dombre-1024x682.jpg\" alt=\"\" width=\"751\" height=\"500\" srcset=\"https:\/\/www.ensembleintercontemporain.com\/content\/uploads\/2024\/03\/boltanski-theatre-dombre-1024x682.jpg 1024w, https:\/\/www.ensembleintercontemporain.com\/content\/uploads\/2024\/03\/boltanski-theatre-dombre-300x200.jpg 300w, https:\/\/www.ensembleintercontemporain.com\/content\/uploads\/2024\/03\/boltanski-theatre-dombre-768x511.jpg 768w, https:\/\/www.ensembleintercontemporain.com\/content\/uploads\/2024\/03\/boltanski-theatre-dombre.jpg 1248w\" sizes=\"auto, (max-width: 751px) 100vw, 751px\" \/><\/p>\n<p style=\"font-weight: 400;\"><strong>Cela a co\u00efncid\u00e9 avec une commande du Grossman Ensemble de Chicago, en 2021.<br \/>\n<\/strong><span style=\"font-size: 14pt;\">La pi\u00e8ce<a href=\"https:\/\/www.youtube.com\/watch?v=2mHi0L4XBfM&amp;list=RD2mHi0L4XBfM&amp;index=1\"><em> Theater of Shadows I<\/em> que j\u2019ai \u00e9crite pour Chicago<\/a> se souvient en effet de la mise en route de l\u2019installation de Boltanski, quand les figurines projet\u00e9es sur les murs se mettent \u00e0 bouger du fait de la chaleur. C\u2019est comme si des esprits revenaient frapper &#8211; j\u2019aime cette image des fant\u00f4mes, sa fragilit\u00e9, cette sorte de chamanisme qui convoque des esprits ou la m\u00e9moire de ceux qui nous ont quitt\u00e9s. <em>Theater of Shadows II<\/em>, qui sera cr\u00e9\u00e9 par l\u2019Ensemble intercontemporain, reprend cette id\u00e9e en l\u2019inscrivant dans une r\u00e9flexion sur la disparition et l\u2019an\u00e9antissement, nourrie de la lecture des ouvrages de Johann Chapoutot et d\u2019Annette Wiewiorka, sans oublier Paul Celan. C\u2019est aussi une r\u00e9flexion sur la fragilit\u00e9 de nos vies et la fragilit\u00e9 des cultures. Les sons qui s\u2019\u00e9teignent dans l\u2019espace sont les pendants de ces silhouettes\u00a0: il faut que les sons soient entretenus pour exister&#8230;<\/span><\/p>\n<p><img loading=\"lazy\" decoding=\"async\" class=\"aligncenter  wp-image-26467\" src=\"http:\/\/www.ensembleintercontemporain.com\/content\/uploads\/2024\/03\/dscf5855-1024x683.jpg\" alt=\"\" width=\"802\" height=\"535\" srcset=\"https:\/\/www.ensembleintercontemporain.com\/content\/uploads\/2024\/03\/dscf5855-1024x683.jpg 1024w, https:\/\/www.ensembleintercontemporain.com\/content\/uploads\/2024\/03\/dscf5855-300x200.jpg 300w, https:\/\/www.ensembleintercontemporain.com\/content\/uploads\/2024\/03\/dscf5855-768x512.jpg 768w, https:\/\/www.ensembleintercontemporain.com\/content\/uploads\/2024\/03\/dscf5855-1536x1024.jpg 1536w, https:\/\/www.ensembleintercontemporain.com\/content\/uploads\/2024\/03\/dscf5855.jpg 1920w\" sizes=\"auto, (max-width: 802px) 100vw, 802px\" \/><\/p>\n<p style=\"font-weight: 400;\"><strong><em>Theater of Shadows II<\/em><\/strong><strong> prolonge ainsi la premi\u00e8re pi\u00e8ce, dans une autre instrumentation.<br \/>\n<\/strong><span style=\"font-size: 14pt;\">La premi\u00e8re pi\u00e8ce \u00e9tait pour treize instruments\u00a0; la seconde, avec une vingtaine de solistes, me permet un instrumentarium plus large\u00a0: les cornistes jouent par exemple aussi des <em>tuben<\/em>, les deux clarinettistes jouent la clarinette basse, la clarinette contrebasse et le cor de basset, et j\u2019aurai un septuor \u00e0 cordes. C\u2019est une amplification, une sorte de palimpseste, une excroissance \u00ab\u00a0d\u2019apr\u00e8s\u00a0\u00bb la premi\u00e8re pi\u00e8ce.<\/span><\/p>\n<p style=\"font-weight: 400;\"><strong>Comment le sujet de la partition r\u00e9sonne-t-il avec votre histoire personnelle\u00a0?<br \/>\n<\/strong><span style=\"font-size: 14pt;\">J\u2019avais neuf ans lorsqu\u2019un client de mon p\u00e8re m\u2019a offert un livre sur la d\u00e9portation, avec des photos qui horrifiaient ma m\u00e8re. Ce livre m\u2019a profond\u00e9ment marqu\u00e9. Quant \u00e0 mon p\u00e8re, qui \u00e9tait n\u00e9 en 1906, il avait \u00e9t\u00e9 prisonnier dans un camp en Sil\u00e9sie. La guerre \u00e9tait une obsession pour cet homme qui avait 53 ans \u00e0 ma naissance, et qui \u00e9tait un adepte du colonel de La Rocque et des Croix-de-Feu. Jeune adulte, je me suis passionn\u00e9 pourFreud, Walter Benjamin, Viktor Klemperer, je me suis plong\u00e9 dans cette histoire et cela ne m\u2019a jamais l\u00e2ch\u00e9. D\u2019o\u00f9 mon int\u00e9r\u00eat profond pour les autels et les figurines de Boltanski.\u00a0<\/span><\/p>\n<p style=\"font-weight: 400;\"><span style=\"color: #000000;\">Photos (de haut en bas) \u00a9 Franck Ferville \/ DR \/ R\u00e9p\u00e9tition de <em>Theater of Shadows II<\/em>, 18.03.2024, Cit\u00e9 de la musique \u00a9 EIC\u00a0<\/span><\/p>\n","protected":false},"excerpt":{"rendered":"<p>Le 21 mars 2024, \u00e0 la Cit\u00e9 de la musique, l\u2019Ensemble intercontemporain cr\u00e9era, sous la direction de Marzena Diakun, &#8220;Theater of Shadows II \u2013 In Memoriam Christian Boltanski&#8221; de Fr\u00e9d\u00e9ric Durieux. Rencontr\u00e9 dans son atelier de M\u00e9nilmontant, le compositeur fait part de son \u00e9motion de rendre hommage au grand plasticien fran\u00e7ais disparu en 2021.\u00a0<\/p>\n","protected":false},"author":213,"featured_media":26435,"comment_status":"closed","ping_status":"closed","sticky":false,"template":"","format":"standard","meta":{"_acf_changed":false,"footnotes":""},"categories":[4],"tags":[],"class_list":["post-26434","post","type-post","status-publish","format-standard","has-post-thumbnail","hentry","category-entretiens","concert-ombres-et-lumieres"],"acf":[],"yoast_head":"<!-- This site is optimized with the Yoast SEO plugin v27.5 - https:\/\/yoast.com\/product\/yoast-seo-wordpress\/ -->\n<title>Le th\u00e9\u00e2tre d&#039;ombre de Fr\u00e9d\u00e9ric Durieux. - Ensemble intercontemporain<\/title>\n<meta name=\"robots\" content=\"index, follow, max-snippet:-1, max-image-preview:large, max-video-preview:-1\" \/>\n<link rel=\"canonical\" href=\"https:\/\/www.ensembleintercontemporain.com\/en\/2024\/03\/le-theatre-dombre-de-frederic-durieux\/\" \/>\n<meta property=\"og:locale\" content=\"en_US\" \/>\n<meta property=\"og:type\" content=\"article\" \/>\n<meta property=\"og:title\" content=\"Le th\u00e9\u00e2tre d&#039;ombre de Fr\u00e9d\u00e9ric Durieux. - Ensemble intercontemporain\" \/>\n<meta property=\"og:description\" content=\"Le 21 mars 2024, \u00e0 la Cit\u00e9 de la musique, l\u2019Ensemble intercontemporain cr\u00e9era, sous la direction de Marzena Diakun, &quot;Theater of Shadows II \u2013 In Memoriam Christian Boltanski&quot; de Fr\u00e9d\u00e9ric Durieux. Rencontr\u00e9 dans son atelier de M\u00e9nilmontant, le compositeur fait part de son \u00e9motion de rendre hommage au grand plasticien fran\u00e7ais disparu en 2021.\u00a0\" \/>\n<meta property=\"og:url\" content=\"https:\/\/www.ensembleintercontemporain.com\/en\/2024\/03\/le-theatre-dombre-de-frederic-durieux\/\" \/>\n<meta property=\"og:site_name\" content=\"Ensemble intercontemporain\" \/>\n<meta property=\"article:published_time\" content=\"2024-03-12T11:46:40+00:00\" \/>\n<meta property=\"article:modified_time\" content=\"2024-03-18T15:00:44+00:00\" \/>\n<meta property=\"og:image\" content=\"https:\/\/www.ensembleintercontemporain.com\/content\/uploads\/2024\/03\/imgp5248.jpg\" \/>\n\t<meta property=\"og:image:width\" content=\"1920\" \/>\n\t<meta property=\"og:image:height\" content=\"1440\" \/>\n\t<meta property=\"og:image:type\" content=\"image\/jpeg\" \/>\n<meta name=\"author\" content=\"Arnaud Merlin\" \/>\n<meta name=\"twitter:card\" content=\"summary_large_image\" \/>\n<meta name=\"twitter:label1\" content=\"Written by\" \/>\n\t<meta name=\"twitter:data1\" content=\"Arnaud Merlin\" \/>\n\t<meta name=\"twitter:label2\" content=\"Est. reading time\" \/>\n\t<meta name=\"twitter:data2\" content=\"5 minutes\" \/>\n<script type=\"application\/ld+json\" class=\"yoast-schema-graph\">{\"@context\":\"https:\\\/\\\/schema.org\",\"@graph\":[{\"@type\":\"Article\",\"@id\":\"https:\\\/\\\/www.ensembleintercontemporain.com\\\/en\\\/2024\\\/03\\\/le-theatre-dombre-de-frederic-durieux\\\/#article\",\"isPartOf\":{\"@id\":\"https:\\\/\\\/www.ensembleintercontemporain.com\\\/en\\\/2024\\\/03\\\/le-theatre-dombre-de-frederic-durieux\\\/\"},\"author\":{\"name\":\"Arnaud Merlin\",\"@id\":\"https:\\\/\\\/www.ensembleintercontemporain.com\\\/en\\\/#\\\/schema\\\/person\\\/0efe9f9de2af389028317eebed6b500b\"},\"headline\":\"Le th\u00e9\u00e2tre d&#8217;ombre de Fr\u00e9d\u00e9ric Durieux.\",\"datePublished\":\"2024-03-12T11:46:40+00:00\",\"dateModified\":\"2024-03-18T15:00:44+00:00\",\"mainEntityOfPage\":{\"@id\":\"https:\\\/\\\/www.ensembleintercontemporain.com\\\/en\\\/2024\\\/03\\\/le-theatre-dombre-de-frederic-durieux\\\/\"},\"wordCount\":834,\"image\":{\"@id\":\"https:\\\/\\\/www.ensembleintercontemporain.com\\\/en\\\/2024\\\/03\\\/le-theatre-dombre-de-frederic-durieux\\\/#primaryimage\"},\"thumbnailUrl\":\"https:\\\/\\\/www.ensembleintercontemporain.com\\\/content\\\/uploads\\\/2024\\\/03\\\/imgp5248.jpg\",\"articleSection\":[\"Entretien\"],\"inLanguage\":\"en-US\"},{\"@type\":\"WebPage\",\"@id\":\"https:\\\/\\\/www.ensembleintercontemporain.com\\\/en\\\/2024\\\/03\\\/le-theatre-dombre-de-frederic-durieux\\\/\",\"url\":\"https:\\\/\\\/www.ensembleintercontemporain.com\\\/en\\\/2024\\\/03\\\/le-theatre-dombre-de-frederic-durieux\\\/\",\"name\":\"Le th\u00e9\u00e2tre d'ombre de Fr\u00e9d\u00e9ric Durieux. - Ensemble intercontemporain\",\"isPartOf\":{\"@id\":\"https:\\\/\\\/www.ensembleintercontemporain.com\\\/en\\\/#website\"},\"primaryImageOfPage\":{\"@id\":\"https:\\\/\\\/www.ensembleintercontemporain.com\\\/en\\\/2024\\\/03\\\/le-theatre-dombre-de-frederic-durieux\\\/#primaryimage\"},\"image\":{\"@id\":\"https:\\\/\\\/www.ensembleintercontemporain.com\\\/en\\\/2024\\\/03\\\/le-theatre-dombre-de-frederic-durieux\\\/#primaryimage\"},\"thumbnailUrl\":\"https:\\\/\\\/www.ensembleintercontemporain.com\\\/content\\\/uploads\\\/2024\\\/03\\\/imgp5248.jpg\",\"datePublished\":\"2024-03-12T11:46:40+00:00\",\"dateModified\":\"2024-03-18T15:00:44+00:00\",\"author\":{\"@id\":\"https:\\\/\\\/www.ensembleintercontemporain.com\\\/en\\\/#\\\/schema\\\/person\\\/0efe9f9de2af389028317eebed6b500b\"},\"breadcrumb\":{\"@id\":\"https:\\\/\\\/www.ensembleintercontemporain.com\\\/en\\\/2024\\\/03\\\/le-theatre-dombre-de-frederic-durieux\\\/#breadcrumb\"},\"inLanguage\":\"en-US\",\"potentialAction\":[{\"@type\":\"ReadAction\",\"target\":[\"https:\\\/\\\/www.ensembleintercontemporain.com\\\/en\\\/2024\\\/03\\\/le-theatre-dombre-de-frederic-durieux\\\/\"]}]},{\"@type\":\"ImageObject\",\"inLanguage\":\"en-US\",\"@id\":\"https:\\\/\\\/www.ensembleintercontemporain.com\\\/en\\\/2024\\\/03\\\/le-theatre-dombre-de-frederic-durieux\\\/#primaryimage\",\"url\":\"https:\\\/\\\/www.ensembleintercontemporain.com\\\/content\\\/uploads\\\/2024\\\/03\\\/imgp5248.jpg\",\"contentUrl\":\"https:\\\/\\\/www.ensembleintercontemporain.com\\\/content\\\/uploads\\\/2024\\\/03\\\/imgp5248.jpg\",\"width\":1920,\"height\":1440,\"caption\":\"Fr\u00e9d\u00e9ric Durieux (c) Franck Ferville\"},{\"@type\":\"BreadcrumbList\",\"@id\":\"https:\\\/\\\/www.ensembleintercontemporain.com\\\/en\\\/2024\\\/03\\\/le-theatre-dombre-de-frederic-durieux\\\/#breadcrumb\",\"itemListElement\":[{\"@type\":\"ListItem\",\"position\":1,\"name\":\"Home\",\"item\":\"https:\\\/\\\/www.ensembleintercontemporain.com\\\/en\\\/\"},{\"@type\":\"ListItem\",\"position\":2,\"name\":\"Le th\u00e9\u00e2tre d&#8217;ombre de Fr\u00e9d\u00e9ric Durieux.\"}]},{\"@type\":\"WebSite\",\"@id\":\"https:\\\/\\\/www.ensembleintercontemporain.com\\\/en\\\/#website\",\"url\":\"https:\\\/\\\/www.ensembleintercontemporain.com\\\/en\\\/\",\"name\":\"Ensemble intercontemporain\",\"description\":\"\",\"potentialAction\":[{\"@type\":\"SearchAction\",\"target\":{\"@type\":\"EntryPoint\",\"urlTemplate\":\"https:\\\/\\\/www.ensembleintercontemporain.com\\\/en\\\/?s={search_term_string}\"},\"query-input\":{\"@type\":\"PropertyValueSpecification\",\"valueRequired\":true,\"valueName\":\"search_term_string\"}}],\"inLanguage\":\"en-US\"},{\"@type\":\"Person\",\"@id\":\"https:\\\/\\\/www.ensembleintercontemporain.com\\\/en\\\/#\\\/schema\\\/person\\\/0efe9f9de2af389028317eebed6b500b\",\"name\":\"Arnaud Merlin\",\"image\":{\"@type\":\"ImageObject\",\"inLanguage\":\"en-US\",\"@id\":\"https:\\\/\\\/secure.gravatar.com\\\/avatar\\\/96ab56a3d2a87ab35988dd43c9d18a2161328c8c0ca87ce9ee6d1b9a568997b8?s=96&d=mm&r=g\",\"url\":\"https:\\\/\\\/secure.gravatar.com\\\/avatar\\\/96ab56a3d2a87ab35988dd43c9d18a2161328c8c0ca87ce9ee6d1b9a568997b8?s=96&d=mm&r=g\",\"contentUrl\":\"https:\\\/\\\/secure.gravatar.com\\\/avatar\\\/96ab56a3d2a87ab35988dd43c9d18a2161328c8c0ca87ce9ee6d1b9a568997b8?s=96&d=mm&r=g\",\"caption\":\"Arnaud Merlin\"},\"url\":\"https:\\\/\\\/www.ensembleintercontemporain.com\\\/en\\\/author\\\/amerlin\\\/\"}]}<\/script>\n<!-- \/ Yoast SEO plugin. -->","yoast_head_json":{"title":"Le th\u00e9\u00e2tre d'ombre de Fr\u00e9d\u00e9ric Durieux. - Ensemble intercontemporain","robots":{"index":"index","follow":"follow","max-snippet":"max-snippet:-1","max-image-preview":"max-image-preview:large","max-video-preview":"max-video-preview:-1"},"canonical":"https:\/\/www.ensembleintercontemporain.com\/en\/2024\/03\/le-theatre-dombre-de-frederic-durieux\/","og_locale":"en_US","og_type":"article","og_title":"Le th\u00e9\u00e2tre d'ombre de Fr\u00e9d\u00e9ric Durieux. - Ensemble intercontemporain","og_description":"Le 21 mars 2024, \u00e0 la Cit\u00e9 de la musique, l\u2019Ensemble intercontemporain cr\u00e9era, sous la direction de Marzena Diakun, \"Theater of Shadows II \u2013 In Memoriam Christian Boltanski\" de Fr\u00e9d\u00e9ric Durieux. Rencontr\u00e9 dans son atelier de M\u00e9nilmontant, le compositeur fait part de son \u00e9motion de rendre hommage au grand plasticien fran\u00e7ais disparu en 2021.\u00a0","og_url":"https:\/\/www.ensembleintercontemporain.com\/en\/2024\/03\/le-theatre-dombre-de-frederic-durieux\/","og_site_name":"Ensemble intercontemporain","article_published_time":"2024-03-12T11:46:40+00:00","article_modified_time":"2024-03-18T15:00:44+00:00","og_image":[{"width":1920,"height":1440,"url":"https:\/\/www.ensembleintercontemporain.com\/content\/uploads\/2024\/03\/imgp5248.jpg","type":"image\/jpeg"}],"author":"Arnaud Merlin","twitter_card":"summary_large_image","twitter_misc":{"Written by":"Arnaud Merlin","Est. reading time":"5 minutes"},"schema":{"@context":"https:\/\/schema.org","@graph":[{"@type":"Article","@id":"https:\/\/www.ensembleintercontemporain.com\/en\/2024\/03\/le-theatre-dombre-de-frederic-durieux\/#article","isPartOf":{"@id":"https:\/\/www.ensembleintercontemporain.com\/en\/2024\/03\/le-theatre-dombre-de-frederic-durieux\/"},"author":{"name":"Arnaud Merlin","@id":"https:\/\/www.ensembleintercontemporain.com\/en\/#\/schema\/person\/0efe9f9de2af389028317eebed6b500b"},"headline":"Le th\u00e9\u00e2tre d&#8217;ombre de Fr\u00e9d\u00e9ric Durieux.","datePublished":"2024-03-12T11:46:40+00:00","dateModified":"2024-03-18T15:00:44+00:00","mainEntityOfPage":{"@id":"https:\/\/www.ensembleintercontemporain.com\/en\/2024\/03\/le-theatre-dombre-de-frederic-durieux\/"},"wordCount":834,"image":{"@id":"https:\/\/www.ensembleintercontemporain.com\/en\/2024\/03\/le-theatre-dombre-de-frederic-durieux\/#primaryimage"},"thumbnailUrl":"https:\/\/www.ensembleintercontemporain.com\/content\/uploads\/2024\/03\/imgp5248.jpg","articleSection":["Entretien"],"inLanguage":"en-US"},{"@type":"WebPage","@id":"https:\/\/www.ensembleintercontemporain.com\/en\/2024\/03\/le-theatre-dombre-de-frederic-durieux\/","url":"https:\/\/www.ensembleintercontemporain.com\/en\/2024\/03\/le-theatre-dombre-de-frederic-durieux\/","name":"Le th\u00e9\u00e2tre d'ombre de Fr\u00e9d\u00e9ric Durieux. - Ensemble intercontemporain","isPartOf":{"@id":"https:\/\/www.ensembleintercontemporain.com\/en\/#website"},"primaryImageOfPage":{"@id":"https:\/\/www.ensembleintercontemporain.com\/en\/2024\/03\/le-theatre-dombre-de-frederic-durieux\/#primaryimage"},"image":{"@id":"https:\/\/www.ensembleintercontemporain.com\/en\/2024\/03\/le-theatre-dombre-de-frederic-durieux\/#primaryimage"},"thumbnailUrl":"https:\/\/www.ensembleintercontemporain.com\/content\/uploads\/2024\/03\/imgp5248.jpg","datePublished":"2024-03-12T11:46:40+00:00","dateModified":"2024-03-18T15:00:44+00:00","author":{"@id":"https:\/\/www.ensembleintercontemporain.com\/en\/#\/schema\/person\/0efe9f9de2af389028317eebed6b500b"},"breadcrumb":{"@id":"https:\/\/www.ensembleintercontemporain.com\/en\/2024\/03\/le-theatre-dombre-de-frederic-durieux\/#breadcrumb"},"inLanguage":"en-US","potentialAction":[{"@type":"ReadAction","target":["https:\/\/www.ensembleintercontemporain.com\/en\/2024\/03\/le-theatre-dombre-de-frederic-durieux\/"]}]},{"@type":"ImageObject","inLanguage":"en-US","@id":"https:\/\/www.ensembleintercontemporain.com\/en\/2024\/03\/le-theatre-dombre-de-frederic-durieux\/#primaryimage","url":"https:\/\/www.ensembleintercontemporain.com\/content\/uploads\/2024\/03\/imgp5248.jpg","contentUrl":"https:\/\/www.ensembleintercontemporain.com\/content\/uploads\/2024\/03\/imgp5248.jpg","width":1920,"height":1440,"caption":"Fr\u00e9d\u00e9ric Durieux (c) Franck Ferville"},{"@type":"BreadcrumbList","@id":"https:\/\/www.ensembleintercontemporain.com\/en\/2024\/03\/le-theatre-dombre-de-frederic-durieux\/#breadcrumb","itemListElement":[{"@type":"ListItem","position":1,"name":"Home","item":"https:\/\/www.ensembleintercontemporain.com\/en\/"},{"@type":"ListItem","position":2,"name":"Le th\u00e9\u00e2tre d&#8217;ombre de Fr\u00e9d\u00e9ric Durieux."}]},{"@type":"WebSite","@id":"https:\/\/www.ensembleintercontemporain.com\/en\/#website","url":"https:\/\/www.ensembleintercontemporain.com\/en\/","name":"Ensemble intercontemporain","description":"","potentialAction":[{"@type":"SearchAction","target":{"@type":"EntryPoint","urlTemplate":"https:\/\/www.ensembleintercontemporain.com\/en\/?s={search_term_string}"},"query-input":{"@type":"PropertyValueSpecification","valueRequired":true,"valueName":"search_term_string"}}],"inLanguage":"en-US"},{"@type":"Person","@id":"https:\/\/www.ensembleintercontemporain.com\/en\/#\/schema\/person\/0efe9f9de2af389028317eebed6b500b","name":"Arnaud Merlin","image":{"@type":"ImageObject","inLanguage":"en-US","@id":"https:\/\/secure.gravatar.com\/avatar\/96ab56a3d2a87ab35988dd43c9d18a2161328c8c0ca87ce9ee6d1b9a568997b8?s=96&d=mm&r=g","url":"https:\/\/secure.gravatar.com\/avatar\/96ab56a3d2a87ab35988dd43c9d18a2161328c8c0ca87ce9ee6d1b9a568997b8?s=96&d=mm&r=g","contentUrl":"https:\/\/secure.gravatar.com\/avatar\/96ab56a3d2a87ab35988dd43c9d18a2161328c8c0ca87ce9ee6d1b9a568997b8?s=96&d=mm&r=g","caption":"Arnaud Merlin"},"url":"https:\/\/www.ensembleintercontemporain.com\/en\/author\/amerlin\/"}]}},"_links":{"self":[{"href":"https:\/\/www.ensembleintercontemporain.com\/en\/wp-json\/wp\/v2\/posts\/26434\/"}],"collection":[{"href":"https:\/\/www.ensembleintercontemporain.com\/en\/wp-json\/wp\/v2\/posts\/"}],"about":[{"href":"https:\/\/www.ensembleintercontemporain.com\/en\/wp-json\/wp\/v2\/types\/post\/"}],"author":[{"embeddable":true,"href":"https:\/\/www.ensembleintercontemporain.com\/en\/wp-json\/wp\/v2\/users\/213\/"}],"replies":[{"embeddable":true,"href":"https:\/\/www.ensembleintercontemporain.com\/en\/wp-json\/wp\/v2\/comments\/?post=26434"}],"version-history":[{"count":5,"href":"https:\/\/www.ensembleintercontemporain.com\/en\/wp-json\/wp\/v2\/posts\/26434\/revisions\/"}],"predecessor-version":[{"id":26469,"href":"https:\/\/www.ensembleintercontemporain.com\/en\/wp-json\/wp\/v2\/posts\/26434\/revisions\/26469\/"}],"wp:featuredmedia":[{"embeddable":true,"href":"https:\/\/www.ensembleintercontemporain.com\/en\/wp-json\/wp\/v2\/media\/26435\/"}],"wp:attachment":[{"href":"https:\/\/www.ensembleintercontemporain.com\/en\/wp-json\/wp\/v2\/media\/?parent=26434"}],"wp:term":[{"taxonomy":"category","embeddable":true,"href":"https:\/\/www.ensembleintercontemporain.com\/en\/wp-json\/wp\/v2\/categories\/?post=26434"},{"taxonomy":"post_tag","embeddable":true,"href":"https:\/\/www.ensembleintercontemporain.com\/en\/wp-json\/wp\/v2\/tags\/?post=26434"}],"curies":[{"name":"wp","href":"https:\/\/api.w.org\/{rel}","templated":true}]}}