{"id":24581,"date":"2023-05-03T17:20:26","date_gmt":"2023-05-03T15:20:26","guid":{"rendered":"https:\/\/www.ensembleintercontemporain.com\/?p=24581"},"modified":"2023-05-03T17:20:26","modified_gmt":"2023-05-03T15:20:26","slug":"florence-baschet-si-par-un-jour","status":"publish","type":"post","link":"https:\/\/www.ensembleintercontemporain.com\/en\/2023\/05\/florence-baschet-si-par-un-jour\/","title":{"rendered":"Florence Baschet : &#8220;Si par un jour&#8230;&#8221;"},"content":{"rendered":"<p><span style=\"font-size: 14pt;\"><img loading=\"lazy\" decoding=\"async\" class=\"aligncenter size-full wp-image-24582\" src=\"http:\/\/www.ensembleintercontemporain.com\/content\/uploads\/2023\/05\/florence-baschet.jpg\" alt=\"\" width=\"1920\" height=\"1074\" srcset=\"https:\/\/www.ensembleintercontemporain.com\/content\/uploads\/2023\/05\/florence-baschet.jpg 1920w, https:\/\/www.ensembleintercontemporain.com\/content\/uploads\/2023\/05\/florence-baschet-300x168.jpg 300w, https:\/\/www.ensembleintercontemporain.com\/content\/uploads\/2023\/05\/florence-baschet-1024x573.jpg 1024w, https:\/\/www.ensembleintercontemporain.com\/content\/uploads\/2023\/05\/florence-baschet-768x430.jpg 768w, https:\/\/www.ensembleintercontemporain.com\/content\/uploads\/2023\/05\/florence-baschet-1536x859.jpg 1536w\" sizes=\"auto, (max-width: 1920px) 100vw, 1920px\" \/><\/span><\/p>\n<p><span style=\"color: #003366;\"><strong>La compositrice fran\u00e7aise Florence Baschet revient sur la double origine de sa nouvelle \u0153uvre pour quatuor \u00e0 cordes et piano,\u00a0<em>Si par un jour&#8230; <\/em>qui sera cr\u00e9\u00e9e le <a href=\"https:\/\/www.ensembleintercontemporain.com\/fr\/concert\/trois-temps-2-2023-05-23-20h00-paris\/\">23 mai prochain \u00e0 la Philharmonie de Paris.<\/a><\/strong><\/span><\/p>\n<p><span style=\"font-size: 14pt;\">Le titre <em>Si par un jour&#8230;<\/em> s\u2019inspire de celui d&#8217;Italo Calvino,\u00a0<em>Se una notte d&#8217;inverno un viaggiatore,<\/em>\u00a0traduit en fran\u00e7ais par\u00a0<em>Si par une nuit d&#8217;hiver un voyageur.\u00a0<\/em>Tout au long des dix incipits du texte de Calvino, les r\u00e9cits sont brusquement interrompus, comme des voyages inachev\u00e9s ; le lecteur est alors imm\u00e9diatement embarqu\u00e9 dans une autre narration, une nouvelle itin\u00e9rance. Ce que je veux retenir ici, c\u2019est le d\u00e9sir de l\u2019id\u00e9e du voyage comme m\u00e9taphore du voyage lui-m\u00eame, qu\u2019il soit le d\u00e9but d\u2019un p\u00e9riple, source de p\u00e9rip\u00e9ties impr\u00e9visibles, ou bien pr\u00e9liminaire d\u2019un d\u00e9placement effectu\u00e9 dans les limites d\u2019un espace restreint.\u00a0<\/span><br \/>\n<span style=\"font-size: 14pt;\">J\u2019ai entendu en moi cette musique pendant le confinement impos\u00e9 au printemps 2020. En espace confin\u00e9, l\u2019\u00e9nergie se conserve sans d\u00e9perdition : les physiciens disent que l\u2019\u00e9nergie est s\u00e9gr\u00e9g\u00e9e, donc a priori ordonn\u00e9e. Dans cette nouvelle \u0153uvre, je voulais que les cinq instruments suivent le fil d\u2019une trame tendue par la dramaturgie o\u00f9 la pens\u00e9e musicale s\u2019entendrait comme vibration, ou comme \u00e9nergie, tant\u00f4t s\u00e9gr\u00e9g\u00e9e, tant\u00f4t dispers\u00e9e. Qui dit confinement, dit espace clos : c\u2019est de cet espace clos que je veux entendre une vibration sonore qui traverserait des \u00ab lieux \u00bb, des \u00ab topos \u00bb, des espaces de temps se divisant ou se multipliant, retenant ou lib\u00e9rant une \u00e9nergie qui, elle, ne cherche qu\u2019\u00e0 se disperser \u2013 alt\u00e9ration impalpable et surprenante de l\u2019\u00e9nergie sonore dans l\u2019espace et le temps.\u00a0<\/span><\/p>\n<p style=\"text-align: right;\">\u00a0 \u00a0 \u00a0 \u00a0 <em>Propos recueillis par J\u00e9r\u00e9mie Szpirglas<\/em><\/p>\n<p style=\"text-align: left;\">Photo\u00a0\u00a9\u00a0M. Delogu<\/p>\n","protected":false},"excerpt":{"rendered":"<p>La compositrice fran\u00e7aise Florence Baschet revient sur la double origine de sa nouvelle \u0153uvre pour quatuor \u00e0 cordes et piano,\u00a0&#8220;Si par un jour&#8230;&#8221; qui sera cr\u00e9\u00e9e le 23 mai prochain \u00e0 la Philharmonie de Paris.<\/p>\n","protected":false},"author":212,"featured_media":24582,"comment_status":"closed","ping_status":"closed","sticky":false,"template":"","format":"standard","meta":{"_acf_changed":false,"footnotes":""},"categories":[102],"tags":[61,663,600],"class_list":["post-24581","post","type-post","status-publish","format-standard","has-post-thumbnail","hentry","category-eclairage","tag-creation-musicale","tag-musique-de-chambre","tag-philharmonie-de-paris","concert-trois-temps-2"],"acf":[],"yoast_head":"<!-- This site is optimized with the Yoast SEO plugin v27.5 - https:\/\/yoast.com\/product\/yoast-seo-wordpress\/ -->\n<title>Florence Baschet : &quot;Si par un jour...&quot; - Ensemble intercontemporain<\/title>\n<meta name=\"robots\" content=\"index, follow, max-snippet:-1, max-image-preview:large, max-video-preview:-1\" \/>\n<link rel=\"canonical\" href=\"https:\/\/www.ensembleintercontemporain.com\/en\/2023\/05\/florence-baschet-si-par-un-jour\/\" \/>\n<meta property=\"og:locale\" content=\"en_US\" \/>\n<meta property=\"og:type\" content=\"article\" \/>\n<meta property=\"og:title\" content=\"Florence Baschet : &quot;Si par un jour...&quot; - Ensemble intercontemporain\" \/>\n<meta property=\"og:description\" content=\"La compositrice fran\u00e7aise Florence Baschet revient sur la double origine de sa nouvelle \u0153uvre pour quatuor \u00e0 cordes et piano,\u00a0&quot;Si par un jour...&quot; qui sera cr\u00e9\u00e9e le 23 mai prochain \u00e0 la Philharmonie de Paris.\" \/>\n<meta property=\"og:url\" content=\"https:\/\/www.ensembleintercontemporain.com\/fr\/2023\/05\/florence-baschet-si-par-un-jour\/\" \/>\n<meta property=\"og:site_name\" content=\"Ensemble intercontemporain\" \/>\n<meta property=\"article:published_time\" content=\"2023-05-03T15:20:26+00:00\" \/>\n<meta property=\"og:image\" content=\"http:\/\/www.ensembleintercontemporain.com\/content\/uploads\/2023\/05\/florence-baschet.jpg\" \/>\n\t<meta property=\"og:image:width\" content=\"1920\" \/>\n\t<meta property=\"og:image:height\" content=\"1074\" \/>\n\t<meta property=\"og:image:type\" content=\"image\/jpeg\" \/>\n<meta name=\"author\" content=\"Florence Baschet\" \/>\n<meta name=\"twitter:card\" content=\"summary_large_image\" \/>\n<meta name=\"twitter:label1\" content=\"Written by\" \/>\n\t<meta name=\"twitter:data1\" content=\"Florence Baschet\" \/>\n\t<meta name=\"twitter:label2\" content=\"Est. reading time\" \/>\n\t<meta name=\"twitter:data2\" content=\"2 minutes\" \/>\n<script type=\"application\/ld+json\" class=\"yoast-schema-graph\">{\"@context\":\"https:\\\/\\\/schema.org\",\"@graph\":[{\"@type\":\"Article\",\"@id\":\"https:\\\/\\\/www.ensembleintercontemporain.com\\\/fr\\\/2023\\\/05\\\/florence-baschet-si-par-un-jour\\\/#article\",\"isPartOf\":{\"@id\":\"https:\\\/\\\/www.ensembleintercontemporain.com\\\/fr\\\/2023\\\/05\\\/florence-baschet-si-par-un-jour\\\/\"},\"author\":{\"name\":\"Florence Baschet\",\"@id\":\"https:\\\/\\\/www.ensembleintercontemporain.com\\\/en\\\/#\\\/schema\\\/person\\\/493503fbe4043b1f7fdfb96b2241f4a9\"},\"headline\":\"Florence Baschet : &#8220;Si par un jour&#8230;&#8221;\",\"datePublished\":\"2023-05-03T15:20:26+00:00\",\"mainEntityOfPage\":{\"@id\":\"https:\\\/\\\/www.ensembleintercontemporain.com\\\/fr\\\/2023\\\/05\\\/florence-baschet-si-par-un-jour\\\/\"},\"wordCount\":317,\"image\":{\"@id\":\"https:\\\/\\\/www.ensembleintercontemporain.com\\\/fr\\\/2023\\\/05\\\/florence-baschet-si-par-un-jour\\\/#primaryimage\"},\"thumbnailUrl\":\"https:\\\/\\\/www.ensembleintercontemporain.com\\\/content\\\/uploads\\\/2023\\\/05\\\/florence-baschet.jpg\",\"keywords\":[\"cr\u00e9ation musicale\",\"musique de chambre\",\"Philharmonie de Paris\"],\"articleSection\":[\"\u00c9clairage\"],\"inLanguage\":\"en-US\"},{\"@type\":\"WebPage\",\"@id\":\"https:\\\/\\\/www.ensembleintercontemporain.com\\\/fr\\\/2023\\\/05\\\/florence-baschet-si-par-un-jour\\\/\",\"url\":\"https:\\\/\\\/www.ensembleintercontemporain.com\\\/fr\\\/2023\\\/05\\\/florence-baschet-si-par-un-jour\\\/\",\"name\":\"Florence Baschet : \\\"Si par un jour...\\\" - Ensemble intercontemporain\",\"isPartOf\":{\"@id\":\"https:\\\/\\\/www.ensembleintercontemporain.com\\\/en\\\/#website\"},\"primaryImageOfPage\":{\"@id\":\"https:\\\/\\\/www.ensembleintercontemporain.com\\\/fr\\\/2023\\\/05\\\/florence-baschet-si-par-un-jour\\\/#primaryimage\"},\"image\":{\"@id\":\"https:\\\/\\\/www.ensembleintercontemporain.com\\\/fr\\\/2023\\\/05\\\/florence-baschet-si-par-un-jour\\\/#primaryimage\"},\"thumbnailUrl\":\"https:\\\/\\\/www.ensembleintercontemporain.com\\\/content\\\/uploads\\\/2023\\\/05\\\/florence-baschet.jpg\",\"datePublished\":\"2023-05-03T15:20:26+00:00\",\"author\":{\"@id\":\"https:\\\/\\\/www.ensembleintercontemporain.com\\\/en\\\/#\\\/schema\\\/person\\\/493503fbe4043b1f7fdfb96b2241f4a9\"},\"breadcrumb\":{\"@id\":\"https:\\\/\\\/www.ensembleintercontemporain.com\\\/fr\\\/2023\\\/05\\\/florence-baschet-si-par-un-jour\\\/#breadcrumb\"},\"inLanguage\":\"en-US\",\"potentialAction\":[{\"@type\":\"ReadAction\",\"target\":[\"https:\\\/\\\/www.ensembleintercontemporain.com\\\/fr\\\/2023\\\/05\\\/florence-baschet-si-par-un-jour\\\/\"]}]},{\"@type\":\"ImageObject\",\"inLanguage\":\"en-US\",\"@id\":\"https:\\\/\\\/www.ensembleintercontemporain.com\\\/fr\\\/2023\\\/05\\\/florence-baschet-si-par-un-jour\\\/#primaryimage\",\"url\":\"https:\\\/\\\/www.ensembleintercontemporain.com\\\/content\\\/uploads\\\/2023\\\/05\\\/florence-baschet.jpg\",\"contentUrl\":\"https:\\\/\\\/www.ensembleintercontemporain.com\\\/content\\\/uploads\\\/2023\\\/05\\\/florence-baschet.jpg\",\"width\":1920,\"height\":1074},{\"@type\":\"BreadcrumbList\",\"@id\":\"https:\\\/\\\/www.ensembleintercontemporain.com\\\/fr\\\/2023\\\/05\\\/florence-baschet-si-par-un-jour\\\/#breadcrumb\",\"itemListElement\":[{\"@type\":\"ListItem\",\"position\":1,\"name\":\"Home\",\"item\":\"https:\\\/\\\/www.ensembleintercontemporain.com\\\/en\\\/\"},{\"@type\":\"ListItem\",\"position\":2,\"name\":\"Florence Baschet : \u00ab\u00a0Si par un jour&#8230;\u00a0\u00bb\"}]},{\"@type\":\"WebSite\",\"@id\":\"https:\\\/\\\/www.ensembleintercontemporain.com\\\/en\\\/#website\",\"url\":\"https:\\\/\\\/www.ensembleintercontemporain.com\\\/en\\\/\",\"name\":\"Ensemble intercontemporain\",\"description\":\"\",\"potentialAction\":[{\"@type\":\"SearchAction\",\"target\":{\"@type\":\"EntryPoint\",\"urlTemplate\":\"https:\\\/\\\/www.ensembleintercontemporain.com\\\/en\\\/?s={search_term_string}\"},\"query-input\":{\"@type\":\"PropertyValueSpecification\",\"valueRequired\":true,\"valueName\":\"search_term_string\"}}],\"inLanguage\":\"en-US\"},{\"@type\":\"Person\",\"@id\":\"https:\\\/\\\/www.ensembleintercontemporain.com\\\/en\\\/#\\\/schema\\\/person\\\/493503fbe4043b1f7fdfb96b2241f4a9\",\"name\":\"Florence Baschet\",\"image\":{\"@type\":\"ImageObject\",\"inLanguage\":\"en-US\",\"@id\":\"https:\\\/\\\/secure.gravatar.com\\\/avatar\\\/1ebb173e664be9a8a02bf89717b3b3c3f6327ee71e87daa7bea4efed0651fd80?s=96&d=mm&r=g\",\"url\":\"https:\\\/\\\/secure.gravatar.com\\\/avatar\\\/1ebb173e664be9a8a02bf89717b3b3c3f6327ee71e87daa7bea4efed0651fd80?s=96&d=mm&r=g\",\"contentUrl\":\"https:\\\/\\\/secure.gravatar.com\\\/avatar\\\/1ebb173e664be9a8a02bf89717b3b3c3f6327ee71e87daa7bea4efed0651fd80?s=96&d=mm&r=g\",\"caption\":\"Florence Baschet\"},\"url\":\"https:\\\/\\\/www.ensembleintercontemporain.com\\\/en\\\/author\\\/f-baschet\\\/\"}]}<\/script>\n<!-- \/ Yoast SEO plugin. -->","yoast_head_json":{"title":"Florence Baschet : \"Si par un jour...\" - Ensemble intercontemporain","robots":{"index":"index","follow":"follow","max-snippet":"max-snippet:-1","max-image-preview":"max-image-preview:large","max-video-preview":"max-video-preview:-1"},"canonical":"https:\/\/www.ensembleintercontemporain.com\/en\/2023\/05\/florence-baschet-si-par-un-jour\/","og_locale":"en_US","og_type":"article","og_title":"Florence Baschet : \"Si par un jour...\" - Ensemble intercontemporain","og_description":"La compositrice fran\u00e7aise Florence Baschet revient sur la double origine de sa nouvelle \u0153uvre pour quatuor \u00e0 cordes et piano,\u00a0\"Si par un jour...\" qui sera cr\u00e9\u00e9e le 23 mai prochain \u00e0 la Philharmonie de Paris.","og_url":"https:\/\/www.ensembleintercontemporain.com\/fr\/2023\/05\/florence-baschet-si-par-un-jour\/","og_site_name":"Ensemble intercontemporain","article_published_time":"2023-05-03T15:20:26+00:00","og_image":[{"width":1920,"height":1074,"url":"http:\/\/www.ensembleintercontemporain.com\/content\/uploads\/2023\/05\/florence-baschet.jpg","type":"image\/jpeg"}],"author":"Florence Baschet","twitter_card":"summary_large_image","twitter_misc":{"Written by":"Florence Baschet","Est. reading time":"2 minutes"},"schema":{"@context":"https:\/\/schema.org","@graph":[{"@type":"Article","@id":"https:\/\/www.ensembleintercontemporain.com\/fr\/2023\/05\/florence-baschet-si-par-un-jour\/#article","isPartOf":{"@id":"https:\/\/www.ensembleintercontemporain.com\/fr\/2023\/05\/florence-baschet-si-par-un-jour\/"},"author":{"name":"Florence Baschet","@id":"https:\/\/www.ensembleintercontemporain.com\/en\/#\/schema\/person\/493503fbe4043b1f7fdfb96b2241f4a9"},"headline":"Florence Baschet : &#8220;Si par un jour&#8230;&#8221;","datePublished":"2023-05-03T15:20:26+00:00","mainEntityOfPage":{"@id":"https:\/\/www.ensembleintercontemporain.com\/fr\/2023\/05\/florence-baschet-si-par-un-jour\/"},"wordCount":317,"image":{"@id":"https:\/\/www.ensembleintercontemporain.com\/fr\/2023\/05\/florence-baschet-si-par-un-jour\/#primaryimage"},"thumbnailUrl":"https:\/\/www.ensembleintercontemporain.com\/content\/uploads\/2023\/05\/florence-baschet.jpg","keywords":["cr\u00e9ation musicale","musique de chambre","Philharmonie de Paris"],"articleSection":["\u00c9clairage"],"inLanguage":"en-US"},{"@type":"WebPage","@id":"https:\/\/www.ensembleintercontemporain.com\/fr\/2023\/05\/florence-baschet-si-par-un-jour\/","url":"https:\/\/www.ensembleintercontemporain.com\/fr\/2023\/05\/florence-baschet-si-par-un-jour\/","name":"Florence Baschet : \"Si par un jour...\" - Ensemble intercontemporain","isPartOf":{"@id":"https:\/\/www.ensembleintercontemporain.com\/en\/#website"},"primaryImageOfPage":{"@id":"https:\/\/www.ensembleintercontemporain.com\/fr\/2023\/05\/florence-baschet-si-par-un-jour\/#primaryimage"},"image":{"@id":"https:\/\/www.ensembleintercontemporain.com\/fr\/2023\/05\/florence-baschet-si-par-un-jour\/#primaryimage"},"thumbnailUrl":"https:\/\/www.ensembleintercontemporain.com\/content\/uploads\/2023\/05\/florence-baschet.jpg","datePublished":"2023-05-03T15:20:26+00:00","author":{"@id":"https:\/\/www.ensembleintercontemporain.com\/en\/#\/schema\/person\/493503fbe4043b1f7fdfb96b2241f4a9"},"breadcrumb":{"@id":"https:\/\/www.ensembleintercontemporain.com\/fr\/2023\/05\/florence-baschet-si-par-un-jour\/#breadcrumb"},"inLanguage":"en-US","potentialAction":[{"@type":"ReadAction","target":["https:\/\/www.ensembleintercontemporain.com\/fr\/2023\/05\/florence-baschet-si-par-un-jour\/"]}]},{"@type":"ImageObject","inLanguage":"en-US","@id":"https:\/\/www.ensembleintercontemporain.com\/fr\/2023\/05\/florence-baschet-si-par-un-jour\/#primaryimage","url":"https:\/\/www.ensembleintercontemporain.com\/content\/uploads\/2023\/05\/florence-baschet.jpg","contentUrl":"https:\/\/www.ensembleintercontemporain.com\/content\/uploads\/2023\/05\/florence-baschet.jpg","width":1920,"height":1074},{"@type":"BreadcrumbList","@id":"https:\/\/www.ensembleintercontemporain.com\/fr\/2023\/05\/florence-baschet-si-par-un-jour\/#breadcrumb","itemListElement":[{"@type":"ListItem","position":1,"name":"Home","item":"https:\/\/www.ensembleintercontemporain.com\/en\/"},{"@type":"ListItem","position":2,"name":"Florence Baschet : \u00ab\u00a0Si par un jour&#8230;\u00a0\u00bb"}]},{"@type":"WebSite","@id":"https:\/\/www.ensembleintercontemporain.com\/en\/#website","url":"https:\/\/www.ensembleintercontemporain.com\/en\/","name":"Ensemble intercontemporain","description":"","potentialAction":[{"@type":"SearchAction","target":{"@type":"EntryPoint","urlTemplate":"https:\/\/www.ensembleintercontemporain.com\/en\/?s={search_term_string}"},"query-input":{"@type":"PropertyValueSpecification","valueRequired":true,"valueName":"search_term_string"}}],"inLanguage":"en-US"},{"@type":"Person","@id":"https:\/\/www.ensembleintercontemporain.com\/en\/#\/schema\/person\/493503fbe4043b1f7fdfb96b2241f4a9","name":"Florence Baschet","image":{"@type":"ImageObject","inLanguage":"en-US","@id":"https:\/\/secure.gravatar.com\/avatar\/1ebb173e664be9a8a02bf89717b3b3c3f6327ee71e87daa7bea4efed0651fd80?s=96&d=mm&r=g","url":"https:\/\/secure.gravatar.com\/avatar\/1ebb173e664be9a8a02bf89717b3b3c3f6327ee71e87daa7bea4efed0651fd80?s=96&d=mm&r=g","contentUrl":"https:\/\/secure.gravatar.com\/avatar\/1ebb173e664be9a8a02bf89717b3b3c3f6327ee71e87daa7bea4efed0651fd80?s=96&d=mm&r=g","caption":"Florence Baschet"},"url":"https:\/\/www.ensembleintercontemporain.com\/en\/author\/f-baschet\/"}]}},"_links":{"self":[{"href":"https:\/\/www.ensembleintercontemporain.com\/en\/wp-json\/wp\/v2\/posts\/24581\/"}],"collection":[{"href":"https:\/\/www.ensembleintercontemporain.com\/en\/wp-json\/wp\/v2\/posts\/"}],"about":[{"href":"https:\/\/www.ensembleintercontemporain.com\/en\/wp-json\/wp\/v2\/types\/post\/"}],"author":[{"embeddable":true,"href":"https:\/\/www.ensembleintercontemporain.com\/en\/wp-json\/wp\/v2\/users\/212\/"}],"replies":[{"embeddable":true,"href":"https:\/\/www.ensembleintercontemporain.com\/en\/wp-json\/wp\/v2\/comments\/?post=24581"}],"version-history":[{"count":4,"href":"https:\/\/www.ensembleintercontemporain.com\/en\/wp-json\/wp\/v2\/posts\/24581\/revisions\/"}],"predecessor-version":[{"id":24587,"href":"https:\/\/www.ensembleintercontemporain.com\/en\/wp-json\/wp\/v2\/posts\/24581\/revisions\/24587\/"}],"wp:featuredmedia":[{"embeddable":true,"href":"https:\/\/www.ensembleintercontemporain.com\/en\/wp-json\/wp\/v2\/media\/24582\/"}],"wp:attachment":[{"href":"https:\/\/www.ensembleintercontemporain.com\/en\/wp-json\/wp\/v2\/media\/?parent=24581"}],"wp:term":[{"taxonomy":"category","embeddable":true,"href":"https:\/\/www.ensembleintercontemporain.com\/en\/wp-json\/wp\/v2\/categories\/?post=24581"},{"taxonomy":"post_tag","embeddable":true,"href":"https:\/\/www.ensembleintercontemporain.com\/en\/wp-json\/wp\/v2\/tags\/?post=24581"}],"curies":[{"name":"wp","href":"https:\/\/api.w.org\/{rel}","templated":true}]}}