{"id":24264,"date":"2023-03-01T14:13:01","date_gmt":"2023-03-01T13:13:01","guid":{"rendered":"https:\/\/www.ensembleintercontemporain.com\/?p=24264"},"modified":"2023-03-06T18:07:21","modified_gmt":"2023-03-06T17:07:21","slug":"gyorgy-ligeti-un-portrait-micropolyphonique","status":"publish","type":"post","link":"https:\/\/www.ensembleintercontemporain.com\/en\/2023\/03\/gyorgy-ligeti-un-portrait-micropolyphonique\/","title":{"rendered":"Gy\u00f6rgy Ligeti : un portrait polyrythmique."},"content":{"rendered":"<p><span style=\"color: #003366;\"><strong><span style=\"color: #003366;\"><span style=\"font-size: 14pt;\"><img loading=\"lazy\" decoding=\"async\" class=\"aligncenter size-full wp-image-24268\" src=\"http:\/\/www.ensembleintercontemporain.com\/content\/uploads\/2023\/03\/gligeti.jpg\" alt=\"\" width=\"1920\" height=\"1280\" srcset=\"https:\/\/www.ensembleintercontemporain.com\/content\/uploads\/2023\/03\/gligeti.jpg 1920w, https:\/\/www.ensembleintercontemporain.com\/content\/uploads\/2023\/03\/gligeti-300x200.jpg 300w, https:\/\/www.ensembleintercontemporain.com\/content\/uploads\/2023\/03\/gligeti-1024x683.jpg 1024w, https:\/\/www.ensembleintercontemporain.com\/content\/uploads\/2023\/03\/gligeti-768x512.jpg 768w, https:\/\/www.ensembleintercontemporain.com\/content\/uploads\/2023\/03\/gligeti-1536x1024.jpg 1536w\" sizes=\"auto, (max-width: 1920px) 100vw, 1920px\" \/><\/span><\/span><\/strong><\/span><\/p>\n<p><span style=\"color: #003366;\"><strong><span style=\"color: #003366;\"><span style=\"font-size: 14pt;\">C<\/span>ette ann\u00e9e, on c\u00e9l\u00e8bre le centenaire de la naissance d\u2019un g\u00e9ant de la musique du vingti\u00e8me si\u00e8cle : Gy\u00f6rgy Ligeti (1923-2006). L\u2019occasion de revenir sur le parcours musical contrast\u00e9 du compositeur avec ce portrait audio r\u00e9alis\u00e9 par Thomas Vergracht<\/span>.<\/strong><\/span><\/p>\n<p>&nbsp;<\/p>\n<p><iframe loading=\"lazy\" src=\"https:\/\/w.soundcloud.com\/player\/?url=https%3A\/\/api.soundcloud.com\/tracks\/1458784573&amp;color=%23ff5500&amp;auto_play=false&amp;hide_related=false&amp;show_comments=true&amp;show_user=true&amp;show_reposts=false&amp;show_teaser=true\" width=\"100%\" height=\"166\" frameborder=\"no\" scrolling=\"no\"><\/iframe><\/p>\n<div style=\"font-size: 10px; color: #cccccc; line-break: anywhere; word-break: normal; overflow: hidden; white-space: nowrap; text-overflow: ellipsis; font-family: Interstate,Lucida Grande,Lucida Sans Unicode,Lucida Sans,Garuda,Verdana,Tahoma,sans-serif; font-weight: 100;\"><\/div>\n<p>Photo DR<\/p>\n","protected":false},"excerpt":{"rendered":"<p>Cette ann\u00e9e, on c\u00e9l\u00e8bre le centenaire de la naissance d\u2019un g\u00e9ant de la musique du vingti\u00e8me si\u00e8cle : Gy\u00f6rgy Ligeti (1923-2006). L\u2019occasion de revenir sur le parcours musical contrast\u00e9 du compositeur avec ce podcast r\u00e9alis\u00e9 par Thomas Vergracht.<\/p>\n","protected":false},"author":159,"featured_media":24268,"comment_status":"closed","ping_status":"closed","sticky":false,"template":"","format":"standard","meta":{"_acf_changed":false,"footnotes":""},"categories":[6],"tags":[8],"class_list":["post-24264","post","type-post","status-publish","format-standard","has-post-thumbnail","hentry","category-portrait","tag-gyorgy-ligeti","concert-ligeti-aux-sources-du-rythme"],"acf":[],"yoast_head":"<!-- This site is optimized with the Yoast SEO plugin v27.5 - https:\/\/yoast.com\/product\/yoast-seo-wordpress\/ -->\n<title>Gy\u00f6rgy Ligeti : un portrait polyrythmique. - Ensemble intercontemporain<\/title>\n<meta name=\"robots\" content=\"index, follow, max-snippet:-1, max-image-preview:large, max-video-preview:-1\" \/>\n<link rel=\"canonical\" href=\"https:\/\/www.ensembleintercontemporain.com\/en\/2023\/03\/gyorgy-ligeti-un-portrait-micropolyphonique\/\" \/>\n<meta property=\"og:locale\" content=\"en_US\" \/>\n<meta property=\"og:type\" content=\"article\" \/>\n<meta property=\"og:title\" content=\"Gy\u00f6rgy Ligeti : un portrait polyrythmique. - Ensemble intercontemporain\" \/>\n<meta property=\"og:description\" content=\"Cette ann\u00e9e, on c\u00e9l\u00e8bre le centenaire de la naissance d\u2019un g\u00e9ant de la musique du vingti\u00e8me si\u00e8cle : Gy\u00f6rgy Ligeti (1923-2006). L\u2019occasion de revenir sur le parcours musical contrast\u00e9 du compositeur avec ce podcast r\u00e9alis\u00e9 par Thomas Vergracht.\" \/>\n<meta property=\"og:url\" content=\"https:\/\/www.ensembleintercontemporain.com\/fr\/2023\/03\/gyorgy-ligeti-un-portrait-micropolyphonique\/\" \/>\n<meta property=\"og:site_name\" content=\"Ensemble intercontemporain\" \/>\n<meta property=\"article:published_time\" content=\"2023-03-01T13:13:01+00:00\" \/>\n<meta property=\"article:modified_time\" content=\"2023-03-06T17:07:21+00:00\" \/>\n<meta property=\"og:image\" content=\"http:\/\/www.ensembleintercontemporain.com\/content\/uploads\/2023\/03\/gligeti.jpg\" \/>\n\t<meta property=\"og:image:width\" content=\"1920\" \/>\n\t<meta property=\"og:image:height\" content=\"1280\" \/>\n\t<meta property=\"og:image:type\" content=\"image\/jpeg\" \/>\n<meta name=\"author\" content=\"Thomas Vergracht\" \/>\n<meta name=\"twitter:card\" content=\"summary_large_image\" \/>\n<meta name=\"twitter:label1\" content=\"Written by\" \/>\n\t<meta name=\"twitter:data1\" content=\"Thomas Vergracht\" \/>\n\t<meta name=\"twitter:label2\" content=\"Est. reading time\" \/>\n\t<meta name=\"twitter:data2\" content=\"1 minute\" \/>\n<script type=\"application\/ld+json\" class=\"yoast-schema-graph\">{\"@context\":\"https:\\\/\\\/schema.org\",\"@graph\":[{\"@type\":\"Article\",\"@id\":\"https:\\\/\\\/www.ensembleintercontemporain.com\\\/fr\\\/2023\\\/03\\\/gyorgy-ligeti-un-portrait-micropolyphonique\\\/#article\",\"isPartOf\":{\"@id\":\"https:\\\/\\\/www.ensembleintercontemporain.com\\\/fr\\\/2023\\\/03\\\/gyorgy-ligeti-un-portrait-micropolyphonique\\\/\"},\"author\":{\"name\":\"Thomas Vergracht\",\"@id\":\"https:\\\/\\\/www.ensembleintercontemporain.com\\\/en\\\/#\\\/schema\\\/person\\\/f3a15c0c0e0e799fb0726c2c612efa2a\"},\"headline\":\"Gy\u00f6rgy Ligeti : un portrait polyrythmique.\",\"datePublished\":\"2023-03-01T13:13:01+00:00\",\"dateModified\":\"2023-03-06T17:07:21+00:00\",\"mainEntityOfPage\":{\"@id\":\"https:\\\/\\\/www.ensembleintercontemporain.com\\\/fr\\\/2023\\\/03\\\/gyorgy-ligeti-un-portrait-micropolyphonique\\\/\"},\"wordCount\":57,\"image\":{\"@id\":\"https:\\\/\\\/www.ensembleintercontemporain.com\\\/fr\\\/2023\\\/03\\\/gyorgy-ligeti-un-portrait-micropolyphonique\\\/#primaryimage\"},\"thumbnailUrl\":\"https:\\\/\\\/www.ensembleintercontemporain.com\\\/content\\\/uploads\\\/2023\\\/03\\\/gligeti.jpg\",\"keywords\":[\"Gy\u00f6rgy Ligeti\"],\"articleSection\":[\"Portrait\"],\"inLanguage\":\"en-US\"},{\"@type\":\"WebPage\",\"@id\":\"https:\\\/\\\/www.ensembleintercontemporain.com\\\/fr\\\/2023\\\/03\\\/gyorgy-ligeti-un-portrait-micropolyphonique\\\/\",\"url\":\"https:\\\/\\\/www.ensembleintercontemporain.com\\\/fr\\\/2023\\\/03\\\/gyorgy-ligeti-un-portrait-micropolyphonique\\\/\",\"name\":\"Gy\u00f6rgy Ligeti : un portrait polyrythmique. - Ensemble intercontemporain\",\"isPartOf\":{\"@id\":\"https:\\\/\\\/www.ensembleintercontemporain.com\\\/en\\\/#website\"},\"primaryImageOfPage\":{\"@id\":\"https:\\\/\\\/www.ensembleintercontemporain.com\\\/fr\\\/2023\\\/03\\\/gyorgy-ligeti-un-portrait-micropolyphonique\\\/#primaryimage\"},\"image\":{\"@id\":\"https:\\\/\\\/www.ensembleintercontemporain.com\\\/fr\\\/2023\\\/03\\\/gyorgy-ligeti-un-portrait-micropolyphonique\\\/#primaryimage\"},\"thumbnailUrl\":\"https:\\\/\\\/www.ensembleintercontemporain.com\\\/content\\\/uploads\\\/2023\\\/03\\\/gligeti.jpg\",\"datePublished\":\"2023-03-01T13:13:01+00:00\",\"dateModified\":\"2023-03-06T17:07:21+00:00\",\"author\":{\"@id\":\"https:\\\/\\\/www.ensembleintercontemporain.com\\\/en\\\/#\\\/schema\\\/person\\\/f3a15c0c0e0e799fb0726c2c612efa2a\"},\"breadcrumb\":{\"@id\":\"https:\\\/\\\/www.ensembleintercontemporain.com\\\/fr\\\/2023\\\/03\\\/gyorgy-ligeti-un-portrait-micropolyphonique\\\/#breadcrumb\"},\"inLanguage\":\"en-US\",\"potentialAction\":[{\"@type\":\"ReadAction\",\"target\":[\"https:\\\/\\\/www.ensembleintercontemporain.com\\\/fr\\\/2023\\\/03\\\/gyorgy-ligeti-un-portrait-micropolyphonique\\\/\"]}]},{\"@type\":\"ImageObject\",\"inLanguage\":\"en-US\",\"@id\":\"https:\\\/\\\/www.ensembleintercontemporain.com\\\/fr\\\/2023\\\/03\\\/gyorgy-ligeti-un-portrait-micropolyphonique\\\/#primaryimage\",\"url\":\"https:\\\/\\\/www.ensembleintercontemporain.com\\\/content\\\/uploads\\\/2023\\\/03\\\/gligeti.jpg\",\"contentUrl\":\"https:\\\/\\\/www.ensembleintercontemporain.com\\\/content\\\/uploads\\\/2023\\\/03\\\/gligeti.jpg\",\"width\":1920,\"height\":1280},{\"@type\":\"BreadcrumbList\",\"@id\":\"https:\\\/\\\/www.ensembleintercontemporain.com\\\/fr\\\/2023\\\/03\\\/gyorgy-ligeti-un-portrait-micropolyphonique\\\/#breadcrumb\",\"itemListElement\":[{\"@type\":\"ListItem\",\"position\":1,\"name\":\"Home\",\"item\":\"https:\\\/\\\/www.ensembleintercontemporain.com\\\/en\\\/\"},{\"@type\":\"ListItem\",\"position\":2,\"name\":\"Gy\u00f6rgy Ligeti : un portrait polyrythmique.\"}]},{\"@type\":\"WebSite\",\"@id\":\"https:\\\/\\\/www.ensembleintercontemporain.com\\\/en\\\/#website\",\"url\":\"https:\\\/\\\/www.ensembleintercontemporain.com\\\/en\\\/\",\"name\":\"Ensemble intercontemporain\",\"description\":\"\",\"potentialAction\":[{\"@type\":\"SearchAction\",\"target\":{\"@type\":\"EntryPoint\",\"urlTemplate\":\"https:\\\/\\\/www.ensembleintercontemporain.com\\\/en\\\/?s={search_term_string}\"},\"query-input\":{\"@type\":\"PropertyValueSpecification\",\"valueRequired\":true,\"valueName\":\"search_term_string\"}}],\"inLanguage\":\"en-US\"},{\"@type\":\"Person\",\"@id\":\"https:\\\/\\\/www.ensembleintercontemporain.com\\\/en\\\/#\\\/schema\\\/person\\\/f3a15c0c0e0e799fb0726c2c612efa2a\",\"name\":\"Thomas Vergracht\",\"image\":{\"@type\":\"ImageObject\",\"inLanguage\":\"en-US\",\"@id\":\"https:\\\/\\\/secure.gravatar.com\\\/avatar\\\/d5d604fe2b55d72a1ee9dc821c750b7c6a824fa5e3dfe7451db844437ae8316a?s=96&d=mm&r=g\",\"url\":\"https:\\\/\\\/secure.gravatar.com\\\/avatar\\\/d5d604fe2b55d72a1ee9dc821c750b7c6a824fa5e3dfe7451db844437ae8316a?s=96&d=mm&r=g\",\"contentUrl\":\"https:\\\/\\\/secure.gravatar.com\\\/avatar\\\/d5d604fe2b55d72a1ee9dc821c750b7c6a824fa5e3dfe7451db844437ae8316a?s=96&d=mm&r=g\",\"caption\":\"Thomas Vergracht\"},\"url\":\"https:\\\/\\\/www.ensembleintercontemporain.com\\\/en\\\/author\\\/tvergracht\\\/\"}]}<\/script>\n<!-- \/ Yoast SEO plugin. -->","yoast_head_json":{"title":"Gy\u00f6rgy Ligeti : un portrait polyrythmique. - Ensemble intercontemporain","robots":{"index":"index","follow":"follow","max-snippet":"max-snippet:-1","max-image-preview":"max-image-preview:large","max-video-preview":"max-video-preview:-1"},"canonical":"https:\/\/www.ensembleintercontemporain.com\/en\/2023\/03\/gyorgy-ligeti-un-portrait-micropolyphonique\/","og_locale":"en_US","og_type":"article","og_title":"Gy\u00f6rgy Ligeti : un portrait polyrythmique. - Ensemble intercontemporain","og_description":"Cette ann\u00e9e, on c\u00e9l\u00e8bre le centenaire de la naissance d\u2019un g\u00e9ant de la musique du vingti\u00e8me si\u00e8cle : Gy\u00f6rgy Ligeti (1923-2006). L\u2019occasion de revenir sur le parcours musical contrast\u00e9 du compositeur avec ce podcast r\u00e9alis\u00e9 par Thomas Vergracht.","og_url":"https:\/\/www.ensembleintercontemporain.com\/fr\/2023\/03\/gyorgy-ligeti-un-portrait-micropolyphonique\/","og_site_name":"Ensemble intercontemporain","article_published_time":"2023-03-01T13:13:01+00:00","article_modified_time":"2023-03-06T17:07:21+00:00","og_image":[{"width":1920,"height":1280,"url":"http:\/\/www.ensembleintercontemporain.com\/content\/uploads\/2023\/03\/gligeti.jpg","type":"image\/jpeg"}],"author":"Thomas Vergracht","twitter_card":"summary_large_image","twitter_misc":{"Written by":"Thomas Vergracht","Est. reading time":"1 minute"},"schema":{"@context":"https:\/\/schema.org","@graph":[{"@type":"Article","@id":"https:\/\/www.ensembleintercontemporain.com\/fr\/2023\/03\/gyorgy-ligeti-un-portrait-micropolyphonique\/#article","isPartOf":{"@id":"https:\/\/www.ensembleintercontemporain.com\/fr\/2023\/03\/gyorgy-ligeti-un-portrait-micropolyphonique\/"},"author":{"name":"Thomas Vergracht","@id":"https:\/\/www.ensembleintercontemporain.com\/en\/#\/schema\/person\/f3a15c0c0e0e799fb0726c2c612efa2a"},"headline":"Gy\u00f6rgy Ligeti : un portrait polyrythmique.","datePublished":"2023-03-01T13:13:01+00:00","dateModified":"2023-03-06T17:07:21+00:00","mainEntityOfPage":{"@id":"https:\/\/www.ensembleintercontemporain.com\/fr\/2023\/03\/gyorgy-ligeti-un-portrait-micropolyphonique\/"},"wordCount":57,"image":{"@id":"https:\/\/www.ensembleintercontemporain.com\/fr\/2023\/03\/gyorgy-ligeti-un-portrait-micropolyphonique\/#primaryimage"},"thumbnailUrl":"https:\/\/www.ensembleintercontemporain.com\/content\/uploads\/2023\/03\/gligeti.jpg","keywords":["Gy\u00f6rgy Ligeti"],"articleSection":["Portrait"],"inLanguage":"en-US"},{"@type":"WebPage","@id":"https:\/\/www.ensembleintercontemporain.com\/fr\/2023\/03\/gyorgy-ligeti-un-portrait-micropolyphonique\/","url":"https:\/\/www.ensembleintercontemporain.com\/fr\/2023\/03\/gyorgy-ligeti-un-portrait-micropolyphonique\/","name":"Gy\u00f6rgy Ligeti : un portrait polyrythmique. - Ensemble intercontemporain","isPartOf":{"@id":"https:\/\/www.ensembleintercontemporain.com\/en\/#website"},"primaryImageOfPage":{"@id":"https:\/\/www.ensembleintercontemporain.com\/fr\/2023\/03\/gyorgy-ligeti-un-portrait-micropolyphonique\/#primaryimage"},"image":{"@id":"https:\/\/www.ensembleintercontemporain.com\/fr\/2023\/03\/gyorgy-ligeti-un-portrait-micropolyphonique\/#primaryimage"},"thumbnailUrl":"https:\/\/www.ensembleintercontemporain.com\/content\/uploads\/2023\/03\/gligeti.jpg","datePublished":"2023-03-01T13:13:01+00:00","dateModified":"2023-03-06T17:07:21+00:00","author":{"@id":"https:\/\/www.ensembleintercontemporain.com\/en\/#\/schema\/person\/f3a15c0c0e0e799fb0726c2c612efa2a"},"breadcrumb":{"@id":"https:\/\/www.ensembleintercontemporain.com\/fr\/2023\/03\/gyorgy-ligeti-un-portrait-micropolyphonique\/#breadcrumb"},"inLanguage":"en-US","potentialAction":[{"@type":"ReadAction","target":["https:\/\/www.ensembleintercontemporain.com\/fr\/2023\/03\/gyorgy-ligeti-un-portrait-micropolyphonique\/"]}]},{"@type":"ImageObject","inLanguage":"en-US","@id":"https:\/\/www.ensembleintercontemporain.com\/fr\/2023\/03\/gyorgy-ligeti-un-portrait-micropolyphonique\/#primaryimage","url":"https:\/\/www.ensembleintercontemporain.com\/content\/uploads\/2023\/03\/gligeti.jpg","contentUrl":"https:\/\/www.ensembleintercontemporain.com\/content\/uploads\/2023\/03\/gligeti.jpg","width":1920,"height":1280},{"@type":"BreadcrumbList","@id":"https:\/\/www.ensembleintercontemporain.com\/fr\/2023\/03\/gyorgy-ligeti-un-portrait-micropolyphonique\/#breadcrumb","itemListElement":[{"@type":"ListItem","position":1,"name":"Home","item":"https:\/\/www.ensembleintercontemporain.com\/en\/"},{"@type":"ListItem","position":2,"name":"Gy\u00f6rgy Ligeti : un portrait polyrythmique."}]},{"@type":"WebSite","@id":"https:\/\/www.ensembleintercontemporain.com\/en\/#website","url":"https:\/\/www.ensembleintercontemporain.com\/en\/","name":"Ensemble intercontemporain","description":"","potentialAction":[{"@type":"SearchAction","target":{"@type":"EntryPoint","urlTemplate":"https:\/\/www.ensembleintercontemporain.com\/en\/?s={search_term_string}"},"query-input":{"@type":"PropertyValueSpecification","valueRequired":true,"valueName":"search_term_string"}}],"inLanguage":"en-US"},{"@type":"Person","@id":"https:\/\/www.ensembleintercontemporain.com\/en\/#\/schema\/person\/f3a15c0c0e0e799fb0726c2c612efa2a","name":"Thomas Vergracht","image":{"@type":"ImageObject","inLanguage":"en-US","@id":"https:\/\/secure.gravatar.com\/avatar\/d5d604fe2b55d72a1ee9dc821c750b7c6a824fa5e3dfe7451db844437ae8316a?s=96&d=mm&r=g","url":"https:\/\/secure.gravatar.com\/avatar\/d5d604fe2b55d72a1ee9dc821c750b7c6a824fa5e3dfe7451db844437ae8316a?s=96&d=mm&r=g","contentUrl":"https:\/\/secure.gravatar.com\/avatar\/d5d604fe2b55d72a1ee9dc821c750b7c6a824fa5e3dfe7451db844437ae8316a?s=96&d=mm&r=g","caption":"Thomas Vergracht"},"url":"https:\/\/www.ensembleintercontemporain.com\/en\/author\/tvergracht\/"}]}},"_links":{"self":[{"href":"https:\/\/www.ensembleintercontemporain.com\/en\/wp-json\/wp\/v2\/posts\/24264\/"}],"collection":[{"href":"https:\/\/www.ensembleintercontemporain.com\/en\/wp-json\/wp\/v2\/posts\/"}],"about":[{"href":"https:\/\/www.ensembleintercontemporain.com\/en\/wp-json\/wp\/v2\/types\/post\/"}],"author":[{"embeddable":true,"href":"https:\/\/www.ensembleintercontemporain.com\/en\/wp-json\/wp\/v2\/users\/159\/"}],"replies":[{"embeddable":true,"href":"https:\/\/www.ensembleintercontemporain.com\/en\/wp-json\/wp\/v2\/comments\/?post=24264"}],"version-history":[{"count":3,"href":"https:\/\/www.ensembleintercontemporain.com\/en\/wp-json\/wp\/v2\/posts\/24264\/revisions\/"}],"predecessor-version":[{"id":24294,"href":"https:\/\/www.ensembleintercontemporain.com\/en\/wp-json\/wp\/v2\/posts\/24264\/revisions\/24294\/"}],"wp:featuredmedia":[{"embeddable":true,"href":"https:\/\/www.ensembleintercontemporain.com\/en\/wp-json\/wp\/v2\/media\/24268\/"}],"wp:attachment":[{"href":"https:\/\/www.ensembleintercontemporain.com\/en\/wp-json\/wp\/v2\/media\/?parent=24264"}],"wp:term":[{"taxonomy":"category","embeddable":true,"href":"https:\/\/www.ensembleintercontemporain.com\/en\/wp-json\/wp\/v2\/categories\/?post=24264"},{"taxonomy":"post_tag","embeddable":true,"href":"https:\/\/www.ensembleintercontemporain.com\/en\/wp-json\/wp\/v2\/tags\/?post=24264"}],"curies":[{"name":"wp","href":"https:\/\/api.w.org\/{rel}","templated":true}]}}