{"id":24073,"date":"2023-02-24T18:41:37","date_gmt":"2023-02-24T17:41:37","guid":{"rendered":"https:\/\/www.ensembleintercontemporain.com\/?p=24073"},"modified":"2023-02-24T18:41:37","modified_gmt":"2023-02-24T17:41:37","slug":"gyorgy-ligeti-et-les-musiques-traditionnelles-dafrique","status":"publish","type":"post","link":"https:\/\/www.ensembleintercontemporain.com\/en\/2023\/02\/gyorgy-ligeti-et-les-musiques-traditionnelles-dafrique\/","title":{"rendered":"Gy\u00f6rgy Ligeti et les musiques traditionnelles d\u2019Afrique."},"content":{"rendered":"<p><span style=\"font-size: 14pt;\"><img loading=\"lazy\" decoding=\"async\" class=\"aligncenter size-full wp-image-24074\" src=\"http:\/\/www.ensembleintercontemporain.com\/content\/uploads\/2023\/02\/akg1054578-article.jpg\" alt=\"\" width=\"1920\" height=\"1904\" srcset=\"https:\/\/www.ensembleintercontemporain.com\/content\/uploads\/2023\/02\/akg1054578-article.jpg 1920w, https:\/\/www.ensembleintercontemporain.com\/content\/uploads\/2023\/02\/akg1054578-article-300x298.jpg 300w, https:\/\/www.ensembleintercontemporain.com\/content\/uploads\/2023\/02\/akg1054578-article-1024x1015.jpg 1024w, https:\/\/www.ensembleintercontemporain.com\/content\/uploads\/2023\/02\/akg1054578-article-150x150.jpg 150w, https:\/\/www.ensembleintercontemporain.com\/content\/uploads\/2023\/02\/akg1054578-article-768x762.jpg 768w, https:\/\/www.ensembleintercontemporain.com\/content\/uploads\/2023\/02\/akg1054578-article-1536x1523.jpg 1536w\" sizes=\"auto, (max-width: 1920px) 100vw, 1920px\" \/><\/span><\/p>\n<p><span style=\"color: #003366;\"><strong>Le <a href=\"https:\/\/www.ensembleintercontemporain.com\/fr\/concert\/ligeti-aux-sources-du-rythme-2023-03-03-20h00-paris\/\">concert du 3 mars \u00e0 la Cit\u00e9 de la musique<\/a> fera dialoguer des \u0153uvres de Gy\u00f6rgy Ligeti avec celles de cinq compositeurs et compositrices originaires du continent africain et des Cara\u00efbes. Un programme original qui souligne toute l\u2019importance qu\u2019aura eu pour Ligeti la d\u00e9couverte des musiques traditionnelles d\u2019Afrique, et de certaines r\u00e9gions en particulier, dans les ann\u00e9es 1980. \u00a0<\/strong><\/span><\/p>\n<p><span style=\"font-size: 14pt;\">La musique populaire d\u2019Afrique fut pour Ligeti une v\u00e9ritable r\u00e9v\u00e9lation et peut-\u00eatre la source populaire la plus exploit\u00e9e \u00e0 partir du<em> Premier<\/em> <em>Livre d\u2019\u00e9tudes pour piano<\/em> (1985). Le continent africain le fascinait d\u2019ailleurs depuis son enfance, avant m\u00eame qu\u2019il n\u2019en conn\u00fbt la musique\u00a0:<\/span><\/p>\n<p><span style=\"font-size: 14pt;\">\u00ab\u00a0Mon int\u00e9r\u00eat en g\u00e9ographie se concentrait de plus en plus sur l\u2019Afrique. Je commen\u00e7ai \u00e0 lire beaucoup de livres sur l\u2019Afrique, pas seulement des descriptions de voyages, mais aussi des ouvrages g\u00e9ographiques et ethnographiques. Je ne pouvais pas pr\u00e9voir que la musique africaine deviendrait, cinquante ans plus tard, une des impulsions majeures pour mes propres compositions<a href=\"#_ftn1\" name=\"_ftnref1\">[1]<\/a>.\u00a0\u00bb<\/span><\/p>\n<p><span style=\"font-size: 14pt;\">La d\u00e9couverte de la musique elle-m\u00eame se fit progressivement dans les ann\u00e9es 1980. L\u2019int\u00e9r\u00eat premier de Ligeti se porta sur les polyphonies complexes que l\u2019on y rencontre. De ce fait, les musiques subsahariennes (en particulier d\u2019Afrique centrale) furent pr\u00e9f\u00e9\u00adr\u00e9es aux musiques sahariennes (et sah\u00e9liennes) en g\u00e9n\u00e9ral plus m\u00e9lodiques et se m\u00ealant rarement en polyphonie. L\u2019approche des musiques populaires africaines fut toutefois tr\u00e8s diff\u00e9rente de celle des musiques populaires d\u2019Europe centrale. Alors que l\u2019\u00e9tude de cette derni\u00e8re fut une \u00e9tude \u00ab de terrain \u00bb, Ligeti ne connut la musique africaine qu\u2019\u00e0 travers les \u00e9crits th\u00e9oriques et les enregistrements. Il n\u2019a jamais voyag\u00e9 en Afrique, ou seulement en \u00c9gypte, mais jamais en tout cas en Afrique subsaharienne.<br \/>\nSur l\u2019ensemble des \u00e9crits, nous retiendrons deux ouvrages de r\u00e9f\u00e9rence : d\u2019abord, M<em>usik in Afrika<\/em>, ouvrage collectif paru en 1983 (soit deux ans avant le <em>Premier Livre d\u2019\u00e9tudes pour piano<\/em>) et \u00e0 propos duquel Ligeti n\u2019h\u00e9sitait pas \u00e0 parler de \u00ab bible \u00bb. Et, <em>Polyphonies et Polyrythmies instrumentales d\u2019Afrique centrale<\/em> de Simha Arom paru en 1985. L\u2019importance de ce dernier s\u2019est manifest\u00e9e, compte tenu de sa date de publication, dans les \u0153uvres post\u00e9rieures \u00e0 1985. Outre les \u00e9crits, l\u2019ampleur de cette influence ne peut se mesurer qu\u2019\u00e0 l\u2019\u00e9coute de plusieurs enregis\u00adtrements, notamment ceux r\u00e9alis\u00e9s par Simha Arom sur les Pygm\u00e9es Aka ou encore les collectes de Gerhard Kubik chez les Banda-Linda et celles de Vincent Dehoux pour les Gb\u00e1y\u00e1. Ces quelques r\u00e9f\u00e9rences n\u2019ont pour Ligeti rien d\u2019anecdotique et deviennent peu \u00e0 peu substrat :<\/span><\/p>\n<p><span style=\"font-size: 14pt;\">\u00ab\u00a0J\u2019ai \u00e9t\u00e9 tr\u00e8s impressionn\u00e9 par les <em>chants \u00e0 penser<\/em> des Gb\u00e1y\u00e1 enregistr\u00e9s par Vincent Dehoux, qui sont tr\u00e8s simples, mais qui sont pour moi de la tr\u00e8s grande musique, \u00e0 l\u2019\u00e9gal de celle de Mozart<a href=\"#_ftn2\" name=\"_ftnref2\">[2]<\/a>.\u00a0\u00bb<\/span><\/p>\n<p><span style=\"font-size: 14pt;\">La musique d\u2019Afrique centrale est une tradition orale. Elle n\u2019est th\u00e9oris\u00e9e que par les musicologues occidentaux et en aucun cas par ses ex\u00e9cutants. Pour notre tradition \u00e9crite de musique savante, cela para\u00eet d\u2019autant plus inconvenant que \u00ab\u00a0ces musiques, transmises oralement, ob\u00e9issent \u00e0 des lois parfois fort complexes, mais qui demeurent implicites<a href=\"#_ftn3\" name=\"_ftnref3\">[3]<\/a>\u00a0\u00bb.<\/span><\/p>\n<p><span style=\"font-size: 14pt;\">Les \u00ab\u00a0chants \u00e0 penser\u00a0\u00bb (\u00ab\u00a0<em>gima ta mo\u00a0\u00bb<\/em> signifie chant\/\u00e0 penser\/chose) des Gb\u00e1y\u00e1, vivant en R\u00e9publique centrafricaine et au sud du Soudan, peuvent en cela faire exception, puisqu\u2019ils ont une fonction plus \u00ab\u00a0autonome\u00a0\u00bb et ne sont pas n\u00e9cessairement li\u00e9s \u00e0 la danse. Ligeti admirait tout particuli\u00e8rement ce genre musical. Il s\u2019agit d\u2019un r\u00e9pertoire pour voix d\u2019hommes o\u00f9 le chant est accompagn\u00e9 de la <em>sanza<\/em> (lamellophone de petite taille jou\u00e9 avec les pouces) et parfois de petites percussions tels des hochets (<em>soko<\/em>) ou des b\u00e2tons entre\u00adchoqu\u00e9s <em>(gada).<\/em> Le mat\u00e9riau de base est donc tr\u00e8s simple, mais la polyphonie r\u00e9sultante est d\u2019une grande richesse, tirant le meilleur profit du petit nombre d\u2019\u00e9l\u00e9ments constitutifs \u00e0 travers une organisation m\u00e9trique complexe.<\/span><\/p>\n<p><img loading=\"lazy\" decoding=\"async\" class=\"aligncenter wp-image-24076\" src=\"http:\/\/www.ensembleintercontemporain.com\/content\/uploads\/2023\/02\/dscf5623-2-1024x671.jpg\" alt=\"\" width=\"725\" height=\"475\" srcset=\"https:\/\/www.ensembleintercontemporain.com\/content\/uploads\/2023\/02\/dscf5623-2-1024x671.jpg 1024w, https:\/\/www.ensembleintercontemporain.com\/content\/uploads\/2023\/02\/dscf5623-2-300x197.jpg 300w, https:\/\/www.ensembleintercontemporain.com\/content\/uploads\/2023\/02\/dscf5623-2-768x503.jpg 768w, https:\/\/www.ensembleintercontemporain.com\/content\/uploads\/2023\/02\/dscf5623-2-1536x1006.jpg 1536w, https:\/\/www.ensembleintercontemporain.com\/content\/uploads\/2023\/02\/dscf5623-2.jpg 1920w\" sizes=\"auto, (max-width: 725px) 100vw, 725px\" \/><\/p>\n<p><span style=\"font-size: 10pt;\">Simha Arom, Gy\u00f6rgy Ligeti et Pierre Laurent Aimard, entour\u00e9s de l\u2019orchestre de trompes des Banda-Linda et des Pygm\u00e9es Aka de R\u00e9publique centrafricaine. Th\u00e9\u00e2tre du Ch\u00e2elet, Paris, d\u00e9cembre 1999.\u00a0<\/span><\/p>\n<p><span style=\"font-size: 14pt;\">Les Pygm\u00e9es Aka produisent eux aussi une musique dont on comprend ais\u00e9ment qu\u2019elle ait retenu l\u2019attention du compositeur. Ce peuple de la for\u00eat vit au sud-ouest de la R\u00e9publique centrafricaine. La polyphonie complexe qu\u2019ils exercent a la particu\u00adlarit\u00e9 d\u2019utiliser le \u00ab yodel \u00bb (technique de chant qui fait alterner tr\u00e8s rapidement voix de poitrine et voix de t\u00eate), ph\u00e9nom\u00e8ne assez rare sur le continent africain et dont on ne trouve l\u2019\u00e9quivalent que chez les autres Pygm\u00e9es de la for\u00eat \u00e9quatoriale (Bibayak par exemple) ou chez les Khoisans (Bochimans et Hottentos) du d\u00e9sert de l\u2019h\u00e9misph\u00e8re sud (Namibie). Les chants yodel\u00e9s s\u2019accompagnent souvent eux aussi de percussions.<\/span><\/p>\n<p><span style=\"font-size: 14pt;\"><img loading=\"lazy\" decoding=\"async\" class=\"alignleft wp-image-24078\" src=\"http:\/\/www.ensembleintercontemporain.com\/content\/uploads\/2023\/02\/babda-linda-300x290.jpg\" alt=\"\" width=\"335\" height=\"324\" srcset=\"https:\/\/www.ensembleintercontemporain.com\/content\/uploads\/2023\/02\/babda-linda-300x290.jpg 300w, https:\/\/www.ensembleintercontemporain.com\/content\/uploads\/2023\/02\/babda-linda-768x743.jpg 768w, https:\/\/www.ensembleintercontemporain.com\/content\/uploads\/2023\/02\/babda-linda.jpg 800w\" sizes=\"auto, (max-width: 335px) 100vw, 335px\" \/>Ligeti fut attir\u00e9 \u00e9galement par la musique des Banda-Linda, eux aussi originaires de R\u00e9publique centrafricaine. Comme l\u2019a montr\u00e9 Simha Arom dans sa th\u00e8se, leurs orchestres de \u00ab\u00a0trompes\u00a0\u00bb (a\u00e9rophones de grande taille) pr\u00e9sentent une polyrythmie extr\u00eamement dense\u00a0; chaque instrumentiste ne produit qu\u2019une seule hauteur de son (ou deux tout au plus), mais l\u2019ensemble peut contenir jusqu\u2019\u00e0 dix-huit trompes de tailles diff\u00e9rentes (donc dix-huit hauteurs diff\u00e9rentes). La technique de \u00ab\u00a0hoquet\u00a0\u00bb, proc\u00e9d\u00e9 polyphonique o\u00f9 des silences r\u00e9partis dans une partie musicale son combl\u00e9s par les sons d\u2019une autre partie, est \u00e0 la base de cette musique.<\/span><\/p>\n<p><span style=\"font-size: 14pt;\">Enfin, une autre des r\u00e9gions musicales d\u2019Afrique qu\u2019affectionnait particuli\u00e8rement Ligeti est celle aux alentours du lac Victoria, le style des Bantou, \u00e0 l\u2019exemple des Amadinda de l\u2019ancien royaume du Bouganda (au sud-ouest de l\u2019Ouganda). Leur musique de xylophone <em>(amadinda)<\/em> est l\u2019une des premi\u00e8res en Afrique \u00e0 laquelle le compositeur s\u2019est int\u00e9ress\u00e9. Le ph\u00e9nom\u00e8ne d\u2019imbrication de lignes m\u00e9lodiques \u00e9quidistantes (en anglais <em>interlocking)<\/em> ex\u00e9cu\u00adt\u00e9es dans un tempo tr\u00e8s rapide est une source d\u2019inspiration capitale des <em>\u00c9tudes pour piano.<\/em><\/span><\/p>\n<p><span style=\"font-size: 14pt;\">\u00ab\u00a0Les musiciens s\u2019assoient face \u00e0 face de chaque c\u00f4t\u00e9 de l\u2019instrument et chaque groupe joue en octaves parall\u00e8les l\u2019une des deux m\u00e9lodies de base. Ces deux m\u00e9lodies s\u2019imbriquent comme deux roues d\u2019engrenage dans un tempo d\u2019environ 200 pulsations par minute. Le r\u00e9sultat combin\u00e9 nous donne une suite de <em>patterns<\/em> et intervalles r\u00e9guliers se d\u00e9pla\u00e7ant \u00e0 une vitesse vertigineuse (600 pulsations par minute)\u00a0; cette suite de <em>patterns<\/em> se r\u00e9p\u00e9tera comme une boucle en fonction de la longueur des deux m\u00e9lodies de base<a href=\"#_ftn4\" name=\"_ftnref4\">[4]<\/a>.\u00a0\u00bb<\/span><\/p>\n<p style=\"text-align: center;\"><iframe loading=\"lazy\" title=\"YouTube video player\" src=\"https:\/\/www.youtube.com\/embed\/UawfEK5Ord0\" width=\"560\" height=\"315\" frameborder=\"0\" allowfullscreen=\"allowfullscreen\"><\/iframe><\/p>\n<p><span style=\"font-size: 14pt;\">Depuis le <em>Premier Livre d\u2019\u00c9tudes pour piano<\/em>, on retrouve sur quasiment toutes les esquisses pr\u00e9paratoires les indications \u00ab\u00a0Banda-Linda\u00a0\u00bb, \u00ab\u00a0Aka\u00a0\u00bb, \u00ab\u00a0Gb\u00e1y\u00e1\u00a0\u00bb ou autres \u00ab\u00a0Dan\u00a0\u00bb (C\u00f4te d\u2019Ivoire et Lib\u00e9ria), ainsi que les techniques qui leurs sont asso\u00adci\u00e9es, \u00ab\u00a0yodel\u00a0\u00bb, \u00ab\u00a0hoquet\u00a0\u00bb, etc. Nous n\u2019aurons de cesse de r\u00e9p\u00e9ter que le compositeur ne reprend \u00ab\u00a0qu\u2019une id\u00e9e technique emprunt\u00e9e au r\u00e9pertoire des mouvements des Africains, et non la musique elle-m\u00eame<a href=\"#_ftn5\" name=\"_ftnref5\">[5]<\/a> \u00bb. Sa musique se nourrit de son \u00e9clectisme, et s\u2019inspire de tr\u00e8s nombreux autres domaines qu\u2019il est impossible de soustraire de fa\u00e7on univoque au r\u00e9sultat final.<\/span><\/p>\n<p>&nbsp;<\/p>\n<p><strong>Extrait de : <em>Gy\u00f6rgy Ligeti et la musique populaire <\/em>de Simon Gallot, pr\u00e9face de Gy\u00f6rgy Kurt\u00e1g, Lyon, \u00e9ditions Sym\u00e9trie, 2010.<\/strong><\/p>\n<p>&nbsp;<\/p>\n<p>Photos (de haut en bas) : Gy\u00f6rgy Ligeti \u00a9 akg-images \/ brandstaetter images \/ Otto Breicha ;\u00a0 \u00a9 Marie-No\u00eblle Robert ;\u00a0 autres photos DR<\/p>\n<p>&nbsp;<\/p>\n<hr \/>\n<p>&nbsp;<\/p>\n<p><a href=\"#_ftnref1\" name=\"_ftn1\">[1]<\/a> LIGETI, \u00ab\u00a0Mein Judentum\u00a0\u00bb, p. 239.<\/p>\n<p><a href=\"#_ftnref2\" name=\"_ftn2\">[2]<\/a> Cit\u00e9 dans PHILIPPE ALB\u00c8RA, <em>Musique en cr\u00e9ation<\/em>, Paris : Contrechamps \u2013\u00a0Festival d\u2019automne \u00e0 Paris, 1999, p. 88 (\u00ab Entretien avec Gy\u00f6rgy Ligeti \u00bb).<\/p>\n<p><a href=\"#_ftnref3\" name=\"_ftn3\">[3]<\/a> Monique Brandily, <em>Introduction aux musiques africaines<\/em>, collection Musiques du monde, Arles \u2013 Paris : Actes sud \u2013\u00a0Cit\u00e9 de la musique, 1997, p. 19.<\/p>\n<p><a href=\"#_ftnref4\" name=\"_ftn4\">[4]<\/a> GERHARD KUBIK. Traduit et cit\u00e9 dans BOULIANE, \u00ab <em>Six \u00c9tudes pour piano<\/em> de Gy\u00f6rgy Ligeti \u00bb, p. 107.<\/p>\n<p><a href=\"#_ftnref5\" name=\"_ftn5\">[5]<\/a> GY\u00d6RGY LIGETI. Cit\u00e9 dans <em>Gy\u00f6rgy Ligeti Edition<\/em>, disque 3 : <em>Works for piano<\/em>, Sony Classical, 1997, notice introductive du disque compact SK 62308, p. 25.<\/p>\n","protected":false},"excerpt":{"rendered":"<p>Le concert du 3 mars \u00e0 la Cit\u00e9 de la musique fera dialoguer des \u0153uvres de Gy\u00f6rgy Ligeti avec celles de cinq compositeurs et compositrices originaires du continent africain et des Cara\u00efbes. Un programme original qui souligne toute l\u2019importance qu\u2019aura eu pour Ligeti la d\u00e9couverte des musiques traditionnelles d\u2019Afrique, et de certaines r\u00e9gions en particulier, dans les ann\u00e9es 1980. \u00a0<\/p>\n","protected":false},"author":209,"featured_media":24080,"comment_status":"closed","ping_status":"closed","sticky":false,"template":"","format":"standard","meta":{"_acf_changed":false,"footnotes":""},"categories":[10],"tags":[],"class_list":["post-24073","post","type-post","status-publish","format-standard","has-post-thumbnail","hentry","category-grand-angle","concert-ligeti-aux-sources-du-rythme"],"acf":[],"yoast_head":"<!-- This site is optimized with the Yoast SEO plugin v27.5 - https:\/\/yoast.com\/product\/yoast-seo-wordpress\/ -->\n<title>Gy\u00f6rgy Ligeti et les musiques traditionnelles d\u2019Afrique. - Ensemble intercontemporain<\/title>\n<meta name=\"robots\" content=\"index, follow, max-snippet:-1, max-image-preview:large, max-video-preview:-1\" \/>\n<link rel=\"canonical\" href=\"https:\/\/www.ensembleintercontemporain.com\/en\/2023\/02\/gyorgy-ligeti-et-les-musiques-traditionnelles-dafrique\/\" \/>\n<meta property=\"og:locale\" content=\"en_US\" \/>\n<meta property=\"og:type\" content=\"article\" \/>\n<meta property=\"og:title\" content=\"Gy\u00f6rgy Ligeti et les musiques traditionnelles d\u2019Afrique. - Ensemble intercontemporain\" \/>\n<meta property=\"og:description\" content=\"Le concert du 3 mars \u00e0 la Cit\u00e9 de la musique fera dialoguer des \u0153uvres de Gy\u00f6rgy Ligeti avec celles de cinq compositeurs et compositrices originaires du continent africain et des Cara\u00efbes. Un programme original qui souligne toute l\u2019importance qu\u2019aura eu pour Ligeti la d\u00e9couverte des musiques traditionnelles d\u2019Afrique, et de certaines r\u00e9gions en particulier, dans les ann\u00e9es 1980. \u00a0\" \/>\n<meta property=\"og:url\" content=\"https:\/\/www.ensembleintercontemporain.com\/fr\/2023\/02\/gyorgy-ligeti-et-les-musiques-traditionnelles-dafrique\/\" \/>\n<meta property=\"og:site_name\" content=\"Ensemble intercontemporain\" \/>\n<meta property=\"article:published_time\" content=\"2023-02-24T17:41:37+00:00\" \/>\n<meta property=\"og:image\" content=\"http:\/\/www.ensembleintercontemporain.com\/content\/uploads\/2023\/02\/akg1054578-header.jpg\" \/>\n\t<meta property=\"og:image:width\" content=\"1920\" \/>\n\t<meta property=\"og:image:height\" content=\"1379\" \/>\n\t<meta property=\"og:image:type\" content=\"image\/jpeg\" \/>\n<meta name=\"author\" content=\"Simon Gallot\" \/>\n<meta name=\"twitter:card\" content=\"summary_large_image\" \/>\n<meta name=\"twitter:label1\" content=\"Written by\" \/>\n\t<meta name=\"twitter:data1\" content=\"Simon Gallot\" \/>\n\t<meta name=\"twitter:label2\" content=\"Est. reading time\" \/>\n\t<meta name=\"twitter:data2\" content=\"7 minutes\" \/>\n<script type=\"application\/ld+json\" class=\"yoast-schema-graph\">{\"@context\":\"https:\\\/\\\/schema.org\",\"@graph\":[{\"@type\":\"Article\",\"@id\":\"https:\\\/\\\/www.ensembleintercontemporain.com\\\/fr\\\/2023\\\/02\\\/gyorgy-ligeti-et-les-musiques-traditionnelles-dafrique\\\/#article\",\"isPartOf\":{\"@id\":\"https:\\\/\\\/www.ensembleintercontemporain.com\\\/fr\\\/2023\\\/02\\\/gyorgy-ligeti-et-les-musiques-traditionnelles-dafrique\\\/\"},\"author\":{\"name\":\"Simon Gallot\",\"@id\":\"https:\\\/\\\/www.ensembleintercontemporain.com\\\/en\\\/#\\\/schema\\\/person\\\/4c2d201c4cc0ff3b9fd3a5d09578dc0b\"},\"headline\":\"Gy\u00f6rgy Ligeti et les musiques traditionnelles d\u2019Afrique.\",\"datePublished\":\"2023-02-24T17:41:37+00:00\",\"mainEntityOfPage\":{\"@id\":\"https:\\\/\\\/www.ensembleintercontemporain.com\\\/fr\\\/2023\\\/02\\\/gyorgy-ligeti-et-les-musiques-traditionnelles-dafrique\\\/\"},\"wordCount\":1395,\"image\":{\"@id\":\"https:\\\/\\\/www.ensembleintercontemporain.com\\\/fr\\\/2023\\\/02\\\/gyorgy-ligeti-et-les-musiques-traditionnelles-dafrique\\\/#primaryimage\"},\"thumbnailUrl\":\"https:\\\/\\\/www.ensembleintercontemporain.com\\\/content\\\/uploads\\\/2023\\\/02\\\/akg1054578-header.jpg\",\"articleSection\":[\"Grand Angle\"],\"inLanguage\":\"en-US\"},{\"@type\":\"WebPage\",\"@id\":\"https:\\\/\\\/www.ensembleintercontemporain.com\\\/fr\\\/2023\\\/02\\\/gyorgy-ligeti-et-les-musiques-traditionnelles-dafrique\\\/\",\"url\":\"https:\\\/\\\/www.ensembleintercontemporain.com\\\/fr\\\/2023\\\/02\\\/gyorgy-ligeti-et-les-musiques-traditionnelles-dafrique\\\/\",\"name\":\"Gy\u00f6rgy Ligeti et les musiques traditionnelles d\u2019Afrique. - Ensemble intercontemporain\",\"isPartOf\":{\"@id\":\"https:\\\/\\\/www.ensembleintercontemporain.com\\\/en\\\/#website\"},\"primaryImageOfPage\":{\"@id\":\"https:\\\/\\\/www.ensembleintercontemporain.com\\\/fr\\\/2023\\\/02\\\/gyorgy-ligeti-et-les-musiques-traditionnelles-dafrique\\\/#primaryimage\"},\"image\":{\"@id\":\"https:\\\/\\\/www.ensembleintercontemporain.com\\\/fr\\\/2023\\\/02\\\/gyorgy-ligeti-et-les-musiques-traditionnelles-dafrique\\\/#primaryimage\"},\"thumbnailUrl\":\"https:\\\/\\\/www.ensembleintercontemporain.com\\\/content\\\/uploads\\\/2023\\\/02\\\/akg1054578-header.jpg\",\"datePublished\":\"2023-02-24T17:41:37+00:00\",\"author\":{\"@id\":\"https:\\\/\\\/www.ensembleintercontemporain.com\\\/en\\\/#\\\/schema\\\/person\\\/4c2d201c4cc0ff3b9fd3a5d09578dc0b\"},\"breadcrumb\":{\"@id\":\"https:\\\/\\\/www.ensembleintercontemporain.com\\\/fr\\\/2023\\\/02\\\/gyorgy-ligeti-et-les-musiques-traditionnelles-dafrique\\\/#breadcrumb\"},\"inLanguage\":\"en-US\",\"potentialAction\":[{\"@type\":\"ReadAction\",\"target\":[\"https:\\\/\\\/www.ensembleintercontemporain.com\\\/fr\\\/2023\\\/02\\\/gyorgy-ligeti-et-les-musiques-traditionnelles-dafrique\\\/\"]}]},{\"@type\":\"ImageObject\",\"inLanguage\":\"en-US\",\"@id\":\"https:\\\/\\\/www.ensembleintercontemporain.com\\\/fr\\\/2023\\\/02\\\/gyorgy-ligeti-et-les-musiques-traditionnelles-dafrique\\\/#primaryimage\",\"url\":\"https:\\\/\\\/www.ensembleintercontemporain.com\\\/content\\\/uploads\\\/2023\\\/02\\\/akg1054578-header.jpg\",\"contentUrl\":\"https:\\\/\\\/www.ensembleintercontemporain.com\\\/content\\\/uploads\\\/2023\\\/02\\\/akg1054578-header.jpg\",\"width\":1920,\"height\":1379,\"caption\":\"\"},{\"@type\":\"BreadcrumbList\",\"@id\":\"https:\\\/\\\/www.ensembleintercontemporain.com\\\/fr\\\/2023\\\/02\\\/gyorgy-ligeti-et-les-musiques-traditionnelles-dafrique\\\/#breadcrumb\",\"itemListElement\":[{\"@type\":\"ListItem\",\"position\":1,\"name\":\"Home\",\"item\":\"https:\\\/\\\/www.ensembleintercontemporain.com\\\/en\\\/\"},{\"@type\":\"ListItem\",\"position\":2,\"name\":\"Gy\u00f6rgy Ligeti et les musiques traditionnelles d\u2019Afrique.\"}]},{\"@type\":\"WebSite\",\"@id\":\"https:\\\/\\\/www.ensembleintercontemporain.com\\\/en\\\/#website\",\"url\":\"https:\\\/\\\/www.ensembleintercontemporain.com\\\/en\\\/\",\"name\":\"Ensemble intercontemporain\",\"description\":\"\",\"potentialAction\":[{\"@type\":\"SearchAction\",\"target\":{\"@type\":\"EntryPoint\",\"urlTemplate\":\"https:\\\/\\\/www.ensembleintercontemporain.com\\\/en\\\/?s={search_term_string}\"},\"query-input\":{\"@type\":\"PropertyValueSpecification\",\"valueRequired\":true,\"valueName\":\"search_term_string\"}}],\"inLanguage\":\"en-US\"},{\"@type\":\"Person\",\"@id\":\"https:\\\/\\\/www.ensembleintercontemporain.com\\\/en\\\/#\\\/schema\\\/person\\\/4c2d201c4cc0ff3b9fd3a5d09578dc0b\",\"name\":\"Simon Gallot\",\"image\":{\"@type\":\"ImageObject\",\"inLanguage\":\"en-US\",\"@id\":\"https:\\\/\\\/secure.gravatar.com\\\/avatar\\\/d91a442fe72d4af3f520d14a8183d5ef8d85f7d34687f47154e8fcc7be16bdb4?s=96&d=mm&r=g\",\"url\":\"https:\\\/\\\/secure.gravatar.com\\\/avatar\\\/d91a442fe72d4af3f520d14a8183d5ef8d85f7d34687f47154e8fcc7be16bdb4?s=96&d=mm&r=g\",\"contentUrl\":\"https:\\\/\\\/secure.gravatar.com\\\/avatar\\\/d91a442fe72d4af3f520d14a8183d5ef8d85f7d34687f47154e8fcc7be16bdb4?s=96&d=mm&r=g\",\"caption\":\"Simon Gallot\"},\"url\":\"https:\\\/\\\/www.ensembleintercontemporain.com\\\/en\\\/author\\\/sgallot\\\/\"}]}<\/script>\n<!-- \/ Yoast SEO plugin. -->","yoast_head_json":{"title":"Gy\u00f6rgy Ligeti et les musiques traditionnelles d\u2019Afrique. - Ensemble intercontemporain","robots":{"index":"index","follow":"follow","max-snippet":"max-snippet:-1","max-image-preview":"max-image-preview:large","max-video-preview":"max-video-preview:-1"},"canonical":"https:\/\/www.ensembleintercontemporain.com\/en\/2023\/02\/gyorgy-ligeti-et-les-musiques-traditionnelles-dafrique\/","og_locale":"en_US","og_type":"article","og_title":"Gy\u00f6rgy Ligeti et les musiques traditionnelles d\u2019Afrique. - Ensemble intercontemporain","og_description":"Le concert du 3 mars \u00e0 la Cit\u00e9 de la musique fera dialoguer des \u0153uvres de Gy\u00f6rgy Ligeti avec celles de cinq compositeurs et compositrices originaires du continent africain et des Cara\u00efbes. Un programme original qui souligne toute l\u2019importance qu\u2019aura eu pour Ligeti la d\u00e9couverte des musiques traditionnelles d\u2019Afrique, et de certaines r\u00e9gions en particulier, dans les ann\u00e9es 1980. \u00a0","og_url":"https:\/\/www.ensembleintercontemporain.com\/fr\/2023\/02\/gyorgy-ligeti-et-les-musiques-traditionnelles-dafrique\/","og_site_name":"Ensemble intercontemporain","article_published_time":"2023-02-24T17:41:37+00:00","og_image":[{"width":1920,"height":1379,"url":"http:\/\/www.ensembleintercontemporain.com\/content\/uploads\/2023\/02\/akg1054578-header.jpg","type":"image\/jpeg"}],"author":"Simon Gallot","twitter_card":"summary_large_image","twitter_misc":{"Written by":"Simon Gallot","Est. reading time":"7 minutes"},"schema":{"@context":"https:\/\/schema.org","@graph":[{"@type":"Article","@id":"https:\/\/www.ensembleintercontemporain.com\/fr\/2023\/02\/gyorgy-ligeti-et-les-musiques-traditionnelles-dafrique\/#article","isPartOf":{"@id":"https:\/\/www.ensembleintercontemporain.com\/fr\/2023\/02\/gyorgy-ligeti-et-les-musiques-traditionnelles-dafrique\/"},"author":{"name":"Simon Gallot","@id":"https:\/\/www.ensembleintercontemporain.com\/en\/#\/schema\/person\/4c2d201c4cc0ff3b9fd3a5d09578dc0b"},"headline":"Gy\u00f6rgy Ligeti et les musiques traditionnelles d\u2019Afrique.","datePublished":"2023-02-24T17:41:37+00:00","mainEntityOfPage":{"@id":"https:\/\/www.ensembleintercontemporain.com\/fr\/2023\/02\/gyorgy-ligeti-et-les-musiques-traditionnelles-dafrique\/"},"wordCount":1395,"image":{"@id":"https:\/\/www.ensembleintercontemporain.com\/fr\/2023\/02\/gyorgy-ligeti-et-les-musiques-traditionnelles-dafrique\/#primaryimage"},"thumbnailUrl":"https:\/\/www.ensembleintercontemporain.com\/content\/uploads\/2023\/02\/akg1054578-header.jpg","articleSection":["Grand Angle"],"inLanguage":"en-US"},{"@type":"WebPage","@id":"https:\/\/www.ensembleintercontemporain.com\/fr\/2023\/02\/gyorgy-ligeti-et-les-musiques-traditionnelles-dafrique\/","url":"https:\/\/www.ensembleintercontemporain.com\/fr\/2023\/02\/gyorgy-ligeti-et-les-musiques-traditionnelles-dafrique\/","name":"Gy\u00f6rgy Ligeti et les musiques traditionnelles d\u2019Afrique. - Ensemble intercontemporain","isPartOf":{"@id":"https:\/\/www.ensembleintercontemporain.com\/en\/#website"},"primaryImageOfPage":{"@id":"https:\/\/www.ensembleintercontemporain.com\/fr\/2023\/02\/gyorgy-ligeti-et-les-musiques-traditionnelles-dafrique\/#primaryimage"},"image":{"@id":"https:\/\/www.ensembleintercontemporain.com\/fr\/2023\/02\/gyorgy-ligeti-et-les-musiques-traditionnelles-dafrique\/#primaryimage"},"thumbnailUrl":"https:\/\/www.ensembleintercontemporain.com\/content\/uploads\/2023\/02\/akg1054578-header.jpg","datePublished":"2023-02-24T17:41:37+00:00","author":{"@id":"https:\/\/www.ensembleintercontemporain.com\/en\/#\/schema\/person\/4c2d201c4cc0ff3b9fd3a5d09578dc0b"},"breadcrumb":{"@id":"https:\/\/www.ensembleintercontemporain.com\/fr\/2023\/02\/gyorgy-ligeti-et-les-musiques-traditionnelles-dafrique\/#breadcrumb"},"inLanguage":"en-US","potentialAction":[{"@type":"ReadAction","target":["https:\/\/www.ensembleintercontemporain.com\/fr\/2023\/02\/gyorgy-ligeti-et-les-musiques-traditionnelles-dafrique\/"]}]},{"@type":"ImageObject","inLanguage":"en-US","@id":"https:\/\/www.ensembleintercontemporain.com\/fr\/2023\/02\/gyorgy-ligeti-et-les-musiques-traditionnelles-dafrique\/#primaryimage","url":"https:\/\/www.ensembleintercontemporain.com\/content\/uploads\/2023\/02\/akg1054578-header.jpg","contentUrl":"https:\/\/www.ensembleintercontemporain.com\/content\/uploads\/2023\/02\/akg1054578-header.jpg","width":1920,"height":1379,"caption":""},{"@type":"BreadcrumbList","@id":"https:\/\/www.ensembleintercontemporain.com\/fr\/2023\/02\/gyorgy-ligeti-et-les-musiques-traditionnelles-dafrique\/#breadcrumb","itemListElement":[{"@type":"ListItem","position":1,"name":"Home","item":"https:\/\/www.ensembleintercontemporain.com\/en\/"},{"@type":"ListItem","position":2,"name":"Gy\u00f6rgy Ligeti et les musiques traditionnelles d\u2019Afrique."}]},{"@type":"WebSite","@id":"https:\/\/www.ensembleintercontemporain.com\/en\/#website","url":"https:\/\/www.ensembleintercontemporain.com\/en\/","name":"Ensemble intercontemporain","description":"","potentialAction":[{"@type":"SearchAction","target":{"@type":"EntryPoint","urlTemplate":"https:\/\/www.ensembleintercontemporain.com\/en\/?s={search_term_string}"},"query-input":{"@type":"PropertyValueSpecification","valueRequired":true,"valueName":"search_term_string"}}],"inLanguage":"en-US"},{"@type":"Person","@id":"https:\/\/www.ensembleintercontemporain.com\/en\/#\/schema\/person\/4c2d201c4cc0ff3b9fd3a5d09578dc0b","name":"Simon Gallot","image":{"@type":"ImageObject","inLanguage":"en-US","@id":"https:\/\/secure.gravatar.com\/avatar\/d91a442fe72d4af3f520d14a8183d5ef8d85f7d34687f47154e8fcc7be16bdb4?s=96&d=mm&r=g","url":"https:\/\/secure.gravatar.com\/avatar\/d91a442fe72d4af3f520d14a8183d5ef8d85f7d34687f47154e8fcc7be16bdb4?s=96&d=mm&r=g","contentUrl":"https:\/\/secure.gravatar.com\/avatar\/d91a442fe72d4af3f520d14a8183d5ef8d85f7d34687f47154e8fcc7be16bdb4?s=96&d=mm&r=g","caption":"Simon Gallot"},"url":"https:\/\/www.ensembleintercontemporain.com\/en\/author\/sgallot\/"}]}},"_links":{"self":[{"href":"https:\/\/www.ensembleintercontemporain.com\/en\/wp-json\/wp\/v2\/posts\/24073\/"}],"collection":[{"href":"https:\/\/www.ensembleintercontemporain.com\/en\/wp-json\/wp\/v2\/posts\/"}],"about":[{"href":"https:\/\/www.ensembleintercontemporain.com\/en\/wp-json\/wp\/v2\/types\/post\/"}],"author":[{"embeddable":true,"href":"https:\/\/www.ensembleintercontemporain.com\/en\/wp-json\/wp\/v2\/users\/209\/"}],"replies":[{"embeddable":true,"href":"https:\/\/www.ensembleintercontemporain.com\/en\/wp-json\/wp\/v2\/comments\/?post=24073"}],"version-history":[{"count":8,"href":"https:\/\/www.ensembleintercontemporain.com\/en\/wp-json\/wp\/v2\/posts\/24073\/revisions\/"}],"predecessor-version":[{"id":24204,"href":"https:\/\/www.ensembleintercontemporain.com\/en\/wp-json\/wp\/v2\/posts\/24073\/revisions\/24204\/"}],"wp:featuredmedia":[{"embeddable":true,"href":"https:\/\/www.ensembleintercontemporain.com\/en\/wp-json\/wp\/v2\/media\/24080\/"}],"wp:attachment":[{"href":"https:\/\/www.ensembleintercontemporain.com\/en\/wp-json\/wp\/v2\/media\/?parent=24073"}],"wp:term":[{"taxonomy":"category","embeddable":true,"href":"https:\/\/www.ensembleintercontemporain.com\/en\/wp-json\/wp\/v2\/categories\/?post=24073"},{"taxonomy":"post_tag","embeddable":true,"href":"https:\/\/www.ensembleintercontemporain.com\/en\/wp-json\/wp\/v2\/tags\/?post=24073"}],"curies":[{"name":"wp","href":"https:\/\/api.w.org\/{rel}","templated":true}]}}