{"id":24046,"date":"2023-02-23T15:06:41","date_gmt":"2023-02-23T14:06:41","guid":{"rendered":"https:\/\/www.ensembleintercontemporain.com\/?p=24046"},"modified":"2023-02-23T17:00:30","modified_gmt":"2023-02-23T16:00:30","slug":"gyorgy-ligeti-aux-sources-du-rythme","status":"publish","type":"post","link":"https:\/\/www.ensembleintercontemporain.com\/en\/2023\/02\/gyorgy-ligeti-aux-sources-du-rythme\/","title":{"rendered":"Gy\u00f6rgy Ligeti : aux sources du rythme."},"content":{"rendered":"<p><span style=\"color: #003366;\"><strong><span style=\"font-size: 14pt;\"><img loading=\"lazy\" decoding=\"async\" class=\"aligncenter size-full wp-image-24161\" src=\"http:\/\/www.ensembleintercontemporain.com\/content\/uploads\/2023\/02\/220914-ao-em-thehouseofcall003-bd.jpg\" alt=\"\" width=\"1920\" height=\"1397\" srcset=\"https:\/\/www.ensembleintercontemporain.com\/content\/uploads\/2023\/02\/220914-ao-em-thehouseofcall003-bd.jpg 1920w, https:\/\/www.ensembleintercontemporain.com\/content\/uploads\/2023\/02\/220914-ao-em-thehouseofcall003-bd-300x218.jpg 300w, https:\/\/www.ensembleintercontemporain.com\/content\/uploads\/2023\/02\/220914-ao-em-thehouseofcall003-bd-1024x745.jpg 1024w, https:\/\/www.ensembleintercontemporain.com\/content\/uploads\/2023\/02\/220914-ao-em-thehouseofcall003-bd-768x559.jpg 768w, https:\/\/www.ensembleintercontemporain.com\/content\/uploads\/2023\/02\/220914-ao-em-thehouseofcall003-bd-1536x1118.jpg 1536w\" sizes=\"auto, (max-width: 1920px) 100vw, 1920px\" \/><br \/>\nP<\/span>our c\u00e9l\u00e9brer le centenaire de la naissance de Gy\u00f6rgy Ligeti, le chef d\u2019orchestre Vimbayi Kaziboni a imagin\u00e9 pour le <a href=\"https:\/\/www.ensembleintercontemporain.com\/fr\/concert\/ligeti-aux-sources-du-rythme-2023-03-03-20h00-paris\/\">concert du 3 mars \u00e0 la Cit\u00e9 de la musique<\/a>, un programme original mettant en perspective trois des \u0153uvres du compositeur hongrois disparu en 2006 \u00a0\u00e0 celles de compositrices et compositeurs issus d\u2019Afrique et des Cara\u00efbes.<\/strong><\/span><\/p>\n<p><span style=\"font-size: 14pt;\">En songeant aux c\u00e9l\u00e9brations du centenaire de Gy\u00f6rgy Ligeti, j\u2019ai eu envie d\u2019explorer la mani\u00e8re dont son langage musical a \u00e9volu\u00e9 au contact de la musique africaine \u00e0 partir des ann\u00e9es 1980. Son processus compositionnel a \u00e9t\u00e9 boulevers\u00e9 en profondeur. Le moteur intime de sa musique a peu \u00e0 peu int\u00e9gr\u00e9 des formes polyrythmiques complexes. Et m\u00eame le travail de l\u2019harmonie (via les modes ou l\u2019accord) s\u2019est transform\u00e9, gagnant en complexit\u00e9 polyphonique. Cela est particuli\u00e8rement audible dans l\u2019\u0153uvre pour piano, comme le <em>Concerto pour piano<\/em> ou les <em>\u00c9tudes, <\/em>ainsi que dans le <em>Concerto pour violon<\/em> et les <em>Nonsense Madrigals.<\/em><\/span><\/p>\n<p><span style=\"font-size: 14pt;\">Je crois d\u2019ailleurs que le haut degr\u00e9 de multiplicit\u00e9 des influences dans cette musique figure en bonne place parmi les nombreux facteurs qui la distinguent des autres. C\u2019est un v\u00e9ritable empilement de couches d\u2019influences, dont certaines sont \u00e9videntes et d\u2019autres plus subtiles. Les entendre toutes, appr\u00e9hender et comprendre chacune, exige des centaines d\u2019\u00e9coutes extr\u00eamement attentives\u00a0! Ce qui n\u2019emp\u00eache pas cette musique de toucher l\u2019auditeur directement au c\u0153ur, m\u00eame sans en saisir l\u2019immense complexit\u00e9.<\/span><\/p>\n<p><span style=\"font-size: 14pt;\">Tout au long de ces r\u00e9flexions, je me suis dit qu\u2019il serait int\u00e9ressant, voire po\u00e9tique, de mettre ces \u0153uvres de Ligeti en perspective avec celles des compositeurs africains qui, \u00e0 l\u2019intersection avec la musique occidentale de tradition \u00e9crite, aspirent eux aussi \u00e0<\/span><span style=\"font-size: 14pt;\">adopter ou \u00e0 styliser des \u00e9l\u00e9ments traditionnels africains dans leurs \u0153uvres pour clavier, en particulier pour le piano. Ce concept est connu sous le nom de \u00ab pianisme africain \u00bb, tel que th\u00e9oris\u00e9 par le c<\/span><span style=\"font-size: 14pt;\">ompositeur nig\u00e9rian Akin Euba dans les ann\u00e9es 1960. Un des exemples les plus \u00e9loquents est selon moi le concerto pour piano <\/span><em style=\"font-size: 14pt;\">Invisble Self <\/em><span style=\"font-size: 14pt;\">d\u2019Andile Khumalo, qui m\u00eale dans un m\u00eame geste compositionnel le jeu traditionnel du xylophone africain, les pianismes africains, et les techniques d\u2019\u00e9criture spectrale.<\/span><\/p>\n<p><span style=\"font-size: 14pt;\"><img loading=\"lazy\" decoding=\"async\" class=\"alignleft wp-image-24049\" src=\"http:\/\/www.ensembleintercontemporain.com\/content\/uploads\/2023\/02\/2-focus-ligeti-marion-kalter-767x1024.jpg\" alt=\"\" width=\"355\" height=\"474\" srcset=\"https:\/\/www.ensembleintercontemporain.com\/content\/uploads\/2023\/02\/2-focus-ligeti-marion-kalter-767x1024.jpg 767w, https:\/\/www.ensembleintercontemporain.com\/content\/uploads\/2023\/02\/2-focus-ligeti-marion-kalter-225x300.jpg 225w, https:\/\/www.ensembleintercontemporain.com\/content\/uploads\/2023\/02\/2-focus-ligeti-marion-kalter-768x1025.jpg 768w, https:\/\/www.ensembleintercontemporain.com\/content\/uploads\/2023\/02\/2-focus-ligeti-marion-kalter-1151x1536.jpg 1151w, https:\/\/www.ensembleintercontemporain.com\/content\/uploads\/2023\/02\/2-focus-ligeti-marion-kalter.jpg 1200w\" sizes=\"auto, (max-width: 355px) 100vw, 355px\" \/>L\u2019effet relationnel des influences interculturelles a \u00e9t\u00e9 un des \u00e9l\u00e9ments structurels de l\u2019\u00e9laboration de ce programme, en jouant principalement sur les similarit\u00e9s et les divergences de traitement des diff\u00e9rentes traditions au fil des \u0153uvres. En fin de compte, tous les compositeurs en pr\u00e9sence ont recours \u00e0 des techniques et des \u00e9l\u00e9ments qui leur sont \u00e9trangers \u2014 voire travaillent une forme artistique qui leur est \u00e9trang\u00e8re. D\u2019une mani\u00e8re ou d\u2019une autre, ici, le concept de \u00ab l\u2019alt\u00e9rit\u00e9 \u00bb infuse la musique.<br \/>\n<\/span><span style=\"font-size: 14pt;\">J\u2019ai finalement le sentiment que le processus compositionnel de Ligeti lui-m\u00eame a eu en retour une influence sur les autres compositeurs au programme de ce concert. Son inventivit\u00e9 a inspir\u00e9 toutes les g\u00e9n\u00e9rations qui l\u2019ont suivi, et ce concert nous montre \u00e9galement le rayonnement de Ligeti sur tous les continents, un rayonnement aussi vaste et influent que celui que les musiques traditionnelles africaines ont pu exercer sur l\u2019art musical occidental.<\/span><\/p>\n<p>&nbsp;<\/p>\n<p style=\"text-align: right;\">Propos recueillis par J\u00e9r\u00e9mie Szpirglas<\/p>\n<p>&nbsp;<\/p>\n<p>Photos (de haut en bas) : \u00a9 Wonge Bergmann \/ \u00a9 Marion Kalter<\/p>\n","protected":false},"excerpt":{"rendered":"<p>Pour c\u00e9l\u00e9brer le centenaire de la naissance de Gy\u00f6rgy Ligeti, le chef d\u2019orchestre Vimbayi Kaziboni a imagin\u00e9 pour le concert du 3 mars \u00e0 la Cit\u00e9 de la musique, un programme original mettant en perspective trois des \u0153uvres du compositeur hongrois disparu en 2006 \u00a0\u00e0 celles de compositrices et compositeurs issus d\u2019Afrique et des Cara\u00efbes.<\/p>\n","protected":false},"author":207,"featured_media":24161,"comment_status":"closed","ping_status":"closed","sticky":false,"template":"","format":"standard","meta":{"_acf_changed":false,"footnotes":""},"categories":[102],"tags":[8],"class_list":["post-24046","post","type-post","status-publish","format-standard","has-post-thumbnail","hentry","category-eclairage","tag-gyorgy-ligeti","concert-ligeti-aux-sources-du-rythme"],"acf":[],"yoast_head":"<!-- This site is optimized with the Yoast SEO plugin v27.5 - https:\/\/yoast.com\/product\/yoast-seo-wordpress\/ -->\n<title>Gy\u00f6rgy Ligeti : aux sources du rythme. - Ensemble intercontemporain<\/title>\n<meta name=\"robots\" content=\"index, follow, max-snippet:-1, max-image-preview:large, max-video-preview:-1\" \/>\n<link rel=\"canonical\" href=\"https:\/\/www.ensembleintercontemporain.com\/en\/2023\/02\/gyorgy-ligeti-aux-sources-du-rythme\/\" \/>\n<meta property=\"og:locale\" content=\"en_US\" \/>\n<meta property=\"og:type\" content=\"article\" \/>\n<meta property=\"og:title\" content=\"Gy\u00f6rgy Ligeti : aux sources du rythme. - Ensemble intercontemporain\" \/>\n<meta property=\"og:description\" content=\"Pour c\u00e9l\u00e9brer le centenaire de la naissance de Gy\u00f6rgy Ligeti, le chef d\u2019orchestre Vimbayi Kaziboni a imagin\u00e9 pour le concert du 3 mars \u00e0 la Cit\u00e9 de la musique, un programme original mettant en perspective trois des \u0153uvres du compositeur hongrois disparu en 2006 \u00a0\u00e0 celles de compositrices et compositeurs issus d\u2019Afrique et des Cara\u00efbes.\" \/>\n<meta property=\"og:url\" content=\"https:\/\/www.ensembleintercontemporain.com\/fr\/2023\/02\/gyorgy-ligeti-aux-sources-du-rythme\/\" \/>\n<meta property=\"og:site_name\" content=\"Ensemble intercontemporain\" \/>\n<meta property=\"article:published_time\" content=\"2023-02-23T14:06:41+00:00\" \/>\n<meta property=\"article:modified_time\" content=\"2023-02-23T16:00:30+00:00\" \/>\n<meta property=\"og:image\" content=\"http:\/\/www.ensembleintercontemporain.com\/content\/uploads\/2023\/02\/220914-ao-em-thehouseofcall003-bd.jpg\" \/>\n\t<meta property=\"og:image:width\" content=\"1920\" \/>\n\t<meta property=\"og:image:height\" content=\"1397\" \/>\n\t<meta property=\"og:image:type\" content=\"image\/jpeg\" \/>\n<meta name=\"author\" content=\"Vimbayi Kaziboni\" \/>\n<meta name=\"twitter:card\" content=\"summary_large_image\" \/>\n<meta name=\"twitter:label1\" content=\"Written by\" \/>\n\t<meta name=\"twitter:data1\" content=\"Vimbayi Kaziboni\" \/>\n\t<meta name=\"twitter:label2\" content=\"Est. reading time\" \/>\n\t<meta name=\"twitter:data2\" content=\"4 minutes\" \/>\n<script type=\"application\/ld+json\" class=\"yoast-schema-graph\">{\"@context\":\"https:\\\/\\\/schema.org\",\"@graph\":[{\"@type\":\"Article\",\"@id\":\"https:\\\/\\\/www.ensembleintercontemporain.com\\\/fr\\\/2023\\\/02\\\/gyorgy-ligeti-aux-sources-du-rythme\\\/#article\",\"isPartOf\":{\"@id\":\"https:\\\/\\\/www.ensembleintercontemporain.com\\\/fr\\\/2023\\\/02\\\/gyorgy-ligeti-aux-sources-du-rythme\\\/\"},\"author\":{\"name\":\"Vimbayi Kaziboni\",\"@id\":\"https:\\\/\\\/www.ensembleintercontemporain.com\\\/en\\\/#\\\/schema\\\/person\\\/be641283cf5181c0083ab38df9a21601\"},\"headline\":\"Gy\u00f6rgy Ligeti : aux sources du rythme.\",\"datePublished\":\"2023-02-23T14:06:41+00:00\",\"dateModified\":\"2023-02-23T16:00:30+00:00\",\"mainEntityOfPage\":{\"@id\":\"https:\\\/\\\/www.ensembleintercontemporain.com\\\/fr\\\/2023\\\/02\\\/gyorgy-ligeti-aux-sources-du-rythme\\\/\"},\"wordCount\":575,\"image\":{\"@id\":\"https:\\\/\\\/www.ensembleintercontemporain.com\\\/fr\\\/2023\\\/02\\\/gyorgy-ligeti-aux-sources-du-rythme\\\/#primaryimage\"},\"thumbnailUrl\":\"https:\\\/\\\/www.ensembleintercontemporain.com\\\/content\\\/uploads\\\/2023\\\/02\\\/220914-ao-em-thehouseofcall003-bd.jpg\",\"keywords\":[\"Gy\u00f6rgy Ligeti\"],\"articleSection\":[\"\u00c9clairage\"],\"inLanguage\":\"en-US\"},{\"@type\":\"WebPage\",\"@id\":\"https:\\\/\\\/www.ensembleintercontemporain.com\\\/fr\\\/2023\\\/02\\\/gyorgy-ligeti-aux-sources-du-rythme\\\/\",\"url\":\"https:\\\/\\\/www.ensembleintercontemporain.com\\\/fr\\\/2023\\\/02\\\/gyorgy-ligeti-aux-sources-du-rythme\\\/\",\"name\":\"Gy\u00f6rgy Ligeti : aux sources du rythme. - Ensemble intercontemporain\",\"isPartOf\":{\"@id\":\"https:\\\/\\\/www.ensembleintercontemporain.com\\\/en\\\/#website\"},\"primaryImageOfPage\":{\"@id\":\"https:\\\/\\\/www.ensembleintercontemporain.com\\\/fr\\\/2023\\\/02\\\/gyorgy-ligeti-aux-sources-du-rythme\\\/#primaryimage\"},\"image\":{\"@id\":\"https:\\\/\\\/www.ensembleintercontemporain.com\\\/fr\\\/2023\\\/02\\\/gyorgy-ligeti-aux-sources-du-rythme\\\/#primaryimage\"},\"thumbnailUrl\":\"https:\\\/\\\/www.ensembleintercontemporain.com\\\/content\\\/uploads\\\/2023\\\/02\\\/220914-ao-em-thehouseofcall003-bd.jpg\",\"datePublished\":\"2023-02-23T14:06:41+00:00\",\"dateModified\":\"2023-02-23T16:00:30+00:00\",\"author\":{\"@id\":\"https:\\\/\\\/www.ensembleintercontemporain.com\\\/en\\\/#\\\/schema\\\/person\\\/be641283cf5181c0083ab38df9a21601\"},\"breadcrumb\":{\"@id\":\"https:\\\/\\\/www.ensembleintercontemporain.com\\\/fr\\\/2023\\\/02\\\/gyorgy-ligeti-aux-sources-du-rythme\\\/#breadcrumb\"},\"inLanguage\":\"en-US\",\"potentialAction\":[{\"@type\":\"ReadAction\",\"target\":[\"https:\\\/\\\/www.ensembleintercontemporain.com\\\/fr\\\/2023\\\/02\\\/gyorgy-ligeti-aux-sources-du-rythme\\\/\"]}]},{\"@type\":\"ImageObject\",\"inLanguage\":\"en-US\",\"@id\":\"https:\\\/\\\/www.ensembleintercontemporain.com\\\/fr\\\/2023\\\/02\\\/gyorgy-ligeti-aux-sources-du-rythme\\\/#primaryimage\",\"url\":\"https:\\\/\\\/www.ensembleintercontemporain.com\\\/content\\\/uploads\\\/2023\\\/02\\\/220914-ao-em-thehouseofcall003-bd.jpg\",\"contentUrl\":\"https:\\\/\\\/www.ensembleintercontemporain.com\\\/content\\\/uploads\\\/2023\\\/02\\\/220914-ao-em-thehouseofcall003-bd.jpg\",\"width\":1920,\"height\":1397,\"caption\":\"\"},{\"@type\":\"BreadcrumbList\",\"@id\":\"https:\\\/\\\/www.ensembleintercontemporain.com\\\/fr\\\/2023\\\/02\\\/gyorgy-ligeti-aux-sources-du-rythme\\\/#breadcrumb\",\"itemListElement\":[{\"@type\":\"ListItem\",\"position\":1,\"name\":\"Home\",\"item\":\"https:\\\/\\\/www.ensembleintercontemporain.com\\\/en\\\/\"},{\"@type\":\"ListItem\",\"position\":2,\"name\":\"Gy\u00f6rgy Ligeti : aux sources du rythme.\"}]},{\"@type\":\"WebSite\",\"@id\":\"https:\\\/\\\/www.ensembleintercontemporain.com\\\/en\\\/#website\",\"url\":\"https:\\\/\\\/www.ensembleintercontemporain.com\\\/en\\\/\",\"name\":\"Ensemble intercontemporain\",\"description\":\"\",\"potentialAction\":[{\"@type\":\"SearchAction\",\"target\":{\"@type\":\"EntryPoint\",\"urlTemplate\":\"https:\\\/\\\/www.ensembleintercontemporain.com\\\/en\\\/?s={search_term_string}\"},\"query-input\":{\"@type\":\"PropertyValueSpecification\",\"valueRequired\":true,\"valueName\":\"search_term_string\"}}],\"inLanguage\":\"en-US\"},{\"@type\":\"Person\",\"@id\":\"https:\\\/\\\/www.ensembleintercontemporain.com\\\/en\\\/#\\\/schema\\\/person\\\/be641283cf5181c0083ab38df9a21601\",\"name\":\"Vimbayi Kaziboni\",\"image\":{\"@type\":\"ImageObject\",\"inLanguage\":\"en-US\",\"@id\":\"https:\\\/\\\/secure.gravatar.com\\\/avatar\\\/d5f84ca0923d067f37e3fc16ae46cafbc535051dab3b41acb7252740fb433262?s=96&d=mm&r=g\",\"url\":\"https:\\\/\\\/secure.gravatar.com\\\/avatar\\\/d5f84ca0923d067f37e3fc16ae46cafbc535051dab3b41acb7252740fb433262?s=96&d=mm&r=g\",\"contentUrl\":\"https:\\\/\\\/secure.gravatar.com\\\/avatar\\\/d5f84ca0923d067f37e3fc16ae46cafbc535051dab3b41acb7252740fb433262?s=96&d=mm&r=g\",\"caption\":\"Vimbayi Kaziboni\"},\"url\":\"https:\\\/\\\/www.ensembleintercontemporain.com\\\/en\\\/author\\\/kaziboni\\\/\"}]}<\/script>\n<!-- \/ Yoast SEO plugin. -->","yoast_head_json":{"title":"Gy\u00f6rgy Ligeti : aux sources du rythme. - Ensemble intercontemporain","robots":{"index":"index","follow":"follow","max-snippet":"max-snippet:-1","max-image-preview":"max-image-preview:large","max-video-preview":"max-video-preview:-1"},"canonical":"https:\/\/www.ensembleintercontemporain.com\/en\/2023\/02\/gyorgy-ligeti-aux-sources-du-rythme\/","og_locale":"en_US","og_type":"article","og_title":"Gy\u00f6rgy Ligeti : aux sources du rythme. - Ensemble intercontemporain","og_description":"Pour c\u00e9l\u00e9brer le centenaire de la naissance de Gy\u00f6rgy Ligeti, le chef d\u2019orchestre Vimbayi Kaziboni a imagin\u00e9 pour le concert du 3 mars \u00e0 la Cit\u00e9 de la musique, un programme original mettant en perspective trois des \u0153uvres du compositeur hongrois disparu en 2006 \u00a0\u00e0 celles de compositrices et compositeurs issus d\u2019Afrique et des Cara\u00efbes.","og_url":"https:\/\/www.ensembleintercontemporain.com\/fr\/2023\/02\/gyorgy-ligeti-aux-sources-du-rythme\/","og_site_name":"Ensemble intercontemporain","article_published_time":"2023-02-23T14:06:41+00:00","article_modified_time":"2023-02-23T16:00:30+00:00","og_image":[{"width":1920,"height":1397,"url":"http:\/\/www.ensembleintercontemporain.com\/content\/uploads\/2023\/02\/220914-ao-em-thehouseofcall003-bd.jpg","type":"image\/jpeg"}],"author":"Vimbayi Kaziboni","twitter_card":"summary_large_image","twitter_misc":{"Written by":"Vimbayi Kaziboni","Est. reading time":"4 minutes"},"schema":{"@context":"https:\/\/schema.org","@graph":[{"@type":"Article","@id":"https:\/\/www.ensembleintercontemporain.com\/fr\/2023\/02\/gyorgy-ligeti-aux-sources-du-rythme\/#article","isPartOf":{"@id":"https:\/\/www.ensembleintercontemporain.com\/fr\/2023\/02\/gyorgy-ligeti-aux-sources-du-rythme\/"},"author":{"name":"Vimbayi Kaziboni","@id":"https:\/\/www.ensembleintercontemporain.com\/en\/#\/schema\/person\/be641283cf5181c0083ab38df9a21601"},"headline":"Gy\u00f6rgy Ligeti : aux sources du rythme.","datePublished":"2023-02-23T14:06:41+00:00","dateModified":"2023-02-23T16:00:30+00:00","mainEntityOfPage":{"@id":"https:\/\/www.ensembleintercontemporain.com\/fr\/2023\/02\/gyorgy-ligeti-aux-sources-du-rythme\/"},"wordCount":575,"image":{"@id":"https:\/\/www.ensembleintercontemporain.com\/fr\/2023\/02\/gyorgy-ligeti-aux-sources-du-rythme\/#primaryimage"},"thumbnailUrl":"https:\/\/www.ensembleintercontemporain.com\/content\/uploads\/2023\/02\/220914-ao-em-thehouseofcall003-bd.jpg","keywords":["Gy\u00f6rgy Ligeti"],"articleSection":["\u00c9clairage"],"inLanguage":"en-US"},{"@type":"WebPage","@id":"https:\/\/www.ensembleintercontemporain.com\/fr\/2023\/02\/gyorgy-ligeti-aux-sources-du-rythme\/","url":"https:\/\/www.ensembleintercontemporain.com\/fr\/2023\/02\/gyorgy-ligeti-aux-sources-du-rythme\/","name":"Gy\u00f6rgy Ligeti : aux sources du rythme. - Ensemble intercontemporain","isPartOf":{"@id":"https:\/\/www.ensembleintercontemporain.com\/en\/#website"},"primaryImageOfPage":{"@id":"https:\/\/www.ensembleintercontemporain.com\/fr\/2023\/02\/gyorgy-ligeti-aux-sources-du-rythme\/#primaryimage"},"image":{"@id":"https:\/\/www.ensembleintercontemporain.com\/fr\/2023\/02\/gyorgy-ligeti-aux-sources-du-rythme\/#primaryimage"},"thumbnailUrl":"https:\/\/www.ensembleintercontemporain.com\/content\/uploads\/2023\/02\/220914-ao-em-thehouseofcall003-bd.jpg","datePublished":"2023-02-23T14:06:41+00:00","dateModified":"2023-02-23T16:00:30+00:00","author":{"@id":"https:\/\/www.ensembleintercontemporain.com\/en\/#\/schema\/person\/be641283cf5181c0083ab38df9a21601"},"breadcrumb":{"@id":"https:\/\/www.ensembleintercontemporain.com\/fr\/2023\/02\/gyorgy-ligeti-aux-sources-du-rythme\/#breadcrumb"},"inLanguage":"en-US","potentialAction":[{"@type":"ReadAction","target":["https:\/\/www.ensembleintercontemporain.com\/fr\/2023\/02\/gyorgy-ligeti-aux-sources-du-rythme\/"]}]},{"@type":"ImageObject","inLanguage":"en-US","@id":"https:\/\/www.ensembleintercontemporain.com\/fr\/2023\/02\/gyorgy-ligeti-aux-sources-du-rythme\/#primaryimage","url":"https:\/\/www.ensembleintercontemporain.com\/content\/uploads\/2023\/02\/220914-ao-em-thehouseofcall003-bd.jpg","contentUrl":"https:\/\/www.ensembleintercontemporain.com\/content\/uploads\/2023\/02\/220914-ao-em-thehouseofcall003-bd.jpg","width":1920,"height":1397,"caption":""},{"@type":"BreadcrumbList","@id":"https:\/\/www.ensembleintercontemporain.com\/fr\/2023\/02\/gyorgy-ligeti-aux-sources-du-rythme\/#breadcrumb","itemListElement":[{"@type":"ListItem","position":1,"name":"Home","item":"https:\/\/www.ensembleintercontemporain.com\/en\/"},{"@type":"ListItem","position":2,"name":"Gy\u00f6rgy Ligeti : aux sources du rythme."}]},{"@type":"WebSite","@id":"https:\/\/www.ensembleintercontemporain.com\/en\/#website","url":"https:\/\/www.ensembleintercontemporain.com\/en\/","name":"Ensemble intercontemporain","description":"","potentialAction":[{"@type":"SearchAction","target":{"@type":"EntryPoint","urlTemplate":"https:\/\/www.ensembleintercontemporain.com\/en\/?s={search_term_string}"},"query-input":{"@type":"PropertyValueSpecification","valueRequired":true,"valueName":"search_term_string"}}],"inLanguage":"en-US"},{"@type":"Person","@id":"https:\/\/www.ensembleintercontemporain.com\/en\/#\/schema\/person\/be641283cf5181c0083ab38df9a21601","name":"Vimbayi Kaziboni","image":{"@type":"ImageObject","inLanguage":"en-US","@id":"https:\/\/secure.gravatar.com\/avatar\/d5f84ca0923d067f37e3fc16ae46cafbc535051dab3b41acb7252740fb433262?s=96&d=mm&r=g","url":"https:\/\/secure.gravatar.com\/avatar\/d5f84ca0923d067f37e3fc16ae46cafbc535051dab3b41acb7252740fb433262?s=96&d=mm&r=g","contentUrl":"https:\/\/secure.gravatar.com\/avatar\/d5f84ca0923d067f37e3fc16ae46cafbc535051dab3b41acb7252740fb433262?s=96&d=mm&r=g","caption":"Vimbayi Kaziboni"},"url":"https:\/\/www.ensembleintercontemporain.com\/en\/author\/kaziboni\/"}]}},"_links":{"self":[{"href":"https:\/\/www.ensembleintercontemporain.com\/en\/wp-json\/wp\/v2\/posts\/24046\/"}],"collection":[{"href":"https:\/\/www.ensembleintercontemporain.com\/en\/wp-json\/wp\/v2\/posts\/"}],"about":[{"href":"https:\/\/www.ensembleintercontemporain.com\/en\/wp-json\/wp\/v2\/types\/post\/"}],"author":[{"embeddable":true,"href":"https:\/\/www.ensembleintercontemporain.com\/en\/wp-json\/wp\/v2\/users\/207\/"}],"replies":[{"embeddable":true,"href":"https:\/\/www.ensembleintercontemporain.com\/en\/wp-json\/wp\/v2\/comments\/?post=24046"}],"version-history":[{"count":12,"href":"https:\/\/www.ensembleintercontemporain.com\/en\/wp-json\/wp\/v2\/posts\/24046\/revisions\/"}],"predecessor-version":[{"id":24163,"href":"https:\/\/www.ensembleintercontemporain.com\/en\/wp-json\/wp\/v2\/posts\/24046\/revisions\/24163\/"}],"wp:featuredmedia":[{"embeddable":true,"href":"https:\/\/www.ensembleintercontemporain.com\/en\/wp-json\/wp\/v2\/media\/24161\/"}],"wp:attachment":[{"href":"https:\/\/www.ensembleintercontemporain.com\/en\/wp-json\/wp\/v2\/media\/?parent=24046"}],"wp:term":[{"taxonomy":"category","embeddable":true,"href":"https:\/\/www.ensembleintercontemporain.com\/en\/wp-json\/wp\/v2\/categories\/?post=24046"},{"taxonomy":"post_tag","embeddable":true,"href":"https:\/\/www.ensembleintercontemporain.com\/en\/wp-json\/wp\/v2\/tags\/?post=24046"}],"curies":[{"name":"wp","href":"https:\/\/api.w.org\/{rel}","templated":true}]}}