{"id":23459,"date":"2022-11-03T15:51:19","date_gmt":"2022-11-03T14:51:19","guid":{"rendered":"https:\/\/www.ensembleintercontemporain.com\/?p=23459"},"modified":"2022-11-03T15:51:19","modified_gmt":"2022-11-03T14:51:19","slug":"mystique-et-ecologique-un-portrait-de-george-crumb","status":"publish","type":"post","link":"https:\/\/www.ensembleintercontemporain.com\/en\/2022\/11\/mystique-et-ecologique-un-portrait-de-george-crumb\/","title":{"rendered":"Mystique et \u00e9cologique. Un portrait de George Crumb."},"content":{"rendered":"<p><span style=\"color: #003300;\"><strong><span style=\"color: #003366;\"><img loading=\"lazy\" decoding=\"async\" class=\"aligncenter size-full wp-image-23460\" src=\"http:\/\/www.ensembleintercontemporain.com\/content\/uploads\/2022\/11\/crumbechoes-nb.jpg\" alt=\"\" width=\"1920\" height=\"1411\" srcset=\"https:\/\/www.ensembleintercontemporain.com\/content\/uploads\/2022\/11\/crumbechoes-nb.jpg 1920w, https:\/\/www.ensembleintercontemporain.com\/content\/uploads\/2022\/11\/crumbechoes-nb-300x220.jpg 300w, https:\/\/www.ensembleintercontemporain.com\/content\/uploads\/2022\/11\/crumbechoes-nb-1024x753.jpg 1024w, https:\/\/www.ensembleintercontemporain.com\/content\/uploads\/2022\/11\/crumbechoes-nb-768x564.jpg 768w, https:\/\/www.ensembleintercontemporain.com\/content\/uploads\/2022\/11\/crumbechoes-nb-1536x1129.jpg 1536w\" sizes=\"auto, (max-width: 1920px) 100vw, 1920px\" \/><\/span><\/strong><\/span><\/p>\n<p><span style=\"color: #003300;\"><strong><span style=\"color: #003366;\"><a href=\"https:\/\/www.ensembleintercontemporain.com\/fr\/concert\/vox-animalis-2022-11-17-20h00-paris\/\"><span style=\"font-size: 14pt;\">L<\/span>e 17 novembre, \u00e0 la Cit\u00e9 de la musique<\/a>,\u00a0trois solistes masqu\u00e9s vous feront plonger dans l\u2019univers, myst\u00e9rieux et po\u00e9tique, de George Crumb avec l\u2019un de ses chefs-d\u2019\u0153uvre : <em>Vox balaenae<\/em>. L\u2019occasion de partir \u00e0 la d\u00e9couverte du compositeur am\u00e9ricain avec ce podcast sign\u00e9 Thomas Vergracht.<br \/>\n<\/span><\/strong><\/span><\/p>\n<p><span style=\"color: #003366;\"><span style=\"caret-color: #003366;\"><b>\u00a0<\/b><\/span><\/span><\/p>\n<p><iframe loading=\"lazy\" src=\"https:\/\/w.soundcloud.com\/player\/?url=https%3A\/\/api.soundcloud.com\/tracks\/1375710991&amp;color=%23ff5500&amp;auto_play=false&amp;hide_related=false&amp;show_comments=true&amp;show_user=true&amp;show_reposts=false&amp;show_teaser=true\" width=\"100%\" height=\"166\" frameborder=\"no\" scrolling=\"no\"><\/iframe><\/p>\n<div style=\"font-size: 10px; color: #cccccc; line-break: anywhere; word-break: normal; overflow: hidden; white-space: nowrap; text-overflow: ellipsis; font-family: Interstate,Lucida Grande,Lucida Sans Unicode,Lucida Sans,Garuda,Verdana,Tahoma,sans-serif; font-weight: 100;\"><\/div>\n<div>Photo &#8211; DR<\/div>\n","protected":false},"excerpt":{"rendered":"<p>Le 17 novembre, \u00e0 la Cit\u00e9 de la musique,\u00a0trois solistes masqu\u00e9s vous feront plonger dans l\u2019univers, myst\u00e9rieux et po\u00e9tique, de George Crumb avec l\u2019un de ses chefs-d\u2019\u0153uvre : <em>Vox balaenae<\/em>. L\u2019occasion de partir \u00e0 la d\u00e9couverte du compositeur am\u00e9ricain avec ce podcast sign\u00e9 Thomas Vergracht.<\/p>\n","protected":false},"author":159,"featured_media":23460,"comment_status":"closed","ping_status":"closed","sticky":false,"template":"","format":"standard","meta":{"_acf_changed":false,"footnotes":""},"categories":[6],"tags":[461],"class_list":["post-23459","post","type-post","status-publish","format-standard","has-post-thumbnail","hentry","category-portrait","tag-george-crumb","concert-vox-animalis"],"acf":[],"yoast_head":"<!-- This site is optimized with the Yoast SEO plugin v27.5 - https:\/\/yoast.com\/product\/yoast-seo-wordpress\/ -->\n<title>Mystique et \u00e9cologique. Un portrait de George Crumb. - Ensemble intercontemporain<\/title>\n<meta name=\"robots\" content=\"index, follow, max-snippet:-1, max-image-preview:large, max-video-preview:-1\" \/>\n<link rel=\"canonical\" href=\"https:\/\/www.ensembleintercontemporain.com\/en\/2022\/11\/mystique-et-ecologique-un-portrait-de-george-crumb\/\" \/>\n<meta property=\"og:locale\" content=\"en_US\" \/>\n<meta property=\"og:type\" content=\"article\" \/>\n<meta property=\"og:title\" content=\"Mystique et \u00e9cologique. Un portrait de George Crumb. - Ensemble intercontemporain\" \/>\n<meta property=\"og:description\" content=\"Le 17 novembre, \u00e0 la Cit\u00e9 de la musique,\u00a0trois solistes masqu\u00e9s vous feront plonger dans l\u2019univers, myst\u00e9rieux et po\u00e9tique, de George Crumb avec l\u2019un de ses chefs-d\u2019\u0153uvre : Vox balaenae. L\u2019occasion de partir \u00e0 la d\u00e9couverte du compositeur am\u00e9ricain avec ce podcast sign\u00e9 Thomas Vergracht.\" \/>\n<meta property=\"og:url\" content=\"https:\/\/www.ensembleintercontemporain.com\/fr\/2022\/11\/mystique-et-ecologique-un-portrait-de-george-crumb\/\" \/>\n<meta property=\"og:site_name\" content=\"Ensemble intercontemporain\" \/>\n<meta property=\"article:published_time\" content=\"2022-11-03T14:51:19+00:00\" \/>\n<meta property=\"og:image\" content=\"http:\/\/www.ensembleintercontemporain.com\/content\/uploads\/2022\/11\/crumbechoes-nb.jpg\" \/>\n\t<meta property=\"og:image:width\" content=\"1920\" \/>\n\t<meta property=\"og:image:height\" content=\"1411\" \/>\n\t<meta property=\"og:image:type\" content=\"image\/jpeg\" \/>\n<meta name=\"author\" content=\"Thomas Vergracht\" \/>\n<meta name=\"twitter:card\" content=\"summary_large_image\" \/>\n<meta name=\"twitter:label1\" content=\"Written by\" \/>\n\t<meta name=\"twitter:data1\" content=\"Thomas Vergracht\" \/>\n\t<meta name=\"twitter:label2\" content=\"Est. reading time\" \/>\n\t<meta name=\"twitter:data2\" content=\"1 minute\" \/>\n<script type=\"application\/ld+json\" class=\"yoast-schema-graph\">{\"@context\":\"https:\\\/\\\/schema.org\",\"@graph\":[{\"@type\":\"Article\",\"@id\":\"https:\\\/\\\/www.ensembleintercontemporain.com\\\/fr\\\/2022\\\/11\\\/mystique-et-ecologique-un-portrait-de-george-crumb\\\/#article\",\"isPartOf\":{\"@id\":\"https:\\\/\\\/www.ensembleintercontemporain.com\\\/fr\\\/2022\\\/11\\\/mystique-et-ecologique-un-portrait-de-george-crumb\\\/\"},\"author\":{\"name\":\"Thomas Vergracht\",\"@id\":\"https:\\\/\\\/www.ensembleintercontemporain.com\\\/en\\\/#\\\/schema\\\/person\\\/f3a15c0c0e0e799fb0726c2c612efa2a\"},\"headline\":\"Mystique et \u00e9cologique. Un portrait de George Crumb.\",\"datePublished\":\"2022-11-03T14:51:19+00:00\",\"mainEntityOfPage\":{\"@id\":\"https:\\\/\\\/www.ensembleintercontemporain.com\\\/fr\\\/2022\\\/11\\\/mystique-et-ecologique-un-portrait-de-george-crumb\\\/\"},\"wordCount\":62,\"image\":{\"@id\":\"https:\\\/\\\/www.ensembleintercontemporain.com\\\/fr\\\/2022\\\/11\\\/mystique-et-ecologique-un-portrait-de-george-crumb\\\/#primaryimage\"},\"thumbnailUrl\":\"https:\\\/\\\/www.ensembleintercontemporain.com\\\/content\\\/uploads\\\/2022\\\/11\\\/crumbechoes-nb.jpg\",\"keywords\":[\"george crumb\"],\"articleSection\":[\"Portrait\"],\"inLanguage\":\"en-US\"},{\"@type\":\"WebPage\",\"@id\":\"https:\\\/\\\/www.ensembleintercontemporain.com\\\/fr\\\/2022\\\/11\\\/mystique-et-ecologique-un-portrait-de-george-crumb\\\/\",\"url\":\"https:\\\/\\\/www.ensembleintercontemporain.com\\\/fr\\\/2022\\\/11\\\/mystique-et-ecologique-un-portrait-de-george-crumb\\\/\",\"name\":\"Mystique et \u00e9cologique. Un portrait de George Crumb. - Ensemble intercontemporain\",\"isPartOf\":{\"@id\":\"https:\\\/\\\/www.ensembleintercontemporain.com\\\/en\\\/#website\"},\"primaryImageOfPage\":{\"@id\":\"https:\\\/\\\/www.ensembleintercontemporain.com\\\/fr\\\/2022\\\/11\\\/mystique-et-ecologique-un-portrait-de-george-crumb\\\/#primaryimage\"},\"image\":{\"@id\":\"https:\\\/\\\/www.ensembleintercontemporain.com\\\/fr\\\/2022\\\/11\\\/mystique-et-ecologique-un-portrait-de-george-crumb\\\/#primaryimage\"},\"thumbnailUrl\":\"https:\\\/\\\/www.ensembleintercontemporain.com\\\/content\\\/uploads\\\/2022\\\/11\\\/crumbechoes-nb.jpg\",\"datePublished\":\"2022-11-03T14:51:19+00:00\",\"author\":{\"@id\":\"https:\\\/\\\/www.ensembleintercontemporain.com\\\/en\\\/#\\\/schema\\\/person\\\/f3a15c0c0e0e799fb0726c2c612efa2a\"},\"breadcrumb\":{\"@id\":\"https:\\\/\\\/www.ensembleintercontemporain.com\\\/fr\\\/2022\\\/11\\\/mystique-et-ecologique-un-portrait-de-george-crumb\\\/#breadcrumb\"},\"inLanguage\":\"en-US\",\"potentialAction\":[{\"@type\":\"ReadAction\",\"target\":[\"https:\\\/\\\/www.ensembleintercontemporain.com\\\/fr\\\/2022\\\/11\\\/mystique-et-ecologique-un-portrait-de-george-crumb\\\/\"]}]},{\"@type\":\"ImageObject\",\"inLanguage\":\"en-US\",\"@id\":\"https:\\\/\\\/www.ensembleintercontemporain.com\\\/fr\\\/2022\\\/11\\\/mystique-et-ecologique-un-portrait-de-george-crumb\\\/#primaryimage\",\"url\":\"https:\\\/\\\/www.ensembleintercontemporain.com\\\/content\\\/uploads\\\/2022\\\/11\\\/crumbechoes-nb.jpg\",\"contentUrl\":\"https:\\\/\\\/www.ensembleintercontemporain.com\\\/content\\\/uploads\\\/2022\\\/11\\\/crumbechoes-nb.jpg\",\"width\":1920,\"height\":1411},{\"@type\":\"BreadcrumbList\",\"@id\":\"https:\\\/\\\/www.ensembleintercontemporain.com\\\/fr\\\/2022\\\/11\\\/mystique-et-ecologique-un-portrait-de-george-crumb\\\/#breadcrumb\",\"itemListElement\":[{\"@type\":\"ListItem\",\"position\":1,\"name\":\"Home\",\"item\":\"https:\\\/\\\/www.ensembleintercontemporain.com\\\/en\\\/\"},{\"@type\":\"ListItem\",\"position\":2,\"name\":\"Mystique et \u00e9cologique. Un portrait de George Crumb.\"}]},{\"@type\":\"WebSite\",\"@id\":\"https:\\\/\\\/www.ensembleintercontemporain.com\\\/en\\\/#website\",\"url\":\"https:\\\/\\\/www.ensembleintercontemporain.com\\\/en\\\/\",\"name\":\"Ensemble intercontemporain\",\"description\":\"\",\"potentialAction\":[{\"@type\":\"SearchAction\",\"target\":{\"@type\":\"EntryPoint\",\"urlTemplate\":\"https:\\\/\\\/www.ensembleintercontemporain.com\\\/en\\\/?s={search_term_string}\"},\"query-input\":{\"@type\":\"PropertyValueSpecification\",\"valueRequired\":true,\"valueName\":\"search_term_string\"}}],\"inLanguage\":\"en-US\"},{\"@type\":\"Person\",\"@id\":\"https:\\\/\\\/www.ensembleintercontemporain.com\\\/en\\\/#\\\/schema\\\/person\\\/f3a15c0c0e0e799fb0726c2c612efa2a\",\"name\":\"Thomas Vergracht\",\"image\":{\"@type\":\"ImageObject\",\"inLanguage\":\"en-US\",\"@id\":\"https:\\\/\\\/secure.gravatar.com\\\/avatar\\\/d5d604fe2b55d72a1ee9dc821c750b7c6a824fa5e3dfe7451db844437ae8316a?s=96&d=mm&r=g\",\"url\":\"https:\\\/\\\/secure.gravatar.com\\\/avatar\\\/d5d604fe2b55d72a1ee9dc821c750b7c6a824fa5e3dfe7451db844437ae8316a?s=96&d=mm&r=g\",\"contentUrl\":\"https:\\\/\\\/secure.gravatar.com\\\/avatar\\\/d5d604fe2b55d72a1ee9dc821c750b7c6a824fa5e3dfe7451db844437ae8316a?s=96&d=mm&r=g\",\"caption\":\"Thomas Vergracht\"},\"url\":\"https:\\\/\\\/www.ensembleintercontemporain.com\\\/en\\\/author\\\/tvergracht\\\/\"}]}<\/script>\n<!-- \/ Yoast SEO plugin. -->","yoast_head_json":{"title":"Mystique et \u00e9cologique. Un portrait de George Crumb. - Ensemble intercontemporain","robots":{"index":"index","follow":"follow","max-snippet":"max-snippet:-1","max-image-preview":"max-image-preview:large","max-video-preview":"max-video-preview:-1"},"canonical":"https:\/\/www.ensembleintercontemporain.com\/en\/2022\/11\/mystique-et-ecologique-un-portrait-de-george-crumb\/","og_locale":"en_US","og_type":"article","og_title":"Mystique et \u00e9cologique. Un portrait de George Crumb. - Ensemble intercontemporain","og_description":"Le 17 novembre, \u00e0 la Cit\u00e9 de la musique,\u00a0trois solistes masqu\u00e9s vous feront plonger dans l\u2019univers, myst\u00e9rieux et po\u00e9tique, de George Crumb avec l\u2019un de ses chefs-d\u2019\u0153uvre : Vox balaenae. L\u2019occasion de partir \u00e0 la d\u00e9couverte du compositeur am\u00e9ricain avec ce podcast sign\u00e9 Thomas Vergracht.","og_url":"https:\/\/www.ensembleintercontemporain.com\/fr\/2022\/11\/mystique-et-ecologique-un-portrait-de-george-crumb\/","og_site_name":"Ensemble intercontemporain","article_published_time":"2022-11-03T14:51:19+00:00","og_image":[{"width":1920,"height":1411,"url":"http:\/\/www.ensembleintercontemporain.com\/content\/uploads\/2022\/11\/crumbechoes-nb.jpg","type":"image\/jpeg"}],"author":"Thomas Vergracht","twitter_card":"summary_large_image","twitter_misc":{"Written by":"Thomas Vergracht","Est. reading time":"1 minute"},"schema":{"@context":"https:\/\/schema.org","@graph":[{"@type":"Article","@id":"https:\/\/www.ensembleintercontemporain.com\/fr\/2022\/11\/mystique-et-ecologique-un-portrait-de-george-crumb\/#article","isPartOf":{"@id":"https:\/\/www.ensembleintercontemporain.com\/fr\/2022\/11\/mystique-et-ecologique-un-portrait-de-george-crumb\/"},"author":{"name":"Thomas Vergracht","@id":"https:\/\/www.ensembleintercontemporain.com\/en\/#\/schema\/person\/f3a15c0c0e0e799fb0726c2c612efa2a"},"headline":"Mystique et \u00e9cologique. Un portrait de George Crumb.","datePublished":"2022-11-03T14:51:19+00:00","mainEntityOfPage":{"@id":"https:\/\/www.ensembleintercontemporain.com\/fr\/2022\/11\/mystique-et-ecologique-un-portrait-de-george-crumb\/"},"wordCount":62,"image":{"@id":"https:\/\/www.ensembleintercontemporain.com\/fr\/2022\/11\/mystique-et-ecologique-un-portrait-de-george-crumb\/#primaryimage"},"thumbnailUrl":"https:\/\/www.ensembleintercontemporain.com\/content\/uploads\/2022\/11\/crumbechoes-nb.jpg","keywords":["george crumb"],"articleSection":["Portrait"],"inLanguage":"en-US"},{"@type":"WebPage","@id":"https:\/\/www.ensembleintercontemporain.com\/fr\/2022\/11\/mystique-et-ecologique-un-portrait-de-george-crumb\/","url":"https:\/\/www.ensembleintercontemporain.com\/fr\/2022\/11\/mystique-et-ecologique-un-portrait-de-george-crumb\/","name":"Mystique et \u00e9cologique. Un portrait de George Crumb. - Ensemble intercontemporain","isPartOf":{"@id":"https:\/\/www.ensembleintercontemporain.com\/en\/#website"},"primaryImageOfPage":{"@id":"https:\/\/www.ensembleintercontemporain.com\/fr\/2022\/11\/mystique-et-ecologique-un-portrait-de-george-crumb\/#primaryimage"},"image":{"@id":"https:\/\/www.ensembleintercontemporain.com\/fr\/2022\/11\/mystique-et-ecologique-un-portrait-de-george-crumb\/#primaryimage"},"thumbnailUrl":"https:\/\/www.ensembleintercontemporain.com\/content\/uploads\/2022\/11\/crumbechoes-nb.jpg","datePublished":"2022-11-03T14:51:19+00:00","author":{"@id":"https:\/\/www.ensembleintercontemporain.com\/en\/#\/schema\/person\/f3a15c0c0e0e799fb0726c2c612efa2a"},"breadcrumb":{"@id":"https:\/\/www.ensembleintercontemporain.com\/fr\/2022\/11\/mystique-et-ecologique-un-portrait-de-george-crumb\/#breadcrumb"},"inLanguage":"en-US","potentialAction":[{"@type":"ReadAction","target":["https:\/\/www.ensembleintercontemporain.com\/fr\/2022\/11\/mystique-et-ecologique-un-portrait-de-george-crumb\/"]}]},{"@type":"ImageObject","inLanguage":"en-US","@id":"https:\/\/www.ensembleintercontemporain.com\/fr\/2022\/11\/mystique-et-ecologique-un-portrait-de-george-crumb\/#primaryimage","url":"https:\/\/www.ensembleintercontemporain.com\/content\/uploads\/2022\/11\/crumbechoes-nb.jpg","contentUrl":"https:\/\/www.ensembleintercontemporain.com\/content\/uploads\/2022\/11\/crumbechoes-nb.jpg","width":1920,"height":1411},{"@type":"BreadcrumbList","@id":"https:\/\/www.ensembleintercontemporain.com\/fr\/2022\/11\/mystique-et-ecologique-un-portrait-de-george-crumb\/#breadcrumb","itemListElement":[{"@type":"ListItem","position":1,"name":"Home","item":"https:\/\/www.ensembleintercontemporain.com\/en\/"},{"@type":"ListItem","position":2,"name":"Mystique et \u00e9cologique. Un portrait de George Crumb."}]},{"@type":"WebSite","@id":"https:\/\/www.ensembleintercontemporain.com\/en\/#website","url":"https:\/\/www.ensembleintercontemporain.com\/en\/","name":"Ensemble intercontemporain","description":"","potentialAction":[{"@type":"SearchAction","target":{"@type":"EntryPoint","urlTemplate":"https:\/\/www.ensembleintercontemporain.com\/en\/?s={search_term_string}"},"query-input":{"@type":"PropertyValueSpecification","valueRequired":true,"valueName":"search_term_string"}}],"inLanguage":"en-US"},{"@type":"Person","@id":"https:\/\/www.ensembleintercontemporain.com\/en\/#\/schema\/person\/f3a15c0c0e0e799fb0726c2c612efa2a","name":"Thomas Vergracht","image":{"@type":"ImageObject","inLanguage":"en-US","@id":"https:\/\/secure.gravatar.com\/avatar\/d5d604fe2b55d72a1ee9dc821c750b7c6a824fa5e3dfe7451db844437ae8316a?s=96&d=mm&r=g","url":"https:\/\/secure.gravatar.com\/avatar\/d5d604fe2b55d72a1ee9dc821c750b7c6a824fa5e3dfe7451db844437ae8316a?s=96&d=mm&r=g","contentUrl":"https:\/\/secure.gravatar.com\/avatar\/d5d604fe2b55d72a1ee9dc821c750b7c6a824fa5e3dfe7451db844437ae8316a?s=96&d=mm&r=g","caption":"Thomas Vergracht"},"url":"https:\/\/www.ensembleintercontemporain.com\/en\/author\/tvergracht\/"}]}},"_links":{"self":[{"href":"https:\/\/www.ensembleintercontemporain.com\/en\/wp-json\/wp\/v2\/posts\/23459\/"}],"collection":[{"href":"https:\/\/www.ensembleintercontemporain.com\/en\/wp-json\/wp\/v2\/posts\/"}],"about":[{"href":"https:\/\/www.ensembleintercontemporain.com\/en\/wp-json\/wp\/v2\/types\/post\/"}],"author":[{"embeddable":true,"href":"https:\/\/www.ensembleintercontemporain.com\/en\/wp-json\/wp\/v2\/users\/159\/"}],"replies":[{"embeddable":true,"href":"https:\/\/www.ensembleintercontemporain.com\/en\/wp-json\/wp\/v2\/comments\/?post=23459"}],"version-history":[{"count":2,"href":"https:\/\/www.ensembleintercontemporain.com\/en\/wp-json\/wp\/v2\/posts\/23459\/revisions\/"}],"predecessor-version":[{"id":23463,"href":"https:\/\/www.ensembleintercontemporain.com\/en\/wp-json\/wp\/v2\/posts\/23459\/revisions\/23463\/"}],"wp:featuredmedia":[{"embeddable":true,"href":"https:\/\/www.ensembleintercontemporain.com\/en\/wp-json\/wp\/v2\/media\/23460\/"}],"wp:attachment":[{"href":"https:\/\/www.ensembleintercontemporain.com\/en\/wp-json\/wp\/v2\/media\/?parent=23459"}],"wp:term":[{"taxonomy":"category","embeddable":true,"href":"https:\/\/www.ensembleintercontemporain.com\/en\/wp-json\/wp\/v2\/categories\/?post=23459"},{"taxonomy":"post_tag","embeddable":true,"href":"https:\/\/www.ensembleintercontemporain.com\/en\/wp-json\/wp\/v2\/tags\/?post=23459"}],"curies":[{"name":"wp","href":"https:\/\/api.w.org\/{rel}","templated":true}]}}