{"id":23055,"date":"2022-07-08T10:31:42","date_gmt":"2022-07-08T08:31:42","guid":{"rendered":"https:\/\/www.ensembleintercontemporain.com\/?p=23055"},"modified":"2022-07-08T10:31:42","modified_gmt":"2022-07-08T08:31:42","slug":"des-notes-et-des-bulles","status":"publish","type":"post","link":"https:\/\/www.ensembleintercontemporain.com\/en\/2022\/07\/des-notes-et-des-bulles\/","title":{"rendered":"Des notes et des bulles."},"content":{"rendered":"<p><strong><span style=\"font-size: 14pt; color: #003366;\"><img loading=\"lazy\" decoding=\"async\" class=\"aligncenter size-full wp-image-23058\" src=\"http:\/\/www.ensembleintercontemporain.com\/content\/uploads\/2022\/07\/25-eic-musique-magique-070622canne-elise-grosbois.jpg\" alt=\"\" width=\"1920\" height=\"1280\" srcset=\"https:\/\/www.ensembleintercontemporain.com\/content\/uploads\/2022\/07\/25-eic-musique-magique-070622canne-elise-grosbois.jpg 1920w, https:\/\/www.ensembleintercontemporain.com\/content\/uploads\/2022\/07\/25-eic-musique-magique-070622canne-elise-grosbois-300x200.jpg 300w, https:\/\/www.ensembleintercontemporain.com\/content\/uploads\/2022\/07\/25-eic-musique-magique-070622canne-elise-grosbois-1024x683.jpg 1024w, https:\/\/www.ensembleintercontemporain.com\/content\/uploads\/2022\/07\/25-eic-musique-magique-070622canne-elise-grosbois-768x512.jpg 768w, https:\/\/www.ensembleintercontemporain.com\/content\/uploads\/2022\/07\/25-eic-musique-magique-070622canne-elise-grosbois-1536x1024.jpg 1536w\" sizes=\"auto, (max-width: 1920px) 100vw, 1920px\" \/><\/span><\/strong><\/p>\n<div>\n<p><strong><span style=\"font-size: 14pt; color: #003366;\"><span style=\"font-size: 18pt;\">D<\/span>ans le cadre de ses activit\u00e9s tourn\u00e9es vers le public scolaire, l\u2019Ensemble intercontemporain a souhait\u00e9 mettre en place une action longue, sur deux ann\u00e9es, permettant \u00e0 une classe de CM2 de l\u2019\u00e9cole Fran\u00e7ois Villon \u00e0 Sevran (Seine-Saint-Denis) ainsi qu\u2019\u00e0 la chorale du coll\u00e8ge de la Pl\u00e9iade, dans cette m\u00eame ville, de b\u00e9n\u00e9ficier d\u2019une sensibilisation pouss\u00e9e \u00e0 la musique. L\u2019Ensemble a confi\u00e9 \u00e0 la compositrice Violeta Cruz la r\u00e9alisation d\u2019une commande pour trois groupes (une classe d\u2019\u00e9l\u00e8ves non musiciens, une chorale ne sachant pas lire la musique et trois solistes de l\u2019EIC) ainsi que l\u2019encadrement des ateliers en classe. <\/span><\/strong><strong><span style=\"font-size: 14pt; color: #003366;\">Initialement crois\u00e9e avec la bande dessin\u00e9e, cette r\u00e9sidence musicale s\u2019est tourn\u00e9e vers le graphisme et le th\u00e9\u00e2tre gr\u00e2ce \u00e0 la contribution de la plasticienne Zo\u00e9 Chantre, de la professeure d\u2019art plastique Solenn Debresie et du dramaturge Micha\u00ebl Chouquet. Les \u00e9l\u00e8ves de Sevran ont ainsi pu d\u00e9couvrir les r\u00e8gles propres \u00e0 chaque art et interroger leurs liens autour d\u2019une th\u00e9matique choisie par eux : \u00ab potions magiques et tours de magie \u00bb.<\/span><\/strong><\/p>\n<\/div>\n<div style=\"padding: 75% 0 0 0; position: relative;\"><iframe style=\"position: absolute; top: 0; left: 0; width: 100%; height: 100%;\" title=\"des_notes_et_des_bulles (1080p).mp4\" src=\"https:\/\/player.vimeo.com\/video\/727042229?h=63c0bf1b6d&amp;badge=0&amp;autopause=0&amp;player_id=0&amp;app_id=58479\" frameborder=\"0\" allowfullscreen=\"allowfullscreen\"><\/iframe><\/div>\n<p>&nbsp;<\/p>\n<p>R\u00e9alisation : <a href=\"https:\/\/3foisc.com\">Agence 3foisC<\/a><br \/>\nPhoto : \u00a9 Anne-Elise Grosbois<\/p>\n","protected":false},"excerpt":{"rendered":"<p>Reportage vid\u00e9o sur une action originale de sensibilisation \u00e0 la musique, comportant \u00e9galement une dimension visuelle et th\u00e9\u00e2trale, \u00e0 destination d\u2019\u00e9l\u00e8ves d&#8217;une \u00e9cole primaire et d&#8217;un coll\u00e8ge de Sevran en Seine-Saint-Denis.<\/p>\n","protected":false},"author":59,"featured_media":23058,"comment_status":"closed","ping_status":"closed","sticky":false,"template":"","format":"standard","meta":{"_acf_changed":false,"footnotes":""},"categories":[453],"tags":[657,1272,1273],"class_list":["post-23055","post","type-post","status-publish","format-standard","has-post-thumbnail","hentry","category-reportage","tag-actions-educatives","tag-enfants","tag-public-scolaire"],"acf":[],"yoast_head":"<!-- This site is optimized with the Yoast SEO plugin v27.5 - https:\/\/yoast.com\/product\/yoast-seo-wordpress\/ -->\n<title>Des notes et des bulles. - Ensemble intercontemporain<\/title>\n<meta name=\"robots\" content=\"index, follow, max-snippet:-1, max-image-preview:large, max-video-preview:-1\" \/>\n<link rel=\"canonical\" href=\"https:\/\/www.ensembleintercontemporain.com\/en\/2022\/07\/des-notes-et-des-bulles\/\" \/>\n<meta property=\"og:locale\" content=\"en_US\" \/>\n<meta property=\"og:type\" content=\"article\" \/>\n<meta property=\"og:title\" content=\"Des notes et des bulles. - Ensemble intercontemporain\" \/>\n<meta property=\"og:description\" content=\"Reportage vid\u00e9o sur une action originale de sensibilisation \u00e0 la musique, comportant \u00e9galement une dimension visuelle et th\u00e9\u00e2trale, \u00e0 destination d\u2019\u00e9l\u00e8ves d&#039;une \u00e9cole primaire et d&#039;un coll\u00e8ge de Sevran en Seine-Saint-Denis.\" \/>\n<meta property=\"og:url\" content=\"https:\/\/www.ensembleintercontemporain.com\/fr\/2022\/07\/des-notes-et-des-bulles\/\" \/>\n<meta property=\"og:site_name\" content=\"Ensemble intercontemporain\" \/>\n<meta property=\"article:published_time\" content=\"2022-07-08T08:31:42+00:00\" \/>\n<meta property=\"og:image\" content=\"http:\/\/www.ensembleintercontemporain.com\/content\/uploads\/2022\/07\/25-eic-musique-magique-070622canne-elise-grosbois.jpg\" \/>\n\t<meta property=\"og:image:width\" content=\"1920\" \/>\n\t<meta property=\"og:image:height\" content=\"1280\" \/>\n\t<meta property=\"og:image:type\" content=\"image\/jpeg\" \/>\n<meta name=\"author\" content=\"Ensemble intercontemporain\" \/>\n<meta name=\"twitter:card\" content=\"summary_large_image\" \/>\n<meta name=\"twitter:label1\" content=\"Written by\" \/>\n\t<meta name=\"twitter:data1\" content=\"Ensemble intercontemporain\" \/>\n\t<meta name=\"twitter:label2\" content=\"Est. reading time\" \/>\n\t<meta name=\"twitter:data2\" content=\"2 minutes\" \/>\n<script type=\"application\/ld+json\" class=\"yoast-schema-graph\">{\"@context\":\"https:\\\/\\\/schema.org\",\"@graph\":[{\"@type\":\"Article\",\"@id\":\"https:\\\/\\\/www.ensembleintercontemporain.com\\\/fr\\\/2022\\\/07\\\/des-notes-et-des-bulles\\\/#article\",\"isPartOf\":{\"@id\":\"https:\\\/\\\/www.ensembleintercontemporain.com\\\/fr\\\/2022\\\/07\\\/des-notes-et-des-bulles\\\/\"},\"author\":{\"name\":\"Ensemble intercontemporain\",\"@id\":\"https:\\\/\\\/www.ensembleintercontemporain.com\\\/en\\\/#\\\/schema\\\/person\\\/dfea580cee66bf7981adf6126aec5936\"},\"headline\":\"Des notes et des bulles.\",\"datePublished\":\"2022-07-08T08:31:42+00:00\",\"mainEntityOfPage\":{\"@id\":\"https:\\\/\\\/www.ensembleintercontemporain.com\\\/fr\\\/2022\\\/07\\\/des-notes-et-des-bulles\\\/\"},\"wordCount\":207,\"image\":{\"@id\":\"https:\\\/\\\/www.ensembleintercontemporain.com\\\/fr\\\/2022\\\/07\\\/des-notes-et-des-bulles\\\/#primaryimage\"},\"thumbnailUrl\":\"https:\\\/\\\/www.ensembleintercontemporain.com\\\/content\\\/uploads\\\/2022\\\/07\\\/25-eic-musique-magique-070622canne-elise-grosbois.jpg\",\"keywords\":[\"actions \u00e9ducatives\",\"enfants\",\"public scolaire\"],\"articleSection\":[\"Reportage\"],\"inLanguage\":\"en-US\"},{\"@type\":\"WebPage\",\"@id\":\"https:\\\/\\\/www.ensembleintercontemporain.com\\\/fr\\\/2022\\\/07\\\/des-notes-et-des-bulles\\\/\",\"url\":\"https:\\\/\\\/www.ensembleintercontemporain.com\\\/fr\\\/2022\\\/07\\\/des-notes-et-des-bulles\\\/\",\"name\":\"Des notes et des bulles. - Ensemble intercontemporain\",\"isPartOf\":{\"@id\":\"https:\\\/\\\/www.ensembleintercontemporain.com\\\/en\\\/#website\"},\"primaryImageOfPage\":{\"@id\":\"https:\\\/\\\/www.ensembleintercontemporain.com\\\/fr\\\/2022\\\/07\\\/des-notes-et-des-bulles\\\/#primaryimage\"},\"image\":{\"@id\":\"https:\\\/\\\/www.ensembleintercontemporain.com\\\/fr\\\/2022\\\/07\\\/des-notes-et-des-bulles\\\/#primaryimage\"},\"thumbnailUrl\":\"https:\\\/\\\/www.ensembleintercontemporain.com\\\/content\\\/uploads\\\/2022\\\/07\\\/25-eic-musique-magique-070622canne-elise-grosbois.jpg\",\"datePublished\":\"2022-07-08T08:31:42+00:00\",\"author\":{\"@id\":\"https:\\\/\\\/www.ensembleintercontemporain.com\\\/en\\\/#\\\/schema\\\/person\\\/dfea580cee66bf7981adf6126aec5936\"},\"breadcrumb\":{\"@id\":\"https:\\\/\\\/www.ensembleintercontemporain.com\\\/fr\\\/2022\\\/07\\\/des-notes-et-des-bulles\\\/#breadcrumb\"},\"inLanguage\":\"en-US\",\"potentialAction\":[{\"@type\":\"ReadAction\",\"target\":[\"https:\\\/\\\/www.ensembleintercontemporain.com\\\/fr\\\/2022\\\/07\\\/des-notes-et-des-bulles\\\/\"]}]},{\"@type\":\"ImageObject\",\"inLanguage\":\"en-US\",\"@id\":\"https:\\\/\\\/www.ensembleintercontemporain.com\\\/fr\\\/2022\\\/07\\\/des-notes-et-des-bulles\\\/#primaryimage\",\"url\":\"https:\\\/\\\/www.ensembleintercontemporain.com\\\/content\\\/uploads\\\/2022\\\/07\\\/25-eic-musique-magique-070622canne-elise-grosbois.jpg\",\"contentUrl\":\"https:\\\/\\\/www.ensembleintercontemporain.com\\\/content\\\/uploads\\\/2022\\\/07\\\/25-eic-musique-magique-070622canne-elise-grosbois.jpg\",\"width\":1920,\"height\":1280},{\"@type\":\"BreadcrumbList\",\"@id\":\"https:\\\/\\\/www.ensembleintercontemporain.com\\\/fr\\\/2022\\\/07\\\/des-notes-et-des-bulles\\\/#breadcrumb\",\"itemListElement\":[{\"@type\":\"ListItem\",\"position\":1,\"name\":\"Home\",\"item\":\"https:\\\/\\\/www.ensembleintercontemporain.com\\\/en\\\/\"},{\"@type\":\"ListItem\",\"position\":2,\"name\":\"Des notes et des bulles.\"}]},{\"@type\":\"WebSite\",\"@id\":\"https:\\\/\\\/www.ensembleintercontemporain.com\\\/en\\\/#website\",\"url\":\"https:\\\/\\\/www.ensembleintercontemporain.com\\\/en\\\/\",\"name\":\"Ensemble intercontemporain\",\"description\":\"\",\"potentialAction\":[{\"@type\":\"SearchAction\",\"target\":{\"@type\":\"EntryPoint\",\"urlTemplate\":\"https:\\\/\\\/www.ensembleintercontemporain.com\\\/en\\\/?s={search_term_string}\"},\"query-input\":{\"@type\":\"PropertyValueSpecification\",\"valueRequired\":true,\"valueName\":\"search_term_string\"}}],\"inLanguage\":\"en-US\"},{\"@type\":\"Person\",\"@id\":\"https:\\\/\\\/www.ensembleintercontemporain.com\\\/en\\\/#\\\/schema\\\/person\\\/dfea580cee66bf7981adf6126aec5936\",\"name\":\"Ensemble intercontemporain\",\"image\":{\"@type\":\"ImageObject\",\"inLanguage\":\"en-US\",\"@id\":\"https:\\\/\\\/secure.gravatar.com\\\/avatar\\\/7131d85484d41d368d6f8919d5e1edcb3fa339c4a2bcf28cb3c3be5bec6935ac?s=96&d=mm&r=g\",\"url\":\"https:\\\/\\\/secure.gravatar.com\\\/avatar\\\/7131d85484d41d368d6f8919d5e1edcb3fa339c4a2bcf28cb3c3be5bec6935ac?s=96&d=mm&r=g\",\"contentUrl\":\"https:\\\/\\\/secure.gravatar.com\\\/avatar\\\/7131d85484d41d368d6f8919d5e1edcb3fa339c4a2bcf28cb3c3be5bec6935ac?s=96&d=mm&r=g\",\"caption\":\"Ensemble intercontemporain\"},\"url\":\"https:\\\/\\\/www.ensembleintercontemporain.com\\\/en\\\/author\\\/eic\\\/\"}]}<\/script>\n<!-- \/ Yoast SEO plugin. -->","yoast_head_json":{"title":"Des notes et des bulles. - Ensemble intercontemporain","robots":{"index":"index","follow":"follow","max-snippet":"max-snippet:-1","max-image-preview":"max-image-preview:large","max-video-preview":"max-video-preview:-1"},"canonical":"https:\/\/www.ensembleintercontemporain.com\/en\/2022\/07\/des-notes-et-des-bulles\/","og_locale":"en_US","og_type":"article","og_title":"Des notes et des bulles. - Ensemble intercontemporain","og_description":"Reportage vid\u00e9o sur une action originale de sensibilisation \u00e0 la musique, comportant \u00e9galement une dimension visuelle et th\u00e9\u00e2trale, \u00e0 destination d\u2019\u00e9l\u00e8ves d'une \u00e9cole primaire et d'un coll\u00e8ge de Sevran en Seine-Saint-Denis.","og_url":"https:\/\/www.ensembleintercontemporain.com\/fr\/2022\/07\/des-notes-et-des-bulles\/","og_site_name":"Ensemble intercontemporain","article_published_time":"2022-07-08T08:31:42+00:00","og_image":[{"width":1920,"height":1280,"url":"http:\/\/www.ensembleintercontemporain.com\/content\/uploads\/2022\/07\/25-eic-musique-magique-070622canne-elise-grosbois.jpg","type":"image\/jpeg"}],"author":"Ensemble intercontemporain","twitter_card":"summary_large_image","twitter_misc":{"Written by":"Ensemble intercontemporain","Est. reading time":"2 minutes"},"schema":{"@context":"https:\/\/schema.org","@graph":[{"@type":"Article","@id":"https:\/\/www.ensembleintercontemporain.com\/fr\/2022\/07\/des-notes-et-des-bulles\/#article","isPartOf":{"@id":"https:\/\/www.ensembleintercontemporain.com\/fr\/2022\/07\/des-notes-et-des-bulles\/"},"author":{"name":"Ensemble intercontemporain","@id":"https:\/\/www.ensembleintercontemporain.com\/en\/#\/schema\/person\/dfea580cee66bf7981adf6126aec5936"},"headline":"Des notes et des bulles.","datePublished":"2022-07-08T08:31:42+00:00","mainEntityOfPage":{"@id":"https:\/\/www.ensembleintercontemporain.com\/fr\/2022\/07\/des-notes-et-des-bulles\/"},"wordCount":207,"image":{"@id":"https:\/\/www.ensembleintercontemporain.com\/fr\/2022\/07\/des-notes-et-des-bulles\/#primaryimage"},"thumbnailUrl":"https:\/\/www.ensembleintercontemporain.com\/content\/uploads\/2022\/07\/25-eic-musique-magique-070622canne-elise-grosbois.jpg","keywords":["actions \u00e9ducatives","enfants","public scolaire"],"articleSection":["Reportage"],"inLanguage":"en-US"},{"@type":"WebPage","@id":"https:\/\/www.ensembleintercontemporain.com\/fr\/2022\/07\/des-notes-et-des-bulles\/","url":"https:\/\/www.ensembleintercontemporain.com\/fr\/2022\/07\/des-notes-et-des-bulles\/","name":"Des notes et des bulles. - Ensemble intercontemporain","isPartOf":{"@id":"https:\/\/www.ensembleintercontemporain.com\/en\/#website"},"primaryImageOfPage":{"@id":"https:\/\/www.ensembleintercontemporain.com\/fr\/2022\/07\/des-notes-et-des-bulles\/#primaryimage"},"image":{"@id":"https:\/\/www.ensembleintercontemporain.com\/fr\/2022\/07\/des-notes-et-des-bulles\/#primaryimage"},"thumbnailUrl":"https:\/\/www.ensembleintercontemporain.com\/content\/uploads\/2022\/07\/25-eic-musique-magique-070622canne-elise-grosbois.jpg","datePublished":"2022-07-08T08:31:42+00:00","author":{"@id":"https:\/\/www.ensembleintercontemporain.com\/en\/#\/schema\/person\/dfea580cee66bf7981adf6126aec5936"},"breadcrumb":{"@id":"https:\/\/www.ensembleintercontemporain.com\/fr\/2022\/07\/des-notes-et-des-bulles\/#breadcrumb"},"inLanguage":"en-US","potentialAction":[{"@type":"ReadAction","target":["https:\/\/www.ensembleintercontemporain.com\/fr\/2022\/07\/des-notes-et-des-bulles\/"]}]},{"@type":"ImageObject","inLanguage":"en-US","@id":"https:\/\/www.ensembleintercontemporain.com\/fr\/2022\/07\/des-notes-et-des-bulles\/#primaryimage","url":"https:\/\/www.ensembleintercontemporain.com\/content\/uploads\/2022\/07\/25-eic-musique-magique-070622canne-elise-grosbois.jpg","contentUrl":"https:\/\/www.ensembleintercontemporain.com\/content\/uploads\/2022\/07\/25-eic-musique-magique-070622canne-elise-grosbois.jpg","width":1920,"height":1280},{"@type":"BreadcrumbList","@id":"https:\/\/www.ensembleintercontemporain.com\/fr\/2022\/07\/des-notes-et-des-bulles\/#breadcrumb","itemListElement":[{"@type":"ListItem","position":1,"name":"Home","item":"https:\/\/www.ensembleintercontemporain.com\/en\/"},{"@type":"ListItem","position":2,"name":"Des notes et des bulles."}]},{"@type":"WebSite","@id":"https:\/\/www.ensembleintercontemporain.com\/en\/#website","url":"https:\/\/www.ensembleintercontemporain.com\/en\/","name":"Ensemble intercontemporain","description":"","potentialAction":[{"@type":"SearchAction","target":{"@type":"EntryPoint","urlTemplate":"https:\/\/www.ensembleintercontemporain.com\/en\/?s={search_term_string}"},"query-input":{"@type":"PropertyValueSpecification","valueRequired":true,"valueName":"search_term_string"}}],"inLanguage":"en-US"},{"@type":"Person","@id":"https:\/\/www.ensembleintercontemporain.com\/en\/#\/schema\/person\/dfea580cee66bf7981adf6126aec5936","name":"Ensemble intercontemporain","image":{"@type":"ImageObject","inLanguage":"en-US","@id":"https:\/\/secure.gravatar.com\/avatar\/7131d85484d41d368d6f8919d5e1edcb3fa339c4a2bcf28cb3c3be5bec6935ac?s=96&d=mm&r=g","url":"https:\/\/secure.gravatar.com\/avatar\/7131d85484d41d368d6f8919d5e1edcb3fa339c4a2bcf28cb3c3be5bec6935ac?s=96&d=mm&r=g","contentUrl":"https:\/\/secure.gravatar.com\/avatar\/7131d85484d41d368d6f8919d5e1edcb3fa339c4a2bcf28cb3c3be5bec6935ac?s=96&d=mm&r=g","caption":"Ensemble intercontemporain"},"url":"https:\/\/www.ensembleintercontemporain.com\/en\/author\/eic\/"}]}},"_links":{"self":[{"href":"https:\/\/www.ensembleintercontemporain.com\/en\/wp-json\/wp\/v2\/posts\/23055\/"}],"collection":[{"href":"https:\/\/www.ensembleintercontemporain.com\/en\/wp-json\/wp\/v2\/posts\/"}],"about":[{"href":"https:\/\/www.ensembleintercontemporain.com\/en\/wp-json\/wp\/v2\/types\/post\/"}],"author":[{"embeddable":true,"href":"https:\/\/www.ensembleintercontemporain.com\/en\/wp-json\/wp\/v2\/users\/59\/"}],"replies":[{"embeddable":true,"href":"https:\/\/www.ensembleintercontemporain.com\/en\/wp-json\/wp\/v2\/comments\/?post=23055"}],"version-history":[{"count":8,"href":"https:\/\/www.ensembleintercontemporain.com\/en\/wp-json\/wp\/v2\/posts\/23055\/revisions\/"}],"predecessor-version":[{"id":23111,"href":"https:\/\/www.ensembleintercontemporain.com\/en\/wp-json\/wp\/v2\/posts\/23055\/revisions\/23111\/"}],"wp:featuredmedia":[{"embeddable":true,"href":"https:\/\/www.ensembleintercontemporain.com\/en\/wp-json\/wp\/v2\/media\/23058\/"}],"wp:attachment":[{"href":"https:\/\/www.ensembleintercontemporain.com\/en\/wp-json\/wp\/v2\/media\/?parent=23055"}],"wp:term":[{"taxonomy":"category","embeddable":true,"href":"https:\/\/www.ensembleintercontemporain.com\/en\/wp-json\/wp\/v2\/categories\/?post=23055"},{"taxonomy":"post_tag","embeddable":true,"href":"https:\/\/www.ensembleintercontemporain.com\/en\/wp-json\/wp\/v2\/tags\/?post=23055"}],"curies":[{"name":"wp","href":"https:\/\/api.w.org\/{rel}","templated":true}]}}