{"id":22487,"date":"2022-05-06T14:56:34","date_gmt":"2022-05-06T12:56:34","guid":{"rendered":"https:\/\/www.ensembleintercontemporain.com\/?p=22487"},"modified":"2022-05-06T15:49:40","modified_gmt":"2022-05-06T13:49:40","slug":"displacement-mouvement-social","status":"publish","type":"post","link":"https:\/\/www.ensembleintercontemporain.com\/en\/2022\/05\/displacement-mouvement-social\/","title":{"rendered":"Displacement : mouvement social."},"content":{"rendered":"<p><span style=\"font-size: 14pt; color: #003366;\"><span style=\"font-size: 18pt;\"><img loading=\"lazy\" decoding=\"async\" class=\"aligncenter size-full wp-image-22494\" src=\"http:\/\/www.ensembleintercontemporain.com\/content\/uploads\/2022\/05\/dscf6152.jpg\" alt=\"\" width=\"1920\" height=\"1280\" srcset=\"https:\/\/www.ensembleintercontemporain.com\/content\/uploads\/2022\/05\/dscf6152.jpg 1920w, https:\/\/www.ensembleintercontemporain.com\/content\/uploads\/2022\/05\/dscf6152-300x200.jpg 300w, https:\/\/www.ensembleintercontemporain.com\/content\/uploads\/2022\/05\/dscf6152-1024x683.jpg 1024w, https:\/\/www.ensembleintercontemporain.com\/content\/uploads\/2022\/05\/dscf6152-768x512.jpg 768w, https:\/\/www.ensembleintercontemporain.com\/content\/uploads\/2022\/05\/dscf6152-1536x1024.jpg 1536w\" sizes=\"auto, (max-width: 1920px) 100vw, 1920px\" \/><\/span><\/span><\/p>\n<p><span style=\"font-size: 14pt; color: #003366;\"><span style=\"font-size: 18pt;\">C<\/span>omme son nom l\u2019indique,<em> Displacement<\/em> (d\u00e9placement en fran\u00e7ais), est un projet qui interroge, au moyen de la musique et de la danse, la notion de d\u00e9placement dans l\u2019espace g\u00e9ographique mais aussi culturel et social.<\/span><br \/>\n<span style=\"font-size: 14pt; color: #003366;\">Tout au long d\u2019un processus de cr\u00e9ation chor\u00e9graphique men\u00e9 par Anna Chirescu (compagnie Anna &amp; Gr\u00e9goire) sur des musiques du vingti\u00e8me si\u00e8cle, des habitant.es de la ville de Romainville, quatre mineur.e.s non accompagn\u00e9.e.s, des enfants d\u2019une classe de CM1 et deux solistes de l\u2019Ensemble intercontemporain, John Stulz (alto) et \u00c9ric-Maria Couturier (violoncelle), ont travaill\u00e9 pendant un an et demi \u00e0 la r\u00e9alisation d\u2019un spectacle original pr\u00e9sent\u00e9 au Pavillon de Romainville en d\u00e9cembre 2021. <\/span><br \/>\n<span style=\"font-size: 14pt; color: #003366;\">L\u2019histoire de cette cr\u00e9ation aux multiples r\u00e9sonances artistiques et soci\u00e9tales, r\u00e9alis\u00e9e dans le cadre d\u2019une collaboration in\u00e9dite entre l\u2019Ensemble intercontemporain et les Rencontres chor\u00e9graphiques de Seine-Saint-Denis, est racont\u00e9e dans ce podcast audio, enrichi d\u2019extraits vid\u00e9o et de photos du spectacle et des r\u00e9p\u00e9titions.\u00a0<\/span><\/p>\n<p>&nbsp;<\/p>\n<p style=\"text-align: center;\"><iframe loading=\"lazy\" src=\"https:\/\/w.soundcloud.com\/player\/?url=https%3A\/\/api.soundcloud.com\/tracks\/1263282100&amp;color=%23ff5500&amp;auto_play=false&amp;hide_related=false&amp;show_comments=true&amp;show_user=true&amp;show_reposts=false&amp;show_teaser=true&amp;visual=true\" width=\"100%\" height=\"300\" frameborder=\"no\" scrolling=\"no\"><\/iframe><\/p>\n<p>&nbsp;<\/p>\n<p><span style=\"font-size: 14pt; color: #003366;\"><strong><br \/>\nExtraits vid\u00e9o du spectacle<\/strong><\/span><\/p>\n<p>&nbsp;<\/p>\n<div style=\"padding: 56.25% 0 0 0; position: relative;\"><iframe style=\"position: absolute; top: 0; left: 0; width: 100%; height: 100%;\" title=\"Displacement.mp4\" src=\"https:\/\/player.vimeo.com\/video\/706897077?h=febc8bf843&amp;badge=0&amp;autopause=0&amp;player_id=0&amp;app_id=58479\" frameborder=\"0\" allowfullscreen=\"allowfullscreen\"><\/iframe><\/div>\n<p>&nbsp;<\/p>\n<p>&nbsp;<\/p>\n<p><span style=\"color: #003366; font-size: 14pt;\"><strong>Photos du spectacle \u00a0<\/strong><\/span><\/p>\n<p><img loading=\"lazy\" decoding=\"async\" class=\"aligncenter size-large wp-image-22501\" src=\"http:\/\/www.ensembleintercontemporain.com\/content\/uploads\/2022\/05\/dscf0034-1024x683.jpg\" alt=\"\" width=\"1024\" height=\"683\" srcset=\"https:\/\/www.ensembleintercontemporain.com\/content\/uploads\/2022\/05\/dscf0034-1024x683.jpg 1024w, https:\/\/www.ensembleintercontemporain.com\/content\/uploads\/2022\/05\/dscf0034-300x200.jpg 300w, https:\/\/www.ensembleintercontemporain.com\/content\/uploads\/2022\/05\/dscf0034-768x512.jpg 768w, https:\/\/www.ensembleintercontemporain.com\/content\/uploads\/2022\/05\/dscf0034-1536x1024.jpg 1536w, https:\/\/www.ensembleintercontemporain.com\/content\/uploads\/2022\/05\/dscf0034.jpg 1920w\" sizes=\"auto, (max-width: 1024px) 100vw, 1024px\" \/><\/p>\n<p><img loading=\"lazy\" decoding=\"async\" class=\"aligncenter size-large wp-image-22503\" src=\"http:\/\/www.ensembleintercontemporain.com\/content\/uploads\/2022\/05\/dscf0112-1024x683.jpg\" alt=\"\" width=\"1024\" height=\"683\" srcset=\"https:\/\/www.ensembleintercontemporain.com\/content\/uploads\/2022\/05\/dscf0112-1024x683.jpg 1024w, https:\/\/www.ensembleintercontemporain.com\/content\/uploads\/2022\/05\/dscf0112-300x200.jpg 300w, https:\/\/www.ensembleintercontemporain.com\/content\/uploads\/2022\/05\/dscf0112-768x512.jpg 768w, https:\/\/www.ensembleintercontemporain.com\/content\/uploads\/2022\/05\/dscf0112-1536x1024.jpg 1536w, https:\/\/www.ensembleintercontemporain.com\/content\/uploads\/2022\/05\/dscf0112.jpg 1920w\" sizes=\"auto, (max-width: 1024px) 100vw, 1024px\" \/><\/p>\n<p><img loading=\"lazy\" decoding=\"async\" class=\"aligncenter size-large wp-image-22507\" src=\"http:\/\/www.ensembleintercontemporain.com\/content\/uploads\/2022\/05\/dscf0202-1024x683.jpg\" alt=\"\" width=\"1024\" height=\"683\" srcset=\"https:\/\/www.ensembleintercontemporain.com\/content\/uploads\/2022\/05\/dscf0202-1024x683.jpg 1024w, https:\/\/www.ensembleintercontemporain.com\/content\/uploads\/2022\/05\/dscf0202-300x200.jpg 300w, https:\/\/www.ensembleintercontemporain.com\/content\/uploads\/2022\/05\/dscf0202-768x512.jpg 768w, https:\/\/www.ensembleintercontemporain.com\/content\/uploads\/2022\/05\/dscf0202-1536x1024.jpg 1536w, https:\/\/www.ensembleintercontemporain.com\/content\/uploads\/2022\/05\/dscf0202.jpg 1920w\" sizes=\"auto, (max-width: 1024px) 100vw, 1024px\" \/><\/p>\n<p><img loading=\"lazy\" decoding=\"async\" class=\"aligncenter size-large wp-image-22509\" src=\"http:\/\/www.ensembleintercontemporain.com\/content\/uploads\/2022\/05\/dscf5938-1024x683.jpg\" alt=\"\" width=\"1024\" height=\"683\" srcset=\"https:\/\/www.ensembleintercontemporain.com\/content\/uploads\/2022\/05\/dscf5938-1024x683.jpg 1024w, https:\/\/www.ensembleintercontemporain.com\/content\/uploads\/2022\/05\/dscf5938-300x200.jpg 300w, https:\/\/www.ensembleintercontemporain.com\/content\/uploads\/2022\/05\/dscf5938-768x512.jpg 768w, https:\/\/www.ensembleintercontemporain.com\/content\/uploads\/2022\/05\/dscf5938-1536x1024.jpg 1536w, https:\/\/www.ensembleintercontemporain.com\/content\/uploads\/2022\/05\/dscf5938.jpg 1920w\" sizes=\"auto, (max-width: 1024px) 100vw, 1024px\" \/><\/p>\n<p><img loading=\"lazy\" decoding=\"async\" class=\"aligncenter size-large wp-image-22511\" src=\"http:\/\/www.ensembleintercontemporain.com\/content\/uploads\/2022\/05\/dscf5996-1024x738.jpg\" alt=\"\" width=\"1024\" height=\"738\" srcset=\"https:\/\/www.ensembleintercontemporain.com\/content\/uploads\/2022\/05\/dscf5996-1024x738.jpg 1024w, https:\/\/www.ensembleintercontemporain.com\/content\/uploads\/2022\/05\/dscf5996-300x216.jpg 300w, https:\/\/www.ensembleintercontemporain.com\/content\/uploads\/2022\/05\/dscf5996-768x554.jpg 768w, https:\/\/www.ensembleintercontemporain.com\/content\/uploads\/2022\/05\/dscf5996-1536x1107.jpg 1536w, https:\/\/www.ensembleintercontemporain.com\/content\/uploads\/2022\/05\/dscf5996.jpg 1920w\" sizes=\"auto, (max-width: 1024px) 100vw, 1024px\" \/><\/p>\n<p><img loading=\"lazy\" decoding=\"async\" class=\"aligncenter size-large wp-image-22513\" src=\"http:\/\/www.ensembleintercontemporain.com\/content\/uploads\/2022\/05\/dscf0289-1-1024x683.jpg\" alt=\"\" width=\"1024\" height=\"683\" srcset=\"https:\/\/www.ensembleintercontemporain.com\/content\/uploads\/2022\/05\/dscf0289-1-1024x683.jpg 1024w, https:\/\/www.ensembleintercontemporain.com\/content\/uploads\/2022\/05\/dscf0289-1-300x200.jpg 300w, https:\/\/www.ensembleintercontemporain.com\/content\/uploads\/2022\/05\/dscf0289-1-768x512.jpg 768w, https:\/\/www.ensembleintercontemporain.com\/content\/uploads\/2022\/05\/dscf0289-1-1536x1024.jpg 1536w, https:\/\/www.ensembleintercontemporain.com\/content\/uploads\/2022\/05\/dscf0289-1.jpg 1920w\" sizes=\"auto, (max-width: 1024px) 100vw, 1024px\" \/><\/p>\n<p>&nbsp;<\/p>\n<p><span style=\"color: #003366;\"><strong><span style=\"font-size: 14pt;\">Photos de r\u00e9p\u00e9titions<\/span><\/strong><\/span><\/p>\n<p><img loading=\"lazy\" decoding=\"async\" class=\"aligncenter size-large wp-image-22515\" src=\"http:\/\/www.ensembleintercontemporain.com\/content\/uploads\/2022\/05\/dscf7461-1024x683.jpg\" alt=\"\" width=\"1024\" height=\"683\" srcset=\"https:\/\/www.ensembleintercontemporain.com\/content\/uploads\/2022\/05\/dscf7461-1024x683.jpg 1024w, https:\/\/www.ensembleintercontemporain.com\/content\/uploads\/2022\/05\/dscf7461-300x200.jpg 300w, https:\/\/www.ensembleintercontemporain.com\/content\/uploads\/2022\/05\/dscf7461-768x512.jpg 768w, https:\/\/www.ensembleintercontemporain.com\/content\/uploads\/2022\/05\/dscf7461-1536x1024.jpg 1536w, https:\/\/www.ensembleintercontemporain.com\/content\/uploads\/2022\/05\/dscf7461.jpg 1920w\" sizes=\"auto, (max-width: 1024px) 100vw, 1024px\" \/><\/p>\n<p><img loading=\"lazy\" decoding=\"async\" class=\"aligncenter size-large wp-image-22517\" src=\"http:\/\/www.ensembleintercontemporain.com\/content\/uploads\/2022\/05\/dscf7645-2-1024x683.jpg\" alt=\"\" width=\"1024\" height=\"683\" srcset=\"https:\/\/www.ensembleintercontemporain.com\/content\/uploads\/2022\/05\/dscf7645-2-1024x683.jpg 1024w, https:\/\/www.ensembleintercontemporain.com\/content\/uploads\/2022\/05\/dscf7645-2-300x200.jpg 300w, https:\/\/www.ensembleintercontemporain.com\/content\/uploads\/2022\/05\/dscf7645-2-768x512.jpg 768w, https:\/\/www.ensembleintercontemporain.com\/content\/uploads\/2022\/05\/dscf7645-2-1536x1024.jpg 1536w, https:\/\/www.ensembleintercontemporain.com\/content\/uploads\/2022\/05\/dscf7645-2.jpg 1920w\" sizes=\"auto, (max-width: 1024px) 100vw, 1024px\" \/><br \/>\n<strong><img loading=\"lazy\" decoding=\"async\" class=\"aligncenter size-large wp-image-22519\" src=\"http:\/\/www.ensembleintercontemporain.com\/content\/uploads\/2022\/05\/dscf7662-1024x683.jpg\" alt=\"\" width=\"1024\" height=\"683\" srcset=\"https:\/\/www.ensembleintercontemporain.com\/content\/uploads\/2022\/05\/dscf7662-1024x683.jpg 1024w, https:\/\/www.ensembleintercontemporain.com\/content\/uploads\/2022\/05\/dscf7662-300x200.jpg 300w, https:\/\/www.ensembleintercontemporain.com\/content\/uploads\/2022\/05\/dscf7662-768x512.jpg 768w, https:\/\/www.ensembleintercontemporain.com\/content\/uploads\/2022\/05\/dscf7662-1536x1024.jpg 1536w, https:\/\/www.ensembleintercontemporain.com\/content\/uploads\/2022\/05\/dscf7662.jpg 1920w\" sizes=\"auto, (max-width: 1024px) 100vw, 1024px\" \/><\/strong><\/p>\n<p><img loading=\"lazy\" decoding=\"async\" class=\"aligncenter size-large wp-image-22521\" src=\"http:\/\/www.ensembleintercontemporain.com\/content\/uploads\/2022\/05\/dscf9264-1024x683.jpg\" alt=\"\" width=\"1024\" height=\"683\" srcset=\"https:\/\/www.ensembleintercontemporain.com\/content\/uploads\/2022\/05\/dscf9264-1024x683.jpg 1024w, https:\/\/www.ensembleintercontemporain.com\/content\/uploads\/2022\/05\/dscf9264-300x200.jpg 300w, https:\/\/www.ensembleintercontemporain.com\/content\/uploads\/2022\/05\/dscf9264-768x512.jpg 768w, https:\/\/www.ensembleintercontemporain.com\/content\/uploads\/2022\/05\/dscf9264-1536x1024.jpg 1536w, https:\/\/www.ensembleintercontemporain.com\/content\/uploads\/2022\/05\/dscf9264.jpg 1920w\" sizes=\"auto, (max-width: 1024px) 100vw, 1024px\" \/><\/p>\n<p><img loading=\"lazy\" decoding=\"async\" class=\"aligncenter size-large wp-image-22523\" src=\"http:\/\/www.ensembleintercontemporain.com\/content\/uploads\/2022\/05\/dscf9494-1024x683.jpg\" alt=\"\" width=\"1024\" height=\"683\" srcset=\"https:\/\/www.ensembleintercontemporain.com\/content\/uploads\/2022\/05\/dscf9494-1024x683.jpg 1024w, https:\/\/www.ensembleintercontemporain.com\/content\/uploads\/2022\/05\/dscf9494-300x200.jpg 300w, https:\/\/www.ensembleintercontemporain.com\/content\/uploads\/2022\/05\/dscf9494-768x512.jpg 768w, https:\/\/www.ensembleintercontemporain.com\/content\/uploads\/2022\/05\/dscf9494-1536x1024.jpg 1536w, https:\/\/www.ensembleintercontemporain.com\/content\/uploads\/2022\/05\/dscf9494.jpg 1920w\" sizes=\"auto, (max-width: 1024px) 100vw, 1024px\" \/><br \/>\n<strong><img loading=\"lazy\" decoding=\"async\" class=\"aligncenter size-large wp-image-22525\" src=\"http:\/\/www.ensembleintercontemporain.com\/content\/uploads\/2022\/05\/dscf7597-1024x683.jpg\" alt=\"\" width=\"1024\" height=\"683\" srcset=\"https:\/\/www.ensembleintercontemporain.com\/content\/uploads\/2022\/05\/dscf7597-1024x683.jpg 1024w, https:\/\/www.ensembleintercontemporain.com\/content\/uploads\/2022\/05\/dscf7597-300x200.jpg 300w, https:\/\/www.ensembleintercontemporain.com\/content\/uploads\/2022\/05\/dscf7597-768x512.jpg 768w, https:\/\/www.ensembleintercontemporain.com\/content\/uploads\/2022\/05\/dscf7597-1536x1024.jpg 1536w, https:\/\/www.ensembleintercontemporain.com\/content\/uploads\/2022\/05\/dscf7597.jpg 1920w\" sizes=\"auto, (max-width: 1024px) 100vw, 1024px\" \/><br \/>\n<\/strong><strong><img loading=\"lazy\" decoding=\"async\" class=\"aligncenter size-large wp-image-22536\" src=\"http:\/\/www.ensembleintercontemporain.com\/content\/uploads\/2022\/05\/dscf8141-1024x683.jpg\" alt=\"\" width=\"1024\" height=\"683\" srcset=\"https:\/\/www.ensembleintercontemporain.com\/content\/uploads\/2022\/05\/dscf8141-1024x683.jpg 1024w, https:\/\/www.ensembleintercontemporain.com\/content\/uploads\/2022\/05\/dscf8141-300x200.jpg 300w, https:\/\/www.ensembleintercontemporain.com\/content\/uploads\/2022\/05\/dscf8141-768x512.jpg 768w, https:\/\/www.ensembleintercontemporain.com\/content\/uploads\/2022\/05\/dscf8141-1536x1024.jpg 1536w, https:\/\/www.ensembleintercontemporain.com\/content\/uploads\/2022\/05\/dscf8141.jpg 1920w\" sizes=\"auto, (max-width: 1024px) 100vw, 1024px\" \/><\/strong><\/p>\n<p><strong><br \/>\nPodcast audio\u00a0:<\/strong> Benjamin Bibas \/ la fabrique documentaire<br \/>\n<strong>Captation vid\u00e9o\u00a0:<\/strong> Juliette Touin \/ la fabrique documentaire<br \/>\n<strong>Photographies\u00a0:<\/strong> Luc Hossepied \/ Ensemble intercontemporain<br \/>\n<b>\u00a0<\/b><\/p>\n","protected":false},"excerpt":{"rendered":"<p>Comme son nom l\u2019indique, &#8220;Displacement&#8221; (d\u00e9placement en fran\u00e7ais), est un projet qui interroge, au moyen de la musique et de la danse, la notion de d\u00e9placement dans l\u2019espace g\u00e9ographique mais aussi culturel et social.<br \/>\nTout au long d\u2019un processus de cr\u00e9ation chor\u00e9graphique men\u00e9 par Anna Chirescu (compagnie Anna &#038; Gr\u00e9goire) sur des musiques du vingti\u00e8me si\u00e8cle, des habitant.es de la ville de Romainville, quatre mineur.e.s non accompagn\u00e9.e.s, des enfants d\u2019une classe de CM1 et deux solistes de l\u2019Ensemble intercontemporain, John Stulz (alto) et \u00c9ric-Maria Couturier (violoncelle), ont travaill\u00e9 pendant un an et demi \u00e0 la r\u00e9alisation d\u2019un spectacle original pr\u00e9sent\u00e9 au Pavillon de Romainville en d\u00e9cembre 2021.<\/p>\n","protected":false},"author":12,"featured_media":22494,"comment_status":"closed","ping_status":"closed","sticky":false,"template":"","format":"standard","meta":{"_acf_changed":false,"footnotes":""},"categories":[453],"tags":[],"class_list":["post-22487","post","type-post","status-publish","format-standard","has-post-thumbnail","hentry","category-reportage"],"acf":[],"yoast_head":"<!-- This site is optimized with the Yoast SEO plugin v27.5 - https:\/\/yoast.com\/product\/yoast-seo-wordpress\/ -->\n<title>Displacement : mouvement social. - Ensemble intercontemporain<\/title>\n<meta name=\"robots\" content=\"index, follow, max-snippet:-1, max-image-preview:large, max-video-preview:-1\" \/>\n<link rel=\"canonical\" href=\"https:\/\/www.ensembleintercontemporain.com\/en\/2022\/05\/displacement-mouvement-social\/\" \/>\n<meta property=\"og:locale\" content=\"en_US\" \/>\n<meta property=\"og:type\" content=\"article\" \/>\n<meta property=\"og:title\" content=\"Displacement : mouvement social. - Ensemble intercontemporain\" \/>\n<meta property=\"og:description\" content=\"Comme son nom l\u2019indique, &quot;Displacement&quot; (d\u00e9placement en fran\u00e7ais), est un projet qui interroge, au moyen de la musique et de la danse, la notion de d\u00e9placement dans l\u2019espace g\u00e9ographique mais aussi culturel et social. Tout au long d\u2019un processus de cr\u00e9ation chor\u00e9graphique men\u00e9 par Anna Chirescu (compagnie Anna &amp; Gr\u00e9goire) sur des musiques du vingti\u00e8me si\u00e8cle, des habitant.es de la ville de Romainville, quatre mineur.e.s non accompagn\u00e9.e.s, des enfants d\u2019une classe de CM1 et deux solistes de l\u2019Ensemble intercontemporain, John Stulz (alto) et \u00c9ric-Maria Couturier (violoncelle), ont travaill\u00e9 pendant un an et demi \u00e0 la r\u00e9alisation d\u2019un spectacle original pr\u00e9sent\u00e9 au Pavillon de Romainville en d\u00e9cembre 2021.\" \/>\n<meta property=\"og:url\" content=\"https:\/\/www.ensembleintercontemporain.com\/fr\/2022\/05\/displacement-mouvement-social\/\" \/>\n<meta property=\"og:site_name\" content=\"Ensemble intercontemporain\" \/>\n<meta property=\"article:published_time\" content=\"2022-05-06T12:56:34+00:00\" \/>\n<meta property=\"article:modified_time\" content=\"2022-05-06T13:49:40+00:00\" \/>\n<meta property=\"og:image\" content=\"http:\/\/www.ensembleintercontemporain.com\/content\/uploads\/2022\/05\/dscf6152.jpg\" \/>\n\t<meta property=\"og:image:width\" content=\"1920\" \/>\n\t<meta property=\"og:image:height\" content=\"1280\" \/>\n\t<meta property=\"og:image:type\" content=\"image\/jpeg\" \/>\n<meta name=\"author\" content=\"Benjamin Bibas\" \/>\n<meta name=\"twitter:card\" content=\"summary_large_image\" \/>\n<meta name=\"twitter:label1\" content=\"Written by\" \/>\n\t<meta name=\"twitter:data1\" content=\"Benjamin Bibas\" \/>\n\t<meta name=\"twitter:label2\" content=\"Est. reading time\" \/>\n\t<meta name=\"twitter:data2\" content=\"4 minutes\" \/>\n<script type=\"application\/ld+json\" class=\"yoast-schema-graph\">{\"@context\":\"https:\\\/\\\/schema.org\",\"@graph\":[{\"@type\":\"Article\",\"@id\":\"https:\\\/\\\/www.ensembleintercontemporain.com\\\/fr\\\/2022\\\/05\\\/displacement-mouvement-social\\\/#article\",\"isPartOf\":{\"@id\":\"https:\\\/\\\/www.ensembleintercontemporain.com\\\/fr\\\/2022\\\/05\\\/displacement-mouvement-social\\\/\"},\"author\":{\"name\":\"Benjamin Bibas\",\"@id\":\"https:\\\/\\\/www.ensembleintercontemporain.com\\\/en\\\/#\\\/schema\\\/person\\\/a49e64967947a927440f0c1ab8702ba0\"},\"headline\":\"Displacement : mouvement social.\",\"datePublished\":\"2022-05-06T12:56:34+00:00\",\"dateModified\":\"2022-05-06T13:49:40+00:00\",\"mainEntityOfPage\":{\"@id\":\"https:\\\/\\\/www.ensembleintercontemporain.com\\\/fr\\\/2022\\\/05\\\/displacement-mouvement-social\\\/\"},\"wordCount\":228,\"image\":{\"@id\":\"https:\\\/\\\/www.ensembleintercontemporain.com\\\/fr\\\/2022\\\/05\\\/displacement-mouvement-social\\\/#primaryimage\"},\"thumbnailUrl\":\"https:\\\/\\\/www.ensembleintercontemporain.com\\\/content\\\/uploads\\\/2022\\\/05\\\/dscf6152.jpg\",\"articleSection\":[\"Reportage\"],\"inLanguage\":\"en-US\"},{\"@type\":\"WebPage\",\"@id\":\"https:\\\/\\\/www.ensembleintercontemporain.com\\\/fr\\\/2022\\\/05\\\/displacement-mouvement-social\\\/\",\"url\":\"https:\\\/\\\/www.ensembleintercontemporain.com\\\/fr\\\/2022\\\/05\\\/displacement-mouvement-social\\\/\",\"name\":\"Displacement : mouvement social. - Ensemble intercontemporain\",\"isPartOf\":{\"@id\":\"https:\\\/\\\/www.ensembleintercontemporain.com\\\/en\\\/#website\"},\"primaryImageOfPage\":{\"@id\":\"https:\\\/\\\/www.ensembleintercontemporain.com\\\/fr\\\/2022\\\/05\\\/displacement-mouvement-social\\\/#primaryimage\"},\"image\":{\"@id\":\"https:\\\/\\\/www.ensembleintercontemporain.com\\\/fr\\\/2022\\\/05\\\/displacement-mouvement-social\\\/#primaryimage\"},\"thumbnailUrl\":\"https:\\\/\\\/www.ensembleintercontemporain.com\\\/content\\\/uploads\\\/2022\\\/05\\\/dscf6152.jpg\",\"datePublished\":\"2022-05-06T12:56:34+00:00\",\"dateModified\":\"2022-05-06T13:49:40+00:00\",\"author\":{\"@id\":\"https:\\\/\\\/www.ensembleintercontemporain.com\\\/en\\\/#\\\/schema\\\/person\\\/a49e64967947a927440f0c1ab8702ba0\"},\"breadcrumb\":{\"@id\":\"https:\\\/\\\/www.ensembleintercontemporain.com\\\/fr\\\/2022\\\/05\\\/displacement-mouvement-social\\\/#breadcrumb\"},\"inLanguage\":\"en-US\",\"potentialAction\":[{\"@type\":\"ReadAction\",\"target\":[\"https:\\\/\\\/www.ensembleintercontemporain.com\\\/fr\\\/2022\\\/05\\\/displacement-mouvement-social\\\/\"]}]},{\"@type\":\"ImageObject\",\"inLanguage\":\"en-US\",\"@id\":\"https:\\\/\\\/www.ensembleintercontemporain.com\\\/fr\\\/2022\\\/05\\\/displacement-mouvement-social\\\/#primaryimage\",\"url\":\"https:\\\/\\\/www.ensembleintercontemporain.com\\\/content\\\/uploads\\\/2022\\\/05\\\/dscf6152.jpg\",\"contentUrl\":\"https:\\\/\\\/www.ensembleintercontemporain.com\\\/content\\\/uploads\\\/2022\\\/05\\\/dscf6152.jpg\",\"width\":1920,\"height\":1280},{\"@type\":\"BreadcrumbList\",\"@id\":\"https:\\\/\\\/www.ensembleintercontemporain.com\\\/fr\\\/2022\\\/05\\\/displacement-mouvement-social\\\/#breadcrumb\",\"itemListElement\":[{\"@type\":\"ListItem\",\"position\":1,\"name\":\"Home\",\"item\":\"https:\\\/\\\/www.ensembleintercontemporain.com\\\/en\\\/\"},{\"@type\":\"ListItem\",\"position\":2,\"name\":\"Displacement : mouvement social.\"}]},{\"@type\":\"WebSite\",\"@id\":\"https:\\\/\\\/www.ensembleintercontemporain.com\\\/en\\\/#website\",\"url\":\"https:\\\/\\\/www.ensembleintercontemporain.com\\\/en\\\/\",\"name\":\"Ensemble intercontemporain\",\"description\":\"\",\"potentialAction\":[{\"@type\":\"SearchAction\",\"target\":{\"@type\":\"EntryPoint\",\"urlTemplate\":\"https:\\\/\\\/www.ensembleintercontemporain.com\\\/en\\\/?s={search_term_string}\"},\"query-input\":{\"@type\":\"PropertyValueSpecification\",\"valueRequired\":true,\"valueName\":\"search_term_string\"}}],\"inLanguage\":\"en-US\"},{\"@type\":\"Person\",\"@id\":\"https:\\\/\\\/www.ensembleintercontemporain.com\\\/en\\\/#\\\/schema\\\/person\\\/a49e64967947a927440f0c1ab8702ba0\",\"name\":\"Benjamin Bibas\",\"image\":{\"@type\":\"ImageObject\",\"inLanguage\":\"en-US\",\"@id\":\"https:\\\/\\\/secure.gravatar.com\\\/avatar\\\/5f3933871aa8ef36485aec7820dac66ec0cbee445195ee85f68389f9f78ee78d?s=96&d=mm&r=g\",\"url\":\"https:\\\/\\\/secure.gravatar.com\\\/avatar\\\/5f3933871aa8ef36485aec7820dac66ec0cbee445195ee85f68389f9f78ee78d?s=96&d=mm&r=g\",\"contentUrl\":\"https:\\\/\\\/secure.gravatar.com\\\/avatar\\\/5f3933871aa8ef36485aec7820dac66ec0cbee445195ee85f68389f9f78ee78d?s=96&d=mm&r=g\",\"caption\":\"Benjamin Bibas\"},\"url\":\"https:\\\/\\\/www.ensembleintercontemporain.com\\\/en\\\/author\\\/benjamin-bibas\\\/\"}]}<\/script>\n<!-- \/ Yoast SEO plugin. -->","yoast_head_json":{"title":"Displacement : mouvement social. - Ensemble intercontemporain","robots":{"index":"index","follow":"follow","max-snippet":"max-snippet:-1","max-image-preview":"max-image-preview:large","max-video-preview":"max-video-preview:-1"},"canonical":"https:\/\/www.ensembleintercontemporain.com\/en\/2022\/05\/displacement-mouvement-social\/","og_locale":"en_US","og_type":"article","og_title":"Displacement : mouvement social. - Ensemble intercontemporain","og_description":"Comme son nom l\u2019indique, \"Displacement\" (d\u00e9placement en fran\u00e7ais), est un projet qui interroge, au moyen de la musique et de la danse, la notion de d\u00e9placement dans l\u2019espace g\u00e9ographique mais aussi culturel et social. Tout au long d\u2019un processus de cr\u00e9ation chor\u00e9graphique men\u00e9 par Anna Chirescu (compagnie Anna & Gr\u00e9goire) sur des musiques du vingti\u00e8me si\u00e8cle, des habitant.es de la ville de Romainville, quatre mineur.e.s non accompagn\u00e9.e.s, des enfants d\u2019une classe de CM1 et deux solistes de l\u2019Ensemble intercontemporain, John Stulz (alto) et \u00c9ric-Maria Couturier (violoncelle), ont travaill\u00e9 pendant un an et demi \u00e0 la r\u00e9alisation d\u2019un spectacle original pr\u00e9sent\u00e9 au Pavillon de Romainville en d\u00e9cembre 2021.","og_url":"https:\/\/www.ensembleintercontemporain.com\/fr\/2022\/05\/displacement-mouvement-social\/","og_site_name":"Ensemble intercontemporain","article_published_time":"2022-05-06T12:56:34+00:00","article_modified_time":"2022-05-06T13:49:40+00:00","og_image":[{"width":1920,"height":1280,"url":"http:\/\/www.ensembleintercontemporain.com\/content\/uploads\/2022\/05\/dscf6152.jpg","type":"image\/jpeg"}],"author":"Benjamin Bibas","twitter_card":"summary_large_image","twitter_misc":{"Written by":"Benjamin Bibas","Est. reading time":"4 minutes"},"schema":{"@context":"https:\/\/schema.org","@graph":[{"@type":"Article","@id":"https:\/\/www.ensembleintercontemporain.com\/fr\/2022\/05\/displacement-mouvement-social\/#article","isPartOf":{"@id":"https:\/\/www.ensembleintercontemporain.com\/fr\/2022\/05\/displacement-mouvement-social\/"},"author":{"name":"Benjamin Bibas","@id":"https:\/\/www.ensembleintercontemporain.com\/en\/#\/schema\/person\/a49e64967947a927440f0c1ab8702ba0"},"headline":"Displacement : mouvement social.","datePublished":"2022-05-06T12:56:34+00:00","dateModified":"2022-05-06T13:49:40+00:00","mainEntityOfPage":{"@id":"https:\/\/www.ensembleintercontemporain.com\/fr\/2022\/05\/displacement-mouvement-social\/"},"wordCount":228,"image":{"@id":"https:\/\/www.ensembleintercontemporain.com\/fr\/2022\/05\/displacement-mouvement-social\/#primaryimage"},"thumbnailUrl":"https:\/\/www.ensembleintercontemporain.com\/content\/uploads\/2022\/05\/dscf6152.jpg","articleSection":["Reportage"],"inLanguage":"en-US"},{"@type":"WebPage","@id":"https:\/\/www.ensembleintercontemporain.com\/fr\/2022\/05\/displacement-mouvement-social\/","url":"https:\/\/www.ensembleintercontemporain.com\/fr\/2022\/05\/displacement-mouvement-social\/","name":"Displacement : mouvement social. - Ensemble intercontemporain","isPartOf":{"@id":"https:\/\/www.ensembleintercontemporain.com\/en\/#website"},"primaryImageOfPage":{"@id":"https:\/\/www.ensembleintercontemporain.com\/fr\/2022\/05\/displacement-mouvement-social\/#primaryimage"},"image":{"@id":"https:\/\/www.ensembleintercontemporain.com\/fr\/2022\/05\/displacement-mouvement-social\/#primaryimage"},"thumbnailUrl":"https:\/\/www.ensembleintercontemporain.com\/content\/uploads\/2022\/05\/dscf6152.jpg","datePublished":"2022-05-06T12:56:34+00:00","dateModified":"2022-05-06T13:49:40+00:00","author":{"@id":"https:\/\/www.ensembleintercontemporain.com\/en\/#\/schema\/person\/a49e64967947a927440f0c1ab8702ba0"},"breadcrumb":{"@id":"https:\/\/www.ensembleintercontemporain.com\/fr\/2022\/05\/displacement-mouvement-social\/#breadcrumb"},"inLanguage":"en-US","potentialAction":[{"@type":"ReadAction","target":["https:\/\/www.ensembleintercontemporain.com\/fr\/2022\/05\/displacement-mouvement-social\/"]}]},{"@type":"ImageObject","inLanguage":"en-US","@id":"https:\/\/www.ensembleintercontemporain.com\/fr\/2022\/05\/displacement-mouvement-social\/#primaryimage","url":"https:\/\/www.ensembleintercontemporain.com\/content\/uploads\/2022\/05\/dscf6152.jpg","contentUrl":"https:\/\/www.ensembleintercontemporain.com\/content\/uploads\/2022\/05\/dscf6152.jpg","width":1920,"height":1280},{"@type":"BreadcrumbList","@id":"https:\/\/www.ensembleintercontemporain.com\/fr\/2022\/05\/displacement-mouvement-social\/#breadcrumb","itemListElement":[{"@type":"ListItem","position":1,"name":"Home","item":"https:\/\/www.ensembleintercontemporain.com\/en\/"},{"@type":"ListItem","position":2,"name":"Displacement : mouvement social."}]},{"@type":"WebSite","@id":"https:\/\/www.ensembleintercontemporain.com\/en\/#website","url":"https:\/\/www.ensembleintercontemporain.com\/en\/","name":"Ensemble intercontemporain","description":"","potentialAction":[{"@type":"SearchAction","target":{"@type":"EntryPoint","urlTemplate":"https:\/\/www.ensembleintercontemporain.com\/en\/?s={search_term_string}"},"query-input":{"@type":"PropertyValueSpecification","valueRequired":true,"valueName":"search_term_string"}}],"inLanguage":"en-US"},{"@type":"Person","@id":"https:\/\/www.ensembleintercontemporain.com\/en\/#\/schema\/person\/a49e64967947a927440f0c1ab8702ba0","name":"Benjamin Bibas","image":{"@type":"ImageObject","inLanguage":"en-US","@id":"https:\/\/secure.gravatar.com\/avatar\/5f3933871aa8ef36485aec7820dac66ec0cbee445195ee85f68389f9f78ee78d?s=96&d=mm&r=g","url":"https:\/\/secure.gravatar.com\/avatar\/5f3933871aa8ef36485aec7820dac66ec0cbee445195ee85f68389f9f78ee78d?s=96&d=mm&r=g","contentUrl":"https:\/\/secure.gravatar.com\/avatar\/5f3933871aa8ef36485aec7820dac66ec0cbee445195ee85f68389f9f78ee78d?s=96&d=mm&r=g","caption":"Benjamin Bibas"},"url":"https:\/\/www.ensembleintercontemporain.com\/en\/author\/benjamin-bibas\/"}]}},"_links":{"self":[{"href":"https:\/\/www.ensembleintercontemporain.com\/en\/wp-json\/wp\/v2\/posts\/22487\/"}],"collection":[{"href":"https:\/\/www.ensembleintercontemporain.com\/en\/wp-json\/wp\/v2\/posts\/"}],"about":[{"href":"https:\/\/www.ensembleintercontemporain.com\/en\/wp-json\/wp\/v2\/types\/post\/"}],"author":[{"embeddable":true,"href":"https:\/\/www.ensembleintercontemporain.com\/en\/wp-json\/wp\/v2\/users\/12\/"}],"replies":[{"embeddable":true,"href":"https:\/\/www.ensembleintercontemporain.com\/en\/wp-json\/wp\/v2\/comments\/?post=22487"}],"version-history":[{"count":21,"href":"https:\/\/www.ensembleintercontemporain.com\/en\/wp-json\/wp\/v2\/posts\/22487\/revisions\/"}],"predecessor-version":[{"id":22542,"href":"https:\/\/www.ensembleintercontemporain.com\/en\/wp-json\/wp\/v2\/posts\/22487\/revisions\/22542\/"}],"wp:featuredmedia":[{"embeddable":true,"href":"https:\/\/www.ensembleintercontemporain.com\/en\/wp-json\/wp\/v2\/media\/22494\/"}],"wp:attachment":[{"href":"https:\/\/www.ensembleintercontemporain.com\/en\/wp-json\/wp\/v2\/media\/?parent=22487"}],"wp:term":[{"taxonomy":"category","embeddable":true,"href":"https:\/\/www.ensembleintercontemporain.com\/en\/wp-json\/wp\/v2\/categories\/?post=22487"},{"taxonomy":"post_tag","embeddable":true,"href":"https:\/\/www.ensembleintercontemporain.com\/en\/wp-json\/wp\/v2\/tags\/?post=22487"}],"curies":[{"name":"wp","href":"https:\/\/api.w.org\/{rel}","templated":true}]}}