{"id":21715,"date":"2021-11-19T12:55:10","date_gmt":"2021-11-19T11:55:10","guid":{"rendered":"https:\/\/www.ensembleintercontemporain.com\/?p=21715"},"modified":"2021-11-19T14:40:43","modified_gmt":"2021-11-19T13:40:43","slug":"geranomachie-entretien-avec-sofia-avramidou-compositrice","status":"publish","type":"post","link":"https:\/\/www.ensembleintercontemporain.com\/en\/2021\/11\/geranomachie-entretien-avec-sofia-avramidou-compositrice\/","title":{"rendered":"G\u00e9ranomachie. Entretien avec Sofia Avramidou, compositrice."},"content":{"rendered":"<p><strong><span style=\"font-size: 14pt; color: #003366;\"><em><img loading=\"lazy\" decoding=\"async\" class=\"aligncenter size-full wp-image-21716\" src=\"http:\/\/www.ensembleintercontemporain.com\/content\/uploads\/2021\/11\/img3798-pp-pp.jpg\" alt=\"\" width=\"1920\" height=\"1270\" srcset=\"https:\/\/www.ensembleintercontemporain.com\/content\/uploads\/2021\/11\/img3798-pp-pp.jpg 1920w, https:\/\/www.ensembleintercontemporain.com\/content\/uploads\/2021\/11\/img3798-pp-pp-300x198.jpg 300w, https:\/\/www.ensembleintercontemporain.com\/content\/uploads\/2021\/11\/img3798-pp-pp-1024x677.jpg 1024w, https:\/\/www.ensembleintercontemporain.com\/content\/uploads\/2021\/11\/img3798-pp-pp-768x508.jpg 768w, https:\/\/www.ensembleintercontemporain.com\/content\/uploads\/2021\/11\/img3798-pp-pp-1536x1016.jpg 1536w\" sizes=\"auto, (max-width: 1920px) 100vw, 1920px\" \/><\/em><\/span><\/strong><\/p>\n<p><strong><span style=\"font-size: 14pt; color: #003366;\"><span style=\"font-size: 18pt;\">M<\/span>ythique\u00a0: telle est la tonalit\u00e9 de <em>G\u00e9ranomachie<\/em>, la nouvelle \u0153uvre de la compositrice grecque, Sofia Avramidou, commande de l\u2019Ensemble intercontemporain destin\u00e9e au <a href=\"https:\/\/www.ensembleintercontemporain.com\/fr\/concert\/grand-soir-numerique-2-2021-12-03-20h30-paris\/\">Grand Soir Num\u00e9rique du 3 d\u00e9cembre<\/a>. Un titre qui \u00e9voque un mythe ancien et myst\u00e9rieux, opposant animalit\u00e9 et humanit\u00e9.<\/span><\/strong><\/p>\n<p><span style=\"font-size: 14pt;\"><strong>Sofia, vous vivez \u00e0 Paris et venez de terminer le cursus de composition et d\u2019informatique \u00e0 l\u2019Ircam en 2020. Quel est votre parcours\u00a0?<br \/>\n<\/strong><\/span><span style=\"font-size: 14pt;\">Mon premier souvenir musical est une chanson s\u00e9farade traditionnelle\u2026 J\u2019ai \u00e9tudi\u00e9 la musique traditionnelle de mes 12 \u00e0 22 ans et j\u2019ai appris des instruments tels que le oud et le ney, une fl\u00fbte en roseau qui date de l\u2019Egypte ancienne. J\u2019ai aussi beaucoup improvis\u00e9 en chantant la musique de la M\u00e9diterran\u00e9e orientale. J\u2019ai commenc\u00e9 par arranger des chansons pour diff\u00e9rents ensembles avec lesquels je chantais. J\u2019aimais exp\u00e9rimenter, me les approprier, en leur donnant mon esth\u00e9tique. \u00c0 l\u2019\u00e2ge de 18 ans, j\u2019ai ressenti le besoin de cr\u00e9er. Alors que j\u2019\u00e9tais d\u00e9j\u00e0 \u00e9tudiante en musicologie \u00e0 l\u2019Universit\u00e9 Aristote de Thessalonique, j\u2019ai int\u00e9gr\u00e9 le d\u00e9partement de composition. Apr\u00e8s mon master, j\u2019ai continu\u00e9 \u00e0 l\u2019Acad\u00e9mie Santa Cecilia \u00e0 Rome, o\u00f9 j\u2019ai \u00e9tudi\u00e9 dans la classe d\u2019Ivan Fedele. Puis, je suis arriv\u00e9e en France, au conservatoire de Boulogne-Billancourt. En 2017, j\u2019ai int\u00e9gr\u00e9 le cursus de l\u2019Ircam.<br \/>\n<\/span><\/p>\n<p><span style=\"font-size: 14pt;\"><strong>Comment est n\u00e9e votre pi\u00e8ce\u00a0<em>G\u00e9ranomachie<\/em>, pour grand ensemble et \u00e9lectronique\u00a0?<br \/>\n<\/strong><\/span><span style=\"font-size: 14pt;\">Je me suis prise de passion pour le vieux mythe de la g\u00e9ranomachie, qui veut dire, en grec, la bataille des oiseaux migrateurs. Ce mythe est en r\u00e9alit\u00e9 un topos, c\u2019est-\u00e0-dire un ensemble de th\u00e8mes litt\u00e9raires qui font r\u00e9f\u00e9rence aux combats sanglants qui oppos\u00e8rent des oiseaux migrateurs \u00e0 un peuple de nains. Ce qui m\u2019a fascin\u00e9, c\u2019est qu\u2019il existe d\u2019innombrables versions de ce mythe, un petit peu partout sur la plan\u00e8te\u00a0: on le retrouve chez les Antiques &#8211; Hom\u00e8re, H\u00e9rodote &#8211; dans l\u2019art fun\u00e9raire latin, dans diff\u00e9rents mythes am\u00e9rindiens &#8211; chez les Cherokee, les Salish et les Apaches -, ainsi que dans plusieurs contes de moines tao\u00efstes chinois\u2026 J\u2019ai quant \u00e0 moi d\u00e9couvert l\u2019existence de ce mythe \u00e0 la lecture de\u2026 Rabelais\u00a0! Beaucoup d\u2019\u00e9l\u00e9ments m\u2019ont plu : sa dimension imm\u00e9moriale \u2013 on ne sait pas r\u00e9ellement quand cette histoire est apparue -, sa po\u00e9sie et son actualit\u00e9 frappante. Il \u00e9voque les questions de migrations auxquelles nous sommes aujourd\u2019hui confront\u00e9s. Il n\u2019existait jusqu\u2019alors aucune version musicale de ce mythe\u00a0!<\/span><\/p>\n<p>&nbsp;<\/p>\n<p><span style=\"font-size: 14pt;\"><img loading=\"lazy\" decoding=\"async\" class=\"aligncenter size-large wp-image-21718\" src=\"http:\/\/www.ensembleintercontemporain.com\/content\/uploads\/2021\/11\/dscf6971-1024x683.jpg\" alt=\"\" width=\"1024\" height=\"683\" srcset=\"https:\/\/www.ensembleintercontemporain.com\/content\/uploads\/2021\/11\/dscf6971-1024x683.jpg 1024w, https:\/\/www.ensembleintercontemporain.com\/content\/uploads\/2021\/11\/dscf6971-300x200.jpg 300w, https:\/\/www.ensembleintercontemporain.com\/content\/uploads\/2021\/11\/dscf6971-768x512.jpg 768w, https:\/\/www.ensembleintercontemporain.com\/content\/uploads\/2021\/11\/dscf6971-1536x1024.jpg 1536w, https:\/\/www.ensembleintercontemporain.com\/content\/uploads\/2021\/11\/dscf6971.jpg 1920w\" sizes=\"auto, (max-width: 1024px) 100vw, 1024px\" \/><\/span><\/p>\n<p><span style=\"font-size: 14pt;\"><strong>Justement, comment vous \u00eates-vous empar\u00e9e, musicalement, de ce sujet\u00a0?<br \/>\n<\/strong><\/span><span style=\"font-size: 14pt;\">Ma d\u00e9marche est d\u2019abord tr\u00e8s intuitive\u00a0: j\u2019ai une m\u00e9thode et des principes de travail, mais je me laisse d\u2019abord guider par mes \u00e9motions et la po\u00e9sie de mon sujet. L\u2019id\u00e9e po\u00e9tique de <em>G\u00e9ranomachie <\/em>est cette dichotomie entre deux concepts philosophiques\u00a0: la culture migratoire et la culture s\u00e9dentaire, le ciel et la terre, l\u2019animalit\u00e9 et l\u2019humanit\u00e9 \u2014 et la violence qu\u2019engendre cette rencontre. Les oiseaux symbolisent l\u2019animalit\u00e9 \u2014 mais ils incarnent aussi le mouvement, l\u2019adaptabilit\u00e9, la collectivit\u00e9 et un fort sentiment de protection et de solidarit\u00e9. Les humains, \u00e0 l\u2019oppos\u00e9, repr\u00e9sente le repli, l\u2019immobilisme, la violence et l\u2019agressivit\u00e9. Je voulais donner le sentiment d\u2019une vraie bataille, mais de mani\u00e8re bien plus symbolique que narrative. Avec 24 instruments et l\u2019\u00e9lectronique \u00e0 ma disposition, j\u2019ai pu jouer avec les diff\u00e9rents corps sonores. Tant\u00f4t ils s\u2019opposent, tant\u00f4t ils forment une grande masse organique. J\u2019ai beaucoup travaill\u00e9 sur les contrastes et l\u2019intensit\u00e9.<br \/>\n<\/span><\/p>\n<p><span style=\"font-size: 14pt;\"><strong>La litt\u00e9rature est-elle une source d\u2019inspiration majeure\u00a0?<br \/>\n<\/strong>Essentielle\u00a0! Les mythes, les contes de f\u00e9e et les monologues de th\u00e9\u00e2tre m\u2019inspirent \u00e9norm\u00e9ment. Pour la Biennale de Venise en 2017, j\u2019ai compos\u00e9 <em>La L\u00e9gende de Saint-Martin<\/em>, une pi\u00e8ce pour violoncelle solo directement inspir\u00e9e de \u00ab\u00a0Je suis perdue\u00a0\u00bb, un monologue th\u00e9\u00e2tral de Jean Cocteau. Je suis fascin\u00e9e par les contes des fr\u00e8res Grimm, leur dimension symbolique et, bien s\u00fbr, psychanalytique. Mon op\u00e9ra de chambre, <em>Rodi rodi, morsicchia! La casina chi rosichia\u00a0?<\/em>, compos\u00e9 en 2018, continent des r\u00e9f\u00e9rences tr\u00e8s claires \u00e0 l\u2019histoire de <em>Hansel et Gretel<\/em>. Le morceau que j\u2019ai compos\u00e9 lors de mon cursus \u00e0 l\u2019Ircam, \u00ab\u00a0Keep digging the hare hole\u00a0\u00bb est inspir\u00e9 d\u2019<em>Alice au pays des merveilles<\/em> de Lewis Carroll. Je compare souvent ma mani\u00e8re de travailler le son \u00e0 celle d\u2019un sculpteur abstrait ou, selon les \u0153uvres, \u00e0 celle, minutieuse, d\u2019un artiste mosa\u00efste\u00a0: je reviens volontiers sur la masse sonore, je la taille, j\u2019essaie de transcrire mon id\u00e9e po\u00e9tique dans le son, en le fa\u00e7onnant encore et encore.<\/span><\/p>\n<p>Photos (de haut en bas) : \u00a9 Franck Ferville \/ DR<\/p>\n","protected":false},"excerpt":{"rendered":"<p>Mythique\u00a0: telle est la tonalit\u00e9 de &#8220;G\u00e9ranomachie&#8221;, la nouvelle \u0153uvre de la compositrice grecque Sofia Avramidou, commande de l\u2019Ensemble intercontemporain destin\u00e9e au Grand Soir Num\u00e9rique du 3 d\u00e9cembre. Un titre qui \u00e9voque un mythe ancien et myst\u00e9rieux, opposant animalit\u00e9 et humanit\u00e9.<\/p>\n","protected":false},"author":5,"featured_media":21716,"comment_status":"closed","ping_status":"closed","sticky":false,"template":"","format":"standard","meta":{"_acf_changed":false,"footnotes":""},"categories":[4],"tags":[61,193],"class_list":["post-21715","post","type-post","status-publish","format-standard","has-post-thumbnail","hentry","category-entretiens","tag-creation-musicale","tag-musique-electronique","concert-grand-soir-numerique"],"acf":[],"yoast_head":"<!-- This site is optimized with the Yoast SEO plugin v27.5 - https:\/\/yoast.com\/product\/yoast-seo-wordpress\/ -->\n<title>G\u00e9ranomachie. Entretien avec Sofia Avramidou, compositrice. - Ensemble intercontemporain<\/title>\n<meta name=\"robots\" content=\"index, follow, max-snippet:-1, max-image-preview:large, max-video-preview:-1\" \/>\n<link rel=\"canonical\" href=\"https:\/\/www.ensembleintercontemporain.com\/en\/2021\/11\/geranomachie-entretien-avec-sofia-avramidou-compositrice\/\" \/>\n<meta property=\"og:locale\" content=\"en_US\" \/>\n<meta property=\"og:type\" content=\"article\" \/>\n<meta property=\"og:title\" content=\"G\u00e9ranomachie. Entretien avec Sofia Avramidou, compositrice. - Ensemble intercontemporain\" \/>\n<meta property=\"og:description\" content=\"Mythique\u00a0: telle est la tonalit\u00e9 de &quot;G\u00e9ranomachie&quot;, la nouvelle \u0153uvre de la compositrice grecque Sofia Avramidou, commande de l\u2019Ensemble intercontemporain destin\u00e9e au Grand Soir Num\u00e9rique du 3 d\u00e9cembre. Un titre qui \u00e9voque un mythe ancien et myst\u00e9rieux, opposant animalit\u00e9 et humanit\u00e9.\" \/>\n<meta property=\"og:url\" content=\"https:\/\/www.ensembleintercontemporain.com\/fr\/2021\/11\/geranomachie-entretien-avec-sofia-avramidou-compositrice\/\" \/>\n<meta property=\"og:site_name\" content=\"Ensemble intercontemporain\" \/>\n<meta property=\"article:published_time\" content=\"2021-11-19T11:55:10+00:00\" \/>\n<meta property=\"article:modified_time\" content=\"2021-11-19T13:40:43+00:00\" \/>\n<meta property=\"og:image\" content=\"https:\/\/www.ensembleintercontemporain.com\/content\/uploads\/2021\/11\/img3798-pp-pp.jpg\" \/>\n\t<meta property=\"og:image:width\" content=\"1920\" \/>\n\t<meta property=\"og:image:height\" content=\"1270\" \/>\n\t<meta property=\"og:image:type\" content=\"image\/jpeg\" \/>\n<meta name=\"author\" content=\"J\u00e9remie Szpirglas\" \/>\n<meta name=\"twitter:card\" content=\"summary_large_image\" \/>\n<meta name=\"twitter:label1\" content=\"Written by\" \/>\n\t<meta name=\"twitter:data1\" content=\"J\u00e9remie Szpirglas\" \/>\n\t<meta name=\"twitter:label2\" content=\"Est. reading time\" \/>\n\t<meta name=\"twitter:data2\" content=\"4 minutes\" \/>\n<script type=\"application\/ld+json\" class=\"yoast-schema-graph\">{\"@context\":\"https:\\\/\\\/schema.org\",\"@graph\":[{\"@type\":\"Article\",\"@id\":\"https:\\\/\\\/www.ensembleintercontemporain.com\\\/fr\\\/2021\\\/11\\\/geranomachie-entretien-avec-sofia-avramidou-compositrice\\\/#article\",\"isPartOf\":{\"@id\":\"https:\\\/\\\/www.ensembleintercontemporain.com\\\/fr\\\/2021\\\/11\\\/geranomachie-entretien-avec-sofia-avramidou-compositrice\\\/\"},\"author\":{\"name\":\"J\u00e9remie Szpirglas\",\"@id\":\"https:\\\/\\\/www.ensembleintercontemporain.com\\\/en\\\/#\\\/schema\\\/person\\\/439a7dd5cd8a167c34c931d7cc900214\"},\"headline\":\"G\u00e9ranomachie. Entretien avec Sofia Avramidou, compositrice.\",\"datePublished\":\"2021-11-19T11:55:10+00:00\",\"dateModified\":\"2021-11-19T13:40:43+00:00\",\"mainEntityOfPage\":{\"@id\":\"https:\\\/\\\/www.ensembleintercontemporain.com\\\/fr\\\/2021\\\/11\\\/geranomachie-entretien-avec-sofia-avramidou-compositrice\\\/\"},\"wordCount\":834,\"image\":{\"@id\":\"https:\\\/\\\/www.ensembleintercontemporain.com\\\/fr\\\/2021\\\/11\\\/geranomachie-entretien-avec-sofia-avramidou-compositrice\\\/#primaryimage\"},\"thumbnailUrl\":\"https:\\\/\\\/www.ensembleintercontemporain.com\\\/content\\\/uploads\\\/2021\\\/11\\\/img3798-pp-pp.jpg\",\"keywords\":[\"cr\u00e9ation musicale\",\"musique \u00e9lectronique\"],\"articleSection\":[\"Entretien\"],\"inLanguage\":\"en-US\"},{\"@type\":\"WebPage\",\"@id\":\"https:\\\/\\\/www.ensembleintercontemporain.com\\\/fr\\\/2021\\\/11\\\/geranomachie-entretien-avec-sofia-avramidou-compositrice\\\/\",\"url\":\"https:\\\/\\\/www.ensembleintercontemporain.com\\\/fr\\\/2021\\\/11\\\/geranomachie-entretien-avec-sofia-avramidou-compositrice\\\/\",\"name\":\"G\u00e9ranomachie. Entretien avec Sofia Avramidou, compositrice. - Ensemble intercontemporain\",\"isPartOf\":{\"@id\":\"https:\\\/\\\/www.ensembleintercontemporain.com\\\/en\\\/#website\"},\"primaryImageOfPage\":{\"@id\":\"https:\\\/\\\/www.ensembleintercontemporain.com\\\/fr\\\/2021\\\/11\\\/geranomachie-entretien-avec-sofia-avramidou-compositrice\\\/#primaryimage\"},\"image\":{\"@id\":\"https:\\\/\\\/www.ensembleintercontemporain.com\\\/fr\\\/2021\\\/11\\\/geranomachie-entretien-avec-sofia-avramidou-compositrice\\\/#primaryimage\"},\"thumbnailUrl\":\"https:\\\/\\\/www.ensembleintercontemporain.com\\\/content\\\/uploads\\\/2021\\\/11\\\/img3798-pp-pp.jpg\",\"datePublished\":\"2021-11-19T11:55:10+00:00\",\"dateModified\":\"2021-11-19T13:40:43+00:00\",\"author\":{\"@id\":\"https:\\\/\\\/www.ensembleintercontemporain.com\\\/en\\\/#\\\/schema\\\/person\\\/439a7dd5cd8a167c34c931d7cc900214\"},\"breadcrumb\":{\"@id\":\"https:\\\/\\\/www.ensembleintercontemporain.com\\\/fr\\\/2021\\\/11\\\/geranomachie-entretien-avec-sofia-avramidou-compositrice\\\/#breadcrumb\"},\"inLanguage\":\"en-US\",\"potentialAction\":[{\"@type\":\"ReadAction\",\"target\":[\"https:\\\/\\\/www.ensembleintercontemporain.com\\\/fr\\\/2021\\\/11\\\/geranomachie-entretien-avec-sofia-avramidou-compositrice\\\/\"]}]},{\"@type\":\"ImageObject\",\"inLanguage\":\"en-US\",\"@id\":\"https:\\\/\\\/www.ensembleintercontemporain.com\\\/fr\\\/2021\\\/11\\\/geranomachie-entretien-avec-sofia-avramidou-compositrice\\\/#primaryimage\",\"url\":\"https:\\\/\\\/www.ensembleintercontemporain.com\\\/content\\\/uploads\\\/2021\\\/11\\\/img3798-pp-pp.jpg\",\"contentUrl\":\"https:\\\/\\\/www.ensembleintercontemporain.com\\\/content\\\/uploads\\\/2021\\\/11\\\/img3798-pp-pp.jpg\",\"width\":1920,\"height\":1270},{\"@type\":\"BreadcrumbList\",\"@id\":\"https:\\\/\\\/www.ensembleintercontemporain.com\\\/fr\\\/2021\\\/11\\\/geranomachie-entretien-avec-sofia-avramidou-compositrice\\\/#breadcrumb\",\"itemListElement\":[{\"@type\":\"ListItem\",\"position\":1,\"name\":\"Home\",\"item\":\"https:\\\/\\\/www.ensembleintercontemporain.com\\\/en\\\/\"},{\"@type\":\"ListItem\",\"position\":2,\"name\":\"G\u00e9ranomachie. Entretien avec Sofia Avramidou, compositrice.\"}]},{\"@type\":\"WebSite\",\"@id\":\"https:\\\/\\\/www.ensembleintercontemporain.com\\\/en\\\/#website\",\"url\":\"https:\\\/\\\/www.ensembleintercontemporain.com\\\/en\\\/\",\"name\":\"Ensemble intercontemporain\",\"description\":\"\",\"potentialAction\":[{\"@type\":\"SearchAction\",\"target\":{\"@type\":\"EntryPoint\",\"urlTemplate\":\"https:\\\/\\\/www.ensembleintercontemporain.com\\\/en\\\/?s={search_term_string}\"},\"query-input\":{\"@type\":\"PropertyValueSpecification\",\"valueRequired\":true,\"valueName\":\"search_term_string\"}}],\"inLanguage\":\"en-US\"},{\"@type\":\"Person\",\"@id\":\"https:\\\/\\\/www.ensembleintercontemporain.com\\\/en\\\/#\\\/schema\\\/person\\\/439a7dd5cd8a167c34c931d7cc900214\",\"name\":\"J\u00e9remie Szpirglas\",\"image\":{\"@type\":\"ImageObject\",\"inLanguage\":\"en-US\",\"@id\":\"https:\\\/\\\/secure.gravatar.com\\\/avatar\\\/51406c8ec861211e1bd97cfab9a482b48101946652a6a78f911670a9a593f3ed?s=96&d=mm&r=g\",\"url\":\"https:\\\/\\\/secure.gravatar.com\\\/avatar\\\/51406c8ec861211e1bd97cfab9a482b48101946652a6a78f911670a9a593f3ed?s=96&d=mm&r=g\",\"contentUrl\":\"https:\\\/\\\/secure.gravatar.com\\\/avatar\\\/51406c8ec861211e1bd97cfab9a482b48101946652a6a78f911670a9a593f3ed?s=96&d=mm&r=g\",\"caption\":\"J\u00e9remie Szpirglas\"},\"url\":\"https:\\\/\\\/www.ensembleintercontemporain.com\\\/en\\\/author\\\/benjamin-szpirglas\\\/\"}]}<\/script>\n<!-- \/ Yoast SEO plugin. -->","yoast_head_json":{"title":"G\u00e9ranomachie. Entretien avec Sofia Avramidou, compositrice. - Ensemble intercontemporain","robots":{"index":"index","follow":"follow","max-snippet":"max-snippet:-1","max-image-preview":"max-image-preview:large","max-video-preview":"max-video-preview:-1"},"canonical":"https:\/\/www.ensembleintercontemporain.com\/en\/2021\/11\/geranomachie-entretien-avec-sofia-avramidou-compositrice\/","og_locale":"en_US","og_type":"article","og_title":"G\u00e9ranomachie. Entretien avec Sofia Avramidou, compositrice. - Ensemble intercontemporain","og_description":"Mythique\u00a0: telle est la tonalit\u00e9 de \"G\u00e9ranomachie\", la nouvelle \u0153uvre de la compositrice grecque Sofia Avramidou, commande de l\u2019Ensemble intercontemporain destin\u00e9e au Grand Soir Num\u00e9rique du 3 d\u00e9cembre. Un titre qui \u00e9voque un mythe ancien et myst\u00e9rieux, opposant animalit\u00e9 et humanit\u00e9.","og_url":"https:\/\/www.ensembleintercontemporain.com\/fr\/2021\/11\/geranomachie-entretien-avec-sofia-avramidou-compositrice\/","og_site_name":"Ensemble intercontemporain","article_published_time":"2021-11-19T11:55:10+00:00","article_modified_time":"2021-11-19T13:40:43+00:00","og_image":[{"width":1920,"height":1270,"url":"https:\/\/www.ensembleintercontemporain.com\/content\/uploads\/2021\/11\/img3798-pp-pp.jpg","type":"image\/jpeg"}],"author":"J\u00e9remie Szpirglas","twitter_card":"summary_large_image","twitter_misc":{"Written by":"J\u00e9remie Szpirglas","Est. reading time":"4 minutes"},"schema":{"@context":"https:\/\/schema.org","@graph":[{"@type":"Article","@id":"https:\/\/www.ensembleintercontemporain.com\/fr\/2021\/11\/geranomachie-entretien-avec-sofia-avramidou-compositrice\/#article","isPartOf":{"@id":"https:\/\/www.ensembleintercontemporain.com\/fr\/2021\/11\/geranomachie-entretien-avec-sofia-avramidou-compositrice\/"},"author":{"name":"J\u00e9remie Szpirglas","@id":"https:\/\/www.ensembleintercontemporain.com\/en\/#\/schema\/person\/439a7dd5cd8a167c34c931d7cc900214"},"headline":"G\u00e9ranomachie. Entretien avec Sofia Avramidou, compositrice.","datePublished":"2021-11-19T11:55:10+00:00","dateModified":"2021-11-19T13:40:43+00:00","mainEntityOfPage":{"@id":"https:\/\/www.ensembleintercontemporain.com\/fr\/2021\/11\/geranomachie-entretien-avec-sofia-avramidou-compositrice\/"},"wordCount":834,"image":{"@id":"https:\/\/www.ensembleintercontemporain.com\/fr\/2021\/11\/geranomachie-entretien-avec-sofia-avramidou-compositrice\/#primaryimage"},"thumbnailUrl":"https:\/\/www.ensembleintercontemporain.com\/content\/uploads\/2021\/11\/img3798-pp-pp.jpg","keywords":["cr\u00e9ation musicale","musique \u00e9lectronique"],"articleSection":["Entretien"],"inLanguage":"en-US"},{"@type":"WebPage","@id":"https:\/\/www.ensembleintercontemporain.com\/fr\/2021\/11\/geranomachie-entretien-avec-sofia-avramidou-compositrice\/","url":"https:\/\/www.ensembleintercontemporain.com\/fr\/2021\/11\/geranomachie-entretien-avec-sofia-avramidou-compositrice\/","name":"G\u00e9ranomachie. Entretien avec Sofia Avramidou, compositrice. - Ensemble intercontemporain","isPartOf":{"@id":"https:\/\/www.ensembleintercontemporain.com\/en\/#website"},"primaryImageOfPage":{"@id":"https:\/\/www.ensembleintercontemporain.com\/fr\/2021\/11\/geranomachie-entretien-avec-sofia-avramidou-compositrice\/#primaryimage"},"image":{"@id":"https:\/\/www.ensembleintercontemporain.com\/fr\/2021\/11\/geranomachie-entretien-avec-sofia-avramidou-compositrice\/#primaryimage"},"thumbnailUrl":"https:\/\/www.ensembleintercontemporain.com\/content\/uploads\/2021\/11\/img3798-pp-pp.jpg","datePublished":"2021-11-19T11:55:10+00:00","dateModified":"2021-11-19T13:40:43+00:00","author":{"@id":"https:\/\/www.ensembleintercontemporain.com\/en\/#\/schema\/person\/439a7dd5cd8a167c34c931d7cc900214"},"breadcrumb":{"@id":"https:\/\/www.ensembleintercontemporain.com\/fr\/2021\/11\/geranomachie-entretien-avec-sofia-avramidou-compositrice\/#breadcrumb"},"inLanguage":"en-US","potentialAction":[{"@type":"ReadAction","target":["https:\/\/www.ensembleintercontemporain.com\/fr\/2021\/11\/geranomachie-entretien-avec-sofia-avramidou-compositrice\/"]}]},{"@type":"ImageObject","inLanguage":"en-US","@id":"https:\/\/www.ensembleintercontemporain.com\/fr\/2021\/11\/geranomachie-entretien-avec-sofia-avramidou-compositrice\/#primaryimage","url":"https:\/\/www.ensembleintercontemporain.com\/content\/uploads\/2021\/11\/img3798-pp-pp.jpg","contentUrl":"https:\/\/www.ensembleintercontemporain.com\/content\/uploads\/2021\/11\/img3798-pp-pp.jpg","width":1920,"height":1270},{"@type":"BreadcrumbList","@id":"https:\/\/www.ensembleintercontemporain.com\/fr\/2021\/11\/geranomachie-entretien-avec-sofia-avramidou-compositrice\/#breadcrumb","itemListElement":[{"@type":"ListItem","position":1,"name":"Home","item":"https:\/\/www.ensembleintercontemporain.com\/en\/"},{"@type":"ListItem","position":2,"name":"G\u00e9ranomachie. Entretien avec Sofia Avramidou, compositrice."}]},{"@type":"WebSite","@id":"https:\/\/www.ensembleintercontemporain.com\/en\/#website","url":"https:\/\/www.ensembleintercontemporain.com\/en\/","name":"Ensemble intercontemporain","description":"","potentialAction":[{"@type":"SearchAction","target":{"@type":"EntryPoint","urlTemplate":"https:\/\/www.ensembleintercontemporain.com\/en\/?s={search_term_string}"},"query-input":{"@type":"PropertyValueSpecification","valueRequired":true,"valueName":"search_term_string"}}],"inLanguage":"en-US"},{"@type":"Person","@id":"https:\/\/www.ensembleintercontemporain.com\/en\/#\/schema\/person\/439a7dd5cd8a167c34c931d7cc900214","name":"J\u00e9remie Szpirglas","image":{"@type":"ImageObject","inLanguage":"en-US","@id":"https:\/\/secure.gravatar.com\/avatar\/51406c8ec861211e1bd97cfab9a482b48101946652a6a78f911670a9a593f3ed?s=96&d=mm&r=g","url":"https:\/\/secure.gravatar.com\/avatar\/51406c8ec861211e1bd97cfab9a482b48101946652a6a78f911670a9a593f3ed?s=96&d=mm&r=g","contentUrl":"https:\/\/secure.gravatar.com\/avatar\/51406c8ec861211e1bd97cfab9a482b48101946652a6a78f911670a9a593f3ed?s=96&d=mm&r=g","caption":"J\u00e9remie Szpirglas"},"url":"https:\/\/www.ensembleintercontemporain.com\/en\/author\/benjamin-szpirglas\/"}]}},"_links":{"self":[{"href":"https:\/\/www.ensembleintercontemporain.com\/en\/wp-json\/wp\/v2\/posts\/21715\/"}],"collection":[{"href":"https:\/\/www.ensembleintercontemporain.com\/en\/wp-json\/wp\/v2\/posts\/"}],"about":[{"href":"https:\/\/www.ensembleintercontemporain.com\/en\/wp-json\/wp\/v2\/types\/post\/"}],"author":[{"embeddable":true,"href":"https:\/\/www.ensembleintercontemporain.com\/en\/wp-json\/wp\/v2\/users\/5\/"}],"replies":[{"embeddable":true,"href":"https:\/\/www.ensembleintercontemporain.com\/en\/wp-json\/wp\/v2\/comments\/?post=21715"}],"version-history":[{"count":5,"href":"https:\/\/www.ensembleintercontemporain.com\/en\/wp-json\/wp\/v2\/posts\/21715\/revisions\/"}],"predecessor-version":[{"id":21748,"href":"https:\/\/www.ensembleintercontemporain.com\/en\/wp-json\/wp\/v2\/posts\/21715\/revisions\/21748\/"}],"wp:featuredmedia":[{"embeddable":true,"href":"https:\/\/www.ensembleintercontemporain.com\/en\/wp-json\/wp\/v2\/media\/21716\/"}],"wp:attachment":[{"href":"https:\/\/www.ensembleintercontemporain.com\/en\/wp-json\/wp\/v2\/media\/?parent=21715"}],"wp:term":[{"taxonomy":"category","embeddable":true,"href":"https:\/\/www.ensembleintercontemporain.com\/en\/wp-json\/wp\/v2\/categories\/?post=21715"},{"taxonomy":"post_tag","embeddable":true,"href":"https:\/\/www.ensembleintercontemporain.com\/en\/wp-json\/wp\/v2\/tags\/?post=21715"}],"curies":[{"name":"wp","href":"https:\/\/api.w.org\/{rel}","templated":true}]}}