{"id":18893,"date":"2020-04-28T10:30:14","date_gmt":"2020-04-28T08:30:14","guid":{"rendered":"https:\/\/www.ensembleintercontemporain.com\/?p=18893"},"modified":"2020-05-25T12:12:28","modified_gmt":"2020-05-25T10:12:28","slug":"picasso-tympan-sur-toile","status":"publish","type":"post","link":"https:\/\/www.ensembleintercontemporain.com\/en\/2020\/04\/picasso-tympan-sur-toile\/","title":{"rendered":"Picasso, tympan sur toile."},"content":{"rendered":"<p><strong><span style=\"font-size: 14pt;\"><span style=\"color: #003366;\"><img loading=\"lazy\" decoding=\"async\" class=\"aligncenter size-full wp-image-18894\" src=\"http:\/\/www.ensembleintercontemporain.com\/content\/uploads\/2020\/05\/dscf9483.jpg\" alt=\"\" width=\"1920\" height=\"1920\" srcset=\"https:\/\/www.ensembleintercontemporain.com\/content\/uploads\/2020\/05\/dscf9483.jpg 1920w, https:\/\/www.ensembleintercontemporain.com\/content\/uploads\/2020\/05\/dscf9483-300x300.jpg 300w, https:\/\/www.ensembleintercontemporain.com\/content\/uploads\/2020\/05\/dscf9483-1024x1024.jpg 1024w, https:\/\/www.ensembleintercontemporain.com\/content\/uploads\/2020\/05\/dscf9483-150x150.jpg 150w, https:\/\/www.ensembleintercontemporain.com\/content\/uploads\/2020\/05\/dscf9483-768x768.jpg 768w, https:\/\/www.ensembleintercontemporain.com\/content\/uploads\/2020\/05\/dscf9483-1536x1536.jpg 1536w\" sizes=\"auto, (max-width: 1920px) 100vw, 1920px\" \/><\/span><\/span><\/strong><\/p>\n<p><strong><span style=\"font-size: 14pt;\"><span style=\"color: #003366;\"><span style=\"font-size: 24pt;\">E<\/span>ntrer dans l\u2019univers de Pablo Picasso en posant le tympan sur les toiles du ma\u00eetre : le compositeur Guillaume Hermen (photo ci-dessus) a lanc\u00e9 ce dr\u00f4le de d\u00e9fi \u00e0 une classe de CM2 de Saint-Ouen et aux solistes de l\u2019Ensemble intercontemporain il y a deux ans. Reportage sur un projet \u00e9ducatif au long cours dont, h\u00e9las, le spectacle de restitution \u00e0 la Philharmonie de Paris en avril de cette ann\u00e9e, n&#8217;aura pas pu avoir lieu.<br \/>\n<\/span><\/span><\/strong><\/p>\n<p>&nbsp;<\/p>\n<p>&lt;<iframe loading=\"lazy\" src=\"https:\/\/www.youtube.com\/embed\/RsaSgPrwRUA\" width=\"720\" height=\"405\" frameborder=\"0\" allowfullscreen=\"allowfullscreen\"><\/iframe><\/p>\n","protected":false},"excerpt":{"rendered":"<p>Entrer dans l\u2019univers de Pablo Picasso en posant le tympan sur les toiles du ma\u00eetre : le compositeur Guillaume Hermen a lanc\u00e9 ce d\u00e9fi \u00e0 une classe de CM2 de Saint-Ouen et aux solistes de l\u2019Ensemble intercontemporain il y a deux ans. Reportage sur un projet \u00e9ducatif au long cours dont, h\u00e9las, le spectacle de restitution \u00e0 la Philharmonie de Paris en avril de cette ann\u00e9e, n&#8217;aura pas pu avoir lieu. \u00a0<\/p>\n","protected":false},"author":59,"featured_media":18896,"comment_status":"closed","ping_status":"closed","sticky":false,"template":"","format":"standard","meta":{"_acf_changed":false,"footnotes":""},"categories":[453],"tags":[657],"class_list":["post-18893","post","type-post","status-publish","format-standard","has-post-thumbnail","hentry","category-reportage","tag-actions-educatives","concert-picasso-tympan-sur-toile"],"acf":[],"yoast_head":"<!-- This site is optimized with the Yoast SEO plugin v27.5 - https:\/\/yoast.com\/product\/yoast-seo-wordpress\/ -->\n<title>Picasso, tympan sur toile. - Ensemble intercontemporain<\/title>\n<meta name=\"robots\" content=\"index, follow, max-snippet:-1, max-image-preview:large, max-video-preview:-1\" \/>\n<link rel=\"canonical\" href=\"https:\/\/www.ensembleintercontemporain.com\/en\/2020\/04\/picasso-tympan-sur-toile\/\" \/>\n<meta property=\"og:locale\" content=\"en_US\" \/>\n<meta property=\"og:type\" content=\"article\" \/>\n<meta property=\"og:title\" content=\"Picasso, tympan sur toile. - Ensemble intercontemporain\" \/>\n<meta property=\"og:description\" content=\"Entrer dans l\u2019univers de Pablo Picasso en posant le tympan sur les toiles du ma\u00eetre : le compositeur Guillaume Hermen a lanc\u00e9 ce d\u00e9fi \u00e0 une classe de CM2 de Saint-Ouen et aux solistes de l\u2019Ensemble intercontemporain il y a deux ans. Reportage sur un projet \u00e9ducatif au long cours dont, h\u00e9las, le spectacle de restitution \u00e0 la Philharmonie de Paris en avril de cette ann\u00e9e, n&#039;aura pas pu avoir lieu. \u00a0\" \/>\n<meta property=\"og:url\" content=\"https:\/\/www.ensembleintercontemporain.com\/en\/2020\/04\/picasso-tympan-sur-toile\/\" \/>\n<meta property=\"og:site_name\" content=\"Ensemble intercontemporain\" \/>\n<meta property=\"article:published_time\" content=\"2020-04-28T08:30:14+00:00\" \/>\n<meta property=\"article:modified_time\" content=\"2020-05-25T10:12:28+00:00\" \/>\n<meta property=\"og:image\" content=\"https:\/\/www.ensembleintercontemporain.com\/content\/uploads\/2020\/05\/dsc02293-2.jpg\" \/>\n\t<meta property=\"og:image:width\" content=\"1920\" \/>\n\t<meta property=\"og:image:height\" content=\"1469\" \/>\n\t<meta property=\"og:image:type\" content=\"image\/jpeg\" \/>\n<meta name=\"author\" content=\"Ensemble intercontemporain\" \/>\n<meta name=\"twitter:card\" content=\"summary_large_image\" \/>\n<meta name=\"twitter:label1\" content=\"Written by\" \/>\n\t<meta name=\"twitter:data1\" content=\"Ensemble intercontemporain\" \/>\n<script type=\"application\/ld+json\" class=\"yoast-schema-graph\">{\"@context\":\"https:\\\/\\\/schema.org\",\"@graph\":[{\"@type\":\"Article\",\"@id\":\"https:\\\/\\\/www.ensembleintercontemporain.com\\\/en\\\/2020\\\/04\\\/picasso-tympan-sur-toile\\\/#article\",\"isPartOf\":{\"@id\":\"https:\\\/\\\/www.ensembleintercontemporain.com\\\/en\\\/2020\\\/04\\\/picasso-tympan-sur-toile\\\/\"},\"author\":{\"name\":\"Ensemble intercontemporain\",\"@id\":\"https:\\\/\\\/www.ensembleintercontemporain.com\\\/en\\\/#\\\/schema\\\/person\\\/dfea580cee66bf7981adf6126aec5936\"},\"headline\":\"Picasso, tympan sur toile.\",\"datePublished\":\"2020-04-28T08:30:14+00:00\",\"dateModified\":\"2020-05-25T10:12:28+00:00\",\"mainEntityOfPage\":{\"@id\":\"https:\\\/\\\/www.ensembleintercontemporain.com\\\/en\\\/2020\\\/04\\\/picasso-tympan-sur-toile\\\/\"},\"wordCount\":85,\"image\":{\"@id\":\"https:\\\/\\\/www.ensembleintercontemporain.com\\\/en\\\/2020\\\/04\\\/picasso-tympan-sur-toile\\\/#primaryimage\"},\"thumbnailUrl\":\"https:\\\/\\\/www.ensembleintercontemporain.com\\\/content\\\/uploads\\\/2020\\\/05\\\/dsc02293-2.jpg\",\"keywords\":[\"actions \u00e9ducatives\"],\"articleSection\":[\"Reportage\"],\"inLanguage\":\"en-US\"},{\"@type\":\"WebPage\",\"@id\":\"https:\\\/\\\/www.ensembleintercontemporain.com\\\/en\\\/2020\\\/04\\\/picasso-tympan-sur-toile\\\/\",\"url\":\"https:\\\/\\\/www.ensembleintercontemporain.com\\\/en\\\/2020\\\/04\\\/picasso-tympan-sur-toile\\\/\",\"name\":\"Picasso, tympan sur toile. - Ensemble intercontemporain\",\"isPartOf\":{\"@id\":\"https:\\\/\\\/www.ensembleintercontemporain.com\\\/en\\\/#website\"},\"primaryImageOfPage\":{\"@id\":\"https:\\\/\\\/www.ensembleintercontemporain.com\\\/en\\\/2020\\\/04\\\/picasso-tympan-sur-toile\\\/#primaryimage\"},\"image\":{\"@id\":\"https:\\\/\\\/www.ensembleintercontemporain.com\\\/en\\\/2020\\\/04\\\/picasso-tympan-sur-toile\\\/#primaryimage\"},\"thumbnailUrl\":\"https:\\\/\\\/www.ensembleintercontemporain.com\\\/content\\\/uploads\\\/2020\\\/05\\\/dsc02293-2.jpg\",\"datePublished\":\"2020-04-28T08:30:14+00:00\",\"dateModified\":\"2020-05-25T10:12:28+00:00\",\"author\":{\"@id\":\"https:\\\/\\\/www.ensembleintercontemporain.com\\\/en\\\/#\\\/schema\\\/person\\\/dfea580cee66bf7981adf6126aec5936\"},\"breadcrumb\":{\"@id\":\"https:\\\/\\\/www.ensembleintercontemporain.com\\\/en\\\/2020\\\/04\\\/picasso-tympan-sur-toile\\\/#breadcrumb\"},\"inLanguage\":\"en-US\",\"potentialAction\":[{\"@type\":\"ReadAction\",\"target\":[\"https:\\\/\\\/www.ensembleintercontemporain.com\\\/en\\\/2020\\\/04\\\/picasso-tympan-sur-toile\\\/\"]}]},{\"@type\":\"ImageObject\",\"inLanguage\":\"en-US\",\"@id\":\"https:\\\/\\\/www.ensembleintercontemporain.com\\\/en\\\/2020\\\/04\\\/picasso-tympan-sur-toile\\\/#primaryimage\",\"url\":\"https:\\\/\\\/www.ensembleintercontemporain.com\\\/content\\\/uploads\\\/2020\\\/05\\\/dsc02293-2.jpg\",\"contentUrl\":\"https:\\\/\\\/www.ensembleintercontemporain.com\\\/content\\\/uploads\\\/2020\\\/05\\\/dsc02293-2.jpg\",\"width\":1920,\"height\":1469,\"caption\":\"Picasso, tympan sur toile, projet de r\u00e9sidence scolaire de Guillaume Hermen - 2019-2020\"},{\"@type\":\"BreadcrumbList\",\"@id\":\"https:\\\/\\\/www.ensembleintercontemporain.com\\\/en\\\/2020\\\/04\\\/picasso-tympan-sur-toile\\\/#breadcrumb\",\"itemListElement\":[{\"@type\":\"ListItem\",\"position\":1,\"name\":\"Home\",\"item\":\"https:\\\/\\\/www.ensembleintercontemporain.com\\\/en\\\/\"},{\"@type\":\"ListItem\",\"position\":2,\"name\":\"Picasso, tympan sur toile.\"}]},{\"@type\":\"WebSite\",\"@id\":\"https:\\\/\\\/www.ensembleintercontemporain.com\\\/en\\\/#website\",\"url\":\"https:\\\/\\\/www.ensembleintercontemporain.com\\\/en\\\/\",\"name\":\"Ensemble intercontemporain\",\"description\":\"\",\"potentialAction\":[{\"@type\":\"SearchAction\",\"target\":{\"@type\":\"EntryPoint\",\"urlTemplate\":\"https:\\\/\\\/www.ensembleintercontemporain.com\\\/en\\\/?s={search_term_string}\"},\"query-input\":{\"@type\":\"PropertyValueSpecification\",\"valueRequired\":true,\"valueName\":\"search_term_string\"}}],\"inLanguage\":\"en-US\"},{\"@type\":\"Person\",\"@id\":\"https:\\\/\\\/www.ensembleintercontemporain.com\\\/en\\\/#\\\/schema\\\/person\\\/dfea580cee66bf7981adf6126aec5936\",\"name\":\"Ensemble intercontemporain\",\"image\":{\"@type\":\"ImageObject\",\"inLanguage\":\"en-US\",\"@id\":\"https:\\\/\\\/secure.gravatar.com\\\/avatar\\\/7131d85484d41d368d6f8919d5e1edcb3fa339c4a2bcf28cb3c3be5bec6935ac?s=96&d=mm&r=g\",\"url\":\"https:\\\/\\\/secure.gravatar.com\\\/avatar\\\/7131d85484d41d368d6f8919d5e1edcb3fa339c4a2bcf28cb3c3be5bec6935ac?s=96&d=mm&r=g\",\"contentUrl\":\"https:\\\/\\\/secure.gravatar.com\\\/avatar\\\/7131d85484d41d368d6f8919d5e1edcb3fa339c4a2bcf28cb3c3be5bec6935ac?s=96&d=mm&r=g\",\"caption\":\"Ensemble intercontemporain\"},\"url\":\"https:\\\/\\\/www.ensembleintercontemporain.com\\\/en\\\/author\\\/eic\\\/\"}]}<\/script>\n<!-- \/ Yoast SEO plugin. -->","yoast_head_json":{"title":"Picasso, tympan sur toile. - Ensemble intercontemporain","robots":{"index":"index","follow":"follow","max-snippet":"max-snippet:-1","max-image-preview":"max-image-preview:large","max-video-preview":"max-video-preview:-1"},"canonical":"https:\/\/www.ensembleintercontemporain.com\/en\/2020\/04\/picasso-tympan-sur-toile\/","og_locale":"en_US","og_type":"article","og_title":"Picasso, tympan sur toile. - Ensemble intercontemporain","og_description":"Entrer dans l\u2019univers de Pablo Picasso en posant le tympan sur les toiles du ma\u00eetre : le compositeur Guillaume Hermen a lanc\u00e9 ce d\u00e9fi \u00e0 une classe de CM2 de Saint-Ouen et aux solistes de l\u2019Ensemble intercontemporain il y a deux ans. Reportage sur un projet \u00e9ducatif au long cours dont, h\u00e9las, le spectacle de restitution \u00e0 la Philharmonie de Paris en avril de cette ann\u00e9e, n'aura pas pu avoir lieu. \u00a0","og_url":"https:\/\/www.ensembleintercontemporain.com\/en\/2020\/04\/picasso-tympan-sur-toile\/","og_site_name":"Ensemble intercontemporain","article_published_time":"2020-04-28T08:30:14+00:00","article_modified_time":"2020-05-25T10:12:28+00:00","og_image":[{"width":1920,"height":1469,"url":"https:\/\/www.ensembleintercontemporain.com\/content\/uploads\/2020\/05\/dsc02293-2.jpg","type":"image\/jpeg"}],"author":"Ensemble intercontemporain","twitter_card":"summary_large_image","twitter_misc":{"Written by":"Ensemble intercontemporain"},"schema":{"@context":"https:\/\/schema.org","@graph":[{"@type":"Article","@id":"https:\/\/www.ensembleintercontemporain.com\/en\/2020\/04\/picasso-tympan-sur-toile\/#article","isPartOf":{"@id":"https:\/\/www.ensembleintercontemporain.com\/en\/2020\/04\/picasso-tympan-sur-toile\/"},"author":{"name":"Ensemble intercontemporain","@id":"https:\/\/www.ensembleintercontemporain.com\/en\/#\/schema\/person\/dfea580cee66bf7981adf6126aec5936"},"headline":"Picasso, tympan sur toile.","datePublished":"2020-04-28T08:30:14+00:00","dateModified":"2020-05-25T10:12:28+00:00","mainEntityOfPage":{"@id":"https:\/\/www.ensembleintercontemporain.com\/en\/2020\/04\/picasso-tympan-sur-toile\/"},"wordCount":85,"image":{"@id":"https:\/\/www.ensembleintercontemporain.com\/en\/2020\/04\/picasso-tympan-sur-toile\/#primaryimage"},"thumbnailUrl":"https:\/\/www.ensembleintercontemporain.com\/content\/uploads\/2020\/05\/dsc02293-2.jpg","keywords":["actions \u00e9ducatives"],"articleSection":["Reportage"],"inLanguage":"en-US"},{"@type":"WebPage","@id":"https:\/\/www.ensembleintercontemporain.com\/en\/2020\/04\/picasso-tympan-sur-toile\/","url":"https:\/\/www.ensembleintercontemporain.com\/en\/2020\/04\/picasso-tympan-sur-toile\/","name":"Picasso, tympan sur toile. - Ensemble intercontemporain","isPartOf":{"@id":"https:\/\/www.ensembleintercontemporain.com\/en\/#website"},"primaryImageOfPage":{"@id":"https:\/\/www.ensembleintercontemporain.com\/en\/2020\/04\/picasso-tympan-sur-toile\/#primaryimage"},"image":{"@id":"https:\/\/www.ensembleintercontemporain.com\/en\/2020\/04\/picasso-tympan-sur-toile\/#primaryimage"},"thumbnailUrl":"https:\/\/www.ensembleintercontemporain.com\/content\/uploads\/2020\/05\/dsc02293-2.jpg","datePublished":"2020-04-28T08:30:14+00:00","dateModified":"2020-05-25T10:12:28+00:00","author":{"@id":"https:\/\/www.ensembleintercontemporain.com\/en\/#\/schema\/person\/dfea580cee66bf7981adf6126aec5936"},"breadcrumb":{"@id":"https:\/\/www.ensembleintercontemporain.com\/en\/2020\/04\/picasso-tympan-sur-toile\/#breadcrumb"},"inLanguage":"en-US","potentialAction":[{"@type":"ReadAction","target":["https:\/\/www.ensembleintercontemporain.com\/en\/2020\/04\/picasso-tympan-sur-toile\/"]}]},{"@type":"ImageObject","inLanguage":"en-US","@id":"https:\/\/www.ensembleintercontemporain.com\/en\/2020\/04\/picasso-tympan-sur-toile\/#primaryimage","url":"https:\/\/www.ensembleintercontemporain.com\/content\/uploads\/2020\/05\/dsc02293-2.jpg","contentUrl":"https:\/\/www.ensembleintercontemporain.com\/content\/uploads\/2020\/05\/dsc02293-2.jpg","width":1920,"height":1469,"caption":"Picasso, tympan sur toile, projet de r\u00e9sidence scolaire de Guillaume Hermen - 2019-2020"},{"@type":"BreadcrumbList","@id":"https:\/\/www.ensembleintercontemporain.com\/en\/2020\/04\/picasso-tympan-sur-toile\/#breadcrumb","itemListElement":[{"@type":"ListItem","position":1,"name":"Home","item":"https:\/\/www.ensembleintercontemporain.com\/en\/"},{"@type":"ListItem","position":2,"name":"Picasso, tympan sur toile."}]},{"@type":"WebSite","@id":"https:\/\/www.ensembleintercontemporain.com\/en\/#website","url":"https:\/\/www.ensembleintercontemporain.com\/en\/","name":"Ensemble intercontemporain","description":"","potentialAction":[{"@type":"SearchAction","target":{"@type":"EntryPoint","urlTemplate":"https:\/\/www.ensembleintercontemporain.com\/en\/?s={search_term_string}"},"query-input":{"@type":"PropertyValueSpecification","valueRequired":true,"valueName":"search_term_string"}}],"inLanguage":"en-US"},{"@type":"Person","@id":"https:\/\/www.ensembleintercontemporain.com\/en\/#\/schema\/person\/dfea580cee66bf7981adf6126aec5936","name":"Ensemble intercontemporain","image":{"@type":"ImageObject","inLanguage":"en-US","@id":"https:\/\/secure.gravatar.com\/avatar\/7131d85484d41d368d6f8919d5e1edcb3fa339c4a2bcf28cb3c3be5bec6935ac?s=96&d=mm&r=g","url":"https:\/\/secure.gravatar.com\/avatar\/7131d85484d41d368d6f8919d5e1edcb3fa339c4a2bcf28cb3c3be5bec6935ac?s=96&d=mm&r=g","contentUrl":"https:\/\/secure.gravatar.com\/avatar\/7131d85484d41d368d6f8919d5e1edcb3fa339c4a2bcf28cb3c3be5bec6935ac?s=96&d=mm&r=g","caption":"Ensemble intercontemporain"},"url":"https:\/\/www.ensembleintercontemporain.com\/en\/author\/eic\/"}]}},"_links":{"self":[{"href":"https:\/\/www.ensembleintercontemporain.com\/en\/wp-json\/wp\/v2\/posts\/18893\/"}],"collection":[{"href":"https:\/\/www.ensembleintercontemporain.com\/en\/wp-json\/wp\/v2\/posts\/"}],"about":[{"href":"https:\/\/www.ensembleintercontemporain.com\/en\/wp-json\/wp\/v2\/types\/post\/"}],"author":[{"embeddable":true,"href":"https:\/\/www.ensembleintercontemporain.com\/en\/wp-json\/wp\/v2\/users\/59\/"}],"replies":[{"embeddable":true,"href":"https:\/\/www.ensembleintercontemporain.com\/en\/wp-json\/wp\/v2\/comments\/?post=18893"}],"version-history":[{"count":2,"href":"https:\/\/www.ensembleintercontemporain.com\/en\/wp-json\/wp\/v2\/posts\/18893\/revisions\/"}],"predecessor-version":[{"id":18899,"href":"https:\/\/www.ensembleintercontemporain.com\/en\/wp-json\/wp\/v2\/posts\/18893\/revisions\/18899\/"}],"wp:featuredmedia":[{"embeddable":true,"href":"https:\/\/www.ensembleintercontemporain.com\/en\/wp-json\/wp\/v2\/media\/18896\/"}],"wp:attachment":[{"href":"https:\/\/www.ensembleintercontemporain.com\/en\/wp-json\/wp\/v2\/media\/?parent=18893"}],"wp:term":[{"taxonomy":"category","embeddable":true,"href":"https:\/\/www.ensembleintercontemporain.com\/en\/wp-json\/wp\/v2\/categories\/?post=18893"},{"taxonomy":"post_tag","embeddable":true,"href":"https:\/\/www.ensembleintercontemporain.com\/en\/wp-json\/wp\/v2\/tags\/?post=18893"}],"curies":[{"name":"wp","href":"https:\/\/api.w.org\/{rel}","templated":true}]}}