{"id":17392,"date":"2019-07-05T16:08:23","date_gmt":"2019-07-05T14:08:23","guid":{"rendered":"https:\/\/www.ensembleintercontemporain.com\/?p=17392"},"modified":"2019-07-05T16:09:03","modified_gmt":"2019-07-05T14:09:03","slug":"inside-in-between-reportage-video","status":"publish","type":"post","link":"https:\/\/www.ensembleintercontemporain.com\/en\/2019\/07\/inside-in-between-reportage-video\/","title":{"rendered":"Inside &#8220;In Between&#8221;"},"content":{"rendered":"<p><img loading=\"lazy\" decoding=\"async\" class=\"aligncenter size-full wp-image-17402\" src=\"http:\/\/www.ensembleintercontemporain.com\/content\/uploads\/2019\/07\/dscf3075.jpg\" alt=\"\" width=\"1920\" height=\"1280\" srcset=\"https:\/\/www.ensembleintercontemporain.com\/content\/uploads\/2019\/07\/dscf3075.jpg 1920w, https:\/\/www.ensembleintercontemporain.com\/content\/uploads\/2019\/07\/dscf3075-300x200.jpg 300w, https:\/\/www.ensembleintercontemporain.com\/content\/uploads\/2019\/07\/dscf3075-768x512.jpg 768w, https:\/\/www.ensembleintercontemporain.com\/content\/uploads\/2019\/07\/dscf3075-1024x683.jpg 1024w\" sizes=\"auto, (max-width: 1920px) 100vw, 1920px\" \/><\/p>\n<p><span style=\"font-size: 14pt; color: #000080;\">Reportage sur le projet \u00ab In Between \u00bb, l\u2019un des \u00e9v\u00e9nements de la saison 2018-19, du premier jour de montage au concert du 12.04.2019 \u00e0 la Cit\u00e9 de la musique. <\/span><\/p>\n<p><span style=\"font-size: 14pt; color: #000080;\">Documentary about \u00ab In Between \u00bb project at the Cit\u00e9 de la musique, from the very beginning to the final concert on April 12th 2019 <\/span><\/p>\n<p>&nbsp;<\/p>\n<p><iframe loading=\"lazy\" src=\"https:\/\/www.youtube.com\/embed\/iW8Zyx4_U1M\" width=\"720\" height=\"405\" frameborder=\"0\" allowfullscreen=\"allowfullscreen\"><\/iframe><\/p>\n","protected":false},"excerpt":{"rendered":"<p>Reportage sur le projet \u00ab In Between \u00bb, l\u2019un des \u00e9v\u00e9nements de la saison 2018-19, du premier jour de montage au concert du 12.04.2019 \u00e0 la Cit\u00e9 de la musique.<\/p>\n","protected":false},"author":155,"featured_media":17395,"comment_status":"closed","ping_status":"closed","sticky":false,"template":"","format":"standard","meta":{"_acf_changed":false,"footnotes":""},"categories":[453],"tags":[1064,748,1066,61,1063,707,560,1065],"class_list":["post-17392","post","type-post","status-publish","format-standard","has-post-thumbnail","hentry","category-reportage","tag-alexander-fahima","tag-arts-plastiques","tag-arts-visuels","tag-creation-musicale","tag-in-between","tag-interdisciplinarite","tag-matthias-pintscher","tag-nandor-angstenberger","concert-in-between"],"acf":[],"yoast_head":"<!-- This site is optimized with the Yoast SEO plugin v27.5 - https:\/\/yoast.com\/product\/yoast-seo-wordpress\/ -->\n<title>Inside &quot;In Between&quot; - Ensemble intercontemporain<\/title>\n<meta name=\"robots\" content=\"index, follow, max-snippet:-1, max-image-preview:large, max-video-preview:-1\" \/>\n<link rel=\"canonical\" href=\"https:\/\/www.ensembleintercontemporain.com\/en\/2019\/07\/inside-in-between-reportage-video\/\" \/>\n<meta property=\"og:locale\" content=\"en_US\" \/>\n<meta property=\"og:type\" content=\"article\" \/>\n<meta property=\"og:title\" content=\"Inside &quot;In Between&quot; - Ensemble intercontemporain\" \/>\n<meta property=\"og:description\" content=\"Reportage sur le projet \u00ab In Between \u00bb, l\u2019un des \u00e9v\u00e9nements de la saison 2018-19, du premier jour de montage au concert du 12.04.2019 \u00e0 la Cit\u00e9 de la musique.\" \/>\n<meta property=\"og:url\" content=\"https:\/\/www.ensembleintercontemporain.com\/fr\/2019\/07\/inside-in-between-reportage-video\/\" \/>\n<meta property=\"og:site_name\" content=\"Ensemble intercontemporain\" \/>\n<meta property=\"article:published_time\" content=\"2019-07-05T14:08:23+00:00\" \/>\n<meta property=\"article:modified_time\" content=\"2019-07-05T14:09:03+00:00\" \/>\n<meta property=\"og:image\" content=\"https:\/\/www.ensembleintercontemporain.com\/content\/uploads\/2019\/07\/miniature-in-between-1.jpg\" \/>\n\t<meta property=\"og:image:width\" content=\"1920\" \/>\n\t<meta property=\"og:image:height\" content=\"1092\" \/>\n\t<meta property=\"og:image:type\" content=\"image\/jpeg\" \/>\n<meta name=\"author\" content=\"Juliette Touin\" \/>\n<meta name=\"twitter:card\" content=\"summary_large_image\" \/>\n<meta name=\"twitter:label1\" content=\"Written by\" \/>\n\t<meta name=\"twitter:data1\" content=\"Juliette Touin\" \/>\n<script type=\"application\/ld+json\" class=\"yoast-schema-graph\">{\"@context\":\"https:\\\/\\\/schema.org\",\"@graph\":[{\"@type\":\"Article\",\"@id\":\"https:\\\/\\\/www.ensembleintercontemporain.com\\\/fr\\\/2019\\\/07\\\/inside-in-between-reportage-video\\\/#article\",\"isPartOf\":{\"@id\":\"https:\\\/\\\/www.ensembleintercontemporain.com\\\/fr\\\/2019\\\/07\\\/inside-in-between-reportage-video\\\/\"},\"author\":{\"name\":\"Juliette Touin\",\"@id\":\"https:\\\/\\\/www.ensembleintercontemporain.com\\\/en\\\/#\\\/schema\\\/person\\\/87ff3817e061f0658fd20f8a9509eeef\"},\"headline\":\"Inside &#8220;In Between&#8221;\",\"datePublished\":\"2019-07-05T14:08:23+00:00\",\"dateModified\":\"2019-07-05T14:09:03+00:00\",\"mainEntityOfPage\":{\"@id\":\"https:\\\/\\\/www.ensembleintercontemporain.com\\\/fr\\\/2019\\\/07\\\/inside-in-between-reportage-video\\\/\"},\"wordCount\":54,\"image\":{\"@id\":\"https:\\\/\\\/www.ensembleintercontemporain.com\\\/fr\\\/2019\\\/07\\\/inside-in-between-reportage-video\\\/#primaryimage\"},\"thumbnailUrl\":\"https:\\\/\\\/www.ensembleintercontemporain.com\\\/content\\\/uploads\\\/2019\\\/07\\\/miniature-in-between-1.jpg\",\"keywords\":[\"Alexander Fahima\",\"arts plastiques\",\"arts visuels\",\"cr\u00e9ation musicale\",\"in between\",\"interdisciplinarit\u00e9\",\"matthias pintscher\",\"Nandor Angstenberger\"],\"articleSection\":[\"Reportage\"],\"inLanguage\":\"en-US\"},{\"@type\":\"WebPage\",\"@id\":\"https:\\\/\\\/www.ensembleintercontemporain.com\\\/fr\\\/2019\\\/07\\\/inside-in-between-reportage-video\\\/\",\"url\":\"https:\\\/\\\/www.ensembleintercontemporain.com\\\/fr\\\/2019\\\/07\\\/inside-in-between-reportage-video\\\/\",\"name\":\"Inside \\\"In Between\\\" - Ensemble intercontemporain\",\"isPartOf\":{\"@id\":\"https:\\\/\\\/www.ensembleintercontemporain.com\\\/en\\\/#website\"},\"primaryImageOfPage\":{\"@id\":\"https:\\\/\\\/www.ensembleintercontemporain.com\\\/fr\\\/2019\\\/07\\\/inside-in-between-reportage-video\\\/#primaryimage\"},\"image\":{\"@id\":\"https:\\\/\\\/www.ensembleintercontemporain.com\\\/fr\\\/2019\\\/07\\\/inside-in-between-reportage-video\\\/#primaryimage\"},\"thumbnailUrl\":\"https:\\\/\\\/www.ensembleintercontemporain.com\\\/content\\\/uploads\\\/2019\\\/07\\\/miniature-in-between-1.jpg\",\"datePublished\":\"2019-07-05T14:08:23+00:00\",\"dateModified\":\"2019-07-05T14:09:03+00:00\",\"author\":{\"@id\":\"https:\\\/\\\/www.ensembleintercontemporain.com\\\/en\\\/#\\\/schema\\\/person\\\/87ff3817e061f0658fd20f8a9509eeef\"},\"breadcrumb\":{\"@id\":\"https:\\\/\\\/www.ensembleintercontemporain.com\\\/fr\\\/2019\\\/07\\\/inside-in-between-reportage-video\\\/#breadcrumb\"},\"inLanguage\":\"en-US\",\"potentialAction\":[{\"@type\":\"ReadAction\",\"target\":[\"https:\\\/\\\/www.ensembleintercontemporain.com\\\/fr\\\/2019\\\/07\\\/inside-in-between-reportage-video\\\/\"]}]},{\"@type\":\"ImageObject\",\"inLanguage\":\"en-US\",\"@id\":\"https:\\\/\\\/www.ensembleintercontemporain.com\\\/fr\\\/2019\\\/07\\\/inside-in-between-reportage-video\\\/#primaryimage\",\"url\":\"https:\\\/\\\/www.ensembleintercontemporain.com\\\/content\\\/uploads\\\/2019\\\/07\\\/miniature-in-between-1.jpg\",\"contentUrl\":\"https:\\\/\\\/www.ensembleintercontemporain.com\\\/content\\\/uploads\\\/2019\\\/07\\\/miniature-in-between-1.jpg\",\"width\":1920,\"height\":1092},{\"@type\":\"BreadcrumbList\",\"@id\":\"https:\\\/\\\/www.ensembleintercontemporain.com\\\/fr\\\/2019\\\/07\\\/inside-in-between-reportage-video\\\/#breadcrumb\",\"itemListElement\":[{\"@type\":\"ListItem\",\"position\":1,\"name\":\"Home\",\"item\":\"https:\\\/\\\/www.ensembleintercontemporain.com\\\/en\\\/\"},{\"@type\":\"ListItem\",\"position\":2,\"name\":\"Inside &#8220;In Between&#8221;\"}]},{\"@type\":\"WebSite\",\"@id\":\"https:\\\/\\\/www.ensembleintercontemporain.com\\\/en\\\/#website\",\"url\":\"https:\\\/\\\/www.ensembleintercontemporain.com\\\/en\\\/\",\"name\":\"Ensemble intercontemporain\",\"description\":\"\",\"potentialAction\":[{\"@type\":\"SearchAction\",\"target\":{\"@type\":\"EntryPoint\",\"urlTemplate\":\"https:\\\/\\\/www.ensembleintercontemporain.com\\\/en\\\/?s={search_term_string}\"},\"query-input\":{\"@type\":\"PropertyValueSpecification\",\"valueRequired\":true,\"valueName\":\"search_term_string\"}}],\"inLanguage\":\"en-US\"},{\"@type\":\"Person\",\"@id\":\"https:\\\/\\\/www.ensembleintercontemporain.com\\\/en\\\/#\\\/schema\\\/person\\\/87ff3817e061f0658fd20f8a9509eeef\",\"name\":\"Juliette Touin\",\"image\":{\"@type\":\"ImageObject\",\"inLanguage\":\"en-US\",\"@id\":\"https:\\\/\\\/secure.gravatar.com\\\/avatar\\\/70816c1b4def7c061461d23f43221b1c57aef45e1f75b9ad6aa8b118c20a1f07?s=96&d=mm&r=g\",\"url\":\"https:\\\/\\\/secure.gravatar.com\\\/avatar\\\/70816c1b4def7c061461d23f43221b1c57aef45e1f75b9ad6aa8b118c20a1f07?s=96&d=mm&r=g\",\"contentUrl\":\"https:\\\/\\\/secure.gravatar.com\\\/avatar\\\/70816c1b4def7c061461d23f43221b1c57aef45e1f75b9ad6aa8b118c20a1f07?s=96&d=mm&r=g\",\"caption\":\"Juliette Touin\"},\"url\":\"https:\\\/\\\/www.ensembleintercontemporain.com\\\/en\\\/author\\\/touin\\\/\"}]}<\/script>\n<!-- \/ Yoast SEO plugin. -->","yoast_head_json":{"title":"Inside \"In Between\" - Ensemble intercontemporain","robots":{"index":"index","follow":"follow","max-snippet":"max-snippet:-1","max-image-preview":"max-image-preview:large","max-video-preview":"max-video-preview:-1"},"canonical":"https:\/\/www.ensembleintercontemporain.com\/en\/2019\/07\/inside-in-between-reportage-video\/","og_locale":"en_US","og_type":"article","og_title":"Inside \"In Between\" - Ensemble intercontemporain","og_description":"Reportage sur le projet \u00ab In Between \u00bb, l\u2019un des \u00e9v\u00e9nements de la saison 2018-19, du premier jour de montage au concert du 12.04.2019 \u00e0 la Cit\u00e9 de la musique.","og_url":"https:\/\/www.ensembleintercontemporain.com\/fr\/2019\/07\/inside-in-between-reportage-video\/","og_site_name":"Ensemble intercontemporain","article_published_time":"2019-07-05T14:08:23+00:00","article_modified_time":"2019-07-05T14:09:03+00:00","og_image":[{"width":1920,"height":1092,"url":"https:\/\/www.ensembleintercontemporain.com\/content\/uploads\/2019\/07\/miniature-in-between-1.jpg","type":"image\/jpeg"}],"author":"Juliette Touin","twitter_card":"summary_large_image","twitter_misc":{"Written by":"Juliette Touin"},"schema":{"@context":"https:\/\/schema.org","@graph":[{"@type":"Article","@id":"https:\/\/www.ensembleintercontemporain.com\/fr\/2019\/07\/inside-in-between-reportage-video\/#article","isPartOf":{"@id":"https:\/\/www.ensembleintercontemporain.com\/fr\/2019\/07\/inside-in-between-reportage-video\/"},"author":{"name":"Juliette Touin","@id":"https:\/\/www.ensembleintercontemporain.com\/en\/#\/schema\/person\/87ff3817e061f0658fd20f8a9509eeef"},"headline":"Inside &#8220;In Between&#8221;","datePublished":"2019-07-05T14:08:23+00:00","dateModified":"2019-07-05T14:09:03+00:00","mainEntityOfPage":{"@id":"https:\/\/www.ensembleintercontemporain.com\/fr\/2019\/07\/inside-in-between-reportage-video\/"},"wordCount":54,"image":{"@id":"https:\/\/www.ensembleintercontemporain.com\/fr\/2019\/07\/inside-in-between-reportage-video\/#primaryimage"},"thumbnailUrl":"https:\/\/www.ensembleintercontemporain.com\/content\/uploads\/2019\/07\/miniature-in-between-1.jpg","keywords":["Alexander Fahima","arts plastiques","arts visuels","cr\u00e9ation musicale","in between","interdisciplinarit\u00e9","matthias pintscher","Nandor Angstenberger"],"articleSection":["Reportage"],"inLanguage":"en-US"},{"@type":"WebPage","@id":"https:\/\/www.ensembleintercontemporain.com\/fr\/2019\/07\/inside-in-between-reportage-video\/","url":"https:\/\/www.ensembleintercontemporain.com\/fr\/2019\/07\/inside-in-between-reportage-video\/","name":"Inside \"In Between\" - Ensemble intercontemporain","isPartOf":{"@id":"https:\/\/www.ensembleintercontemporain.com\/en\/#website"},"primaryImageOfPage":{"@id":"https:\/\/www.ensembleintercontemporain.com\/fr\/2019\/07\/inside-in-between-reportage-video\/#primaryimage"},"image":{"@id":"https:\/\/www.ensembleintercontemporain.com\/fr\/2019\/07\/inside-in-between-reportage-video\/#primaryimage"},"thumbnailUrl":"https:\/\/www.ensembleintercontemporain.com\/content\/uploads\/2019\/07\/miniature-in-between-1.jpg","datePublished":"2019-07-05T14:08:23+00:00","dateModified":"2019-07-05T14:09:03+00:00","author":{"@id":"https:\/\/www.ensembleintercontemporain.com\/en\/#\/schema\/person\/87ff3817e061f0658fd20f8a9509eeef"},"breadcrumb":{"@id":"https:\/\/www.ensembleintercontemporain.com\/fr\/2019\/07\/inside-in-between-reportage-video\/#breadcrumb"},"inLanguage":"en-US","potentialAction":[{"@type":"ReadAction","target":["https:\/\/www.ensembleintercontemporain.com\/fr\/2019\/07\/inside-in-between-reportage-video\/"]}]},{"@type":"ImageObject","inLanguage":"en-US","@id":"https:\/\/www.ensembleintercontemporain.com\/fr\/2019\/07\/inside-in-between-reportage-video\/#primaryimage","url":"https:\/\/www.ensembleintercontemporain.com\/content\/uploads\/2019\/07\/miniature-in-between-1.jpg","contentUrl":"https:\/\/www.ensembleintercontemporain.com\/content\/uploads\/2019\/07\/miniature-in-between-1.jpg","width":1920,"height":1092},{"@type":"BreadcrumbList","@id":"https:\/\/www.ensembleintercontemporain.com\/fr\/2019\/07\/inside-in-between-reportage-video\/#breadcrumb","itemListElement":[{"@type":"ListItem","position":1,"name":"Home","item":"https:\/\/www.ensembleintercontemporain.com\/en\/"},{"@type":"ListItem","position":2,"name":"Inside &#8220;In Between&#8221;"}]},{"@type":"WebSite","@id":"https:\/\/www.ensembleintercontemporain.com\/en\/#website","url":"https:\/\/www.ensembleintercontemporain.com\/en\/","name":"Ensemble intercontemporain","description":"","potentialAction":[{"@type":"SearchAction","target":{"@type":"EntryPoint","urlTemplate":"https:\/\/www.ensembleintercontemporain.com\/en\/?s={search_term_string}"},"query-input":{"@type":"PropertyValueSpecification","valueRequired":true,"valueName":"search_term_string"}}],"inLanguage":"en-US"},{"@type":"Person","@id":"https:\/\/www.ensembleintercontemporain.com\/en\/#\/schema\/person\/87ff3817e061f0658fd20f8a9509eeef","name":"Juliette Touin","image":{"@type":"ImageObject","inLanguage":"en-US","@id":"https:\/\/secure.gravatar.com\/avatar\/70816c1b4def7c061461d23f43221b1c57aef45e1f75b9ad6aa8b118c20a1f07?s=96&d=mm&r=g","url":"https:\/\/secure.gravatar.com\/avatar\/70816c1b4def7c061461d23f43221b1c57aef45e1f75b9ad6aa8b118c20a1f07?s=96&d=mm&r=g","contentUrl":"https:\/\/secure.gravatar.com\/avatar\/70816c1b4def7c061461d23f43221b1c57aef45e1f75b9ad6aa8b118c20a1f07?s=96&d=mm&r=g","caption":"Juliette Touin"},"url":"https:\/\/www.ensembleintercontemporain.com\/en\/author\/touin\/"}]}},"_links":{"self":[{"href":"https:\/\/www.ensembleintercontemporain.com\/en\/wp-json\/wp\/v2\/posts\/17392\/"}],"collection":[{"href":"https:\/\/www.ensembleintercontemporain.com\/en\/wp-json\/wp\/v2\/posts\/"}],"about":[{"href":"https:\/\/www.ensembleintercontemporain.com\/en\/wp-json\/wp\/v2\/types\/post\/"}],"author":[{"embeddable":true,"href":"https:\/\/www.ensembleintercontemporain.com\/en\/wp-json\/wp\/v2\/users\/155\/"}],"replies":[{"embeddable":true,"href":"https:\/\/www.ensembleintercontemporain.com\/en\/wp-json\/wp\/v2\/comments\/?post=17392"}],"version-history":[{"count":8,"href":"https:\/\/www.ensembleintercontemporain.com\/en\/wp-json\/wp\/v2\/posts\/17392\/revisions\/"}],"predecessor-version":[{"id":17406,"href":"https:\/\/www.ensembleintercontemporain.com\/en\/wp-json\/wp\/v2\/posts\/17392\/revisions\/17406\/"}],"wp:featuredmedia":[{"embeddable":true,"href":"https:\/\/www.ensembleintercontemporain.com\/en\/wp-json\/wp\/v2\/media\/17395\/"}],"wp:attachment":[{"href":"https:\/\/www.ensembleintercontemporain.com\/en\/wp-json\/wp\/v2\/media\/?parent=17392"}],"wp:term":[{"taxonomy":"category","embeddable":true,"href":"https:\/\/www.ensembleintercontemporain.com\/en\/wp-json\/wp\/v2\/categories\/?post=17392"},{"taxonomy":"post_tag","embeddable":true,"href":"https:\/\/www.ensembleintercontemporain.com\/en\/wp-json\/wp\/v2\/tags\/?post=17392"}],"curies":[{"name":"wp","href":"https:\/\/api.w.org\/{rel}","templated":true}]}}